{"id":39302,"date":"2024-01-30T19:01:00","date_gmt":"2024-01-30T22:01:00","guid":{"rendered":"https:\/\/radiorevelacionfm.cl\/?p=39302"},"modified":"2024-01-30T19:01:00","modified_gmt":"2024-01-30T22:01:00","slug":"servicio-de-salud-se-compromete-a-solucionar-condiciones-de-habitabilidad-para-funcionarios-samu-de-aysen-y-chacabuco-en-el-corto-plazo","status":"publish","type":"post","link":"https:\/\/radiorevelacionfm.cl\/?p=39302","title":{"rendered":"Servicio de Salud se compromete a solucionar condiciones de habitabilidad para funcionarios SAMU de Ays\u00e9n y Chacabuco en el corto plazo"},"content":{"rendered":"<div class=\"flex_column av_one_full  flex_column_div av-zero-column-padding first  avia-builder-el-0  el_before_av_one_full  avia-builder-el-first  \" style='border-radius:0px; '><div  class='avia-image-container  av-styling-    avia-builder-el-1  avia-builder-el-no-sibling  avia-align-center '  itemprop=\"image\" itemscope=\"itemscope\" itemtype=\"https:\/\/schema.org\/ImageObject\"  ><div class='avia-image-container-inner'><div class='avia-image-overlay-wrap'><img decoding=\"async\" class='wp-image-39303 avia-img-lazy-loading-not-39303 avia_image' src=\"https:\/\/radiorevelacionfm.cl\/wp-content\/uploads\/2024\/01\/SAMU-AYSEN-CHACABUCO-2-1-1.jpeg\" alt='' title='SAMU AYSEN CHACABUCO (2) (1) (1)' height=\"600\" width=\"800\"  itemprop=\"thumbnailUrl\" srcset=\"https:\/\/radiorevelacionfm.cl\/wp-content\/uploads\/2024\/01\/SAMU-AYSEN-CHACABUCO-2-1-1.jpeg 800w, https:\/\/radiorevelacionfm.cl\/wp-content\/uploads\/2024\/01\/SAMU-AYSEN-CHACABUCO-2-1-1-300x225.jpeg 300w, https:\/\/radiorevelacionfm.cl\/wp-content\/uploads\/2024\/01\/SAMU-AYSEN-CHACABUCO-2-1-1-768x576.jpeg 768w, https:\/\/radiorevelacionfm.cl\/wp-content\/uploads\/2024\/01\/SAMU-AYSEN-CHACABUCO-2-1-1-705x529.jpeg 705w, https:\/\/radiorevelacionfm.cl\/wp-content\/uploads\/2024\/01\/SAMU-AYSEN-CHACABUCO-2-1-1-450x338.jpeg 450w, https:\/\/radiorevelacionfm.cl\/wp-content\/uploads\/2024\/01\/SAMU-AYSEN-CHACABUCO-2-1-1-600x450.jpeg 600w\" sizes=\"(max-width: 800px) 100vw, 800px\" \/><\/div><\/div><\/div><\/div><div class=\"flex_column av_one_full  flex_column_div av-zero-column-padding first  avia-builder-el-2  el_after_av_one_full  el_before_av_one_full  column-top-margin\" style='border-radius:0px; '><section class=\"av_textblock_section \"  itemscope=\"itemscope\" itemtype=\"https:\/\/schema.org\/BlogPosting\" itemprop=\"blogPost\" ><div class='avia_textblock  '   itemprop=\"text\" ><p style=\"text-align: center;\"><span style=\"font-size: 18pt;\"><b>Servicio de Salud se compromete a solucionar condiciones de habitabilidad para funcionarios SAMU de Ays\u00e9n y Chacabuco en el corto plazo<\/b><\/span><\/p>\n<div id=\"gtx-trans\" style=\"position: absolute; left: -50px; top: 4.31534px;\">\n<div class=\"gtx-trans-icon\"><\/div>\n<\/div>\n<\/div><\/section><\/div><div class=\"flex_column av_one_full  flex_column_div av-zero-column-padding first  avia-builder-el-4  el_after_av_one_full  el_before_av_hr  column-top-margin\" style='border-radius:0px; '><section class=\"av_textblock_section \"  itemscope=\"itemscope\" itemtype=\"https:\/\/schema.org\/BlogPosting\" itemprop=\"blogPost\" ><div class='avia_textblock  '   itemprop=\"text\" ><p style=\"font-weight: 400; text-align: justify;\">Soluciones en el corto plazo comprometieron los directivos del Servicio de Salud Ays\u00e9n (SSA), junto al delegado provincial de Ays\u00e9n, Jorge D\u00edaz Guzm\u00e1n, en el marco de las reuniones que sostuvieron con los funcionarias y funcionarios de la Base Samu Ays\u00e9n y Chacabuco, quienes demandan mejoras en los espacios donde realizan su trabajo diario.<\/p>\n<p style=\"font-weight: 400; text-align: justify;\">En este sentido, para ambas Bases se dispondr\u00e1n de espacios que cuenten con las comodidades que los trabajadores requieren para realizar su labor de forma \u00f3ptima.<\/p>\n<p style=\"font-weight: 400; text-align: justify;\">\u201cFue una buena reuni\u00f3n, los compa\u00f1eros trabajadores quedaron relativamente conformes, obviamente se mantiene la alerta de movilizaci\u00f3n hasta que se concreten los avances de forma real y tangible. Por lo pronto estamos en eso, en buenas conversaciones y relaciones con los directivos y ojal\u00e1 que todo siga as\u00ed\u201d, puntualiz\u00f3 Marcelo Ru\u00edz Aburto, presidente de la Asociaci\u00f3n Regional del SAMU (ARFUSAM).<\/p>\n<p style=\"font-weight: 400; text-align: justify;\">El nuevo director del SSA, Juan Pablo Bravo, se comprometi\u00f3 a solucionar la situaci\u00f3n a la brevedad posible y para ello mantendr\u00e1 un trabajo coordinado con los dirigentes.<\/p>\n<p style=\"font-weight: 400; text-align: justify;\">\u201cPara ambas bases tenemos contemplado hacer readecuaciones a un inmueble que va a permitir que la gente que trabaja en el Hospital de Puerto Ays\u00e9n pueda ser trasladada a dependencias que ya se encuentran arrendadas y a las que se le est\u00e1n haciendo adecuaciones el\u00e9ctricas y de acceso de las ambulancias\u201d, se\u00f1al\u00f3 Mauricio Cort\u00e9s, subdirector administrativo del SSA.<\/p>\n<p style=\"font-weight: 400; text-align: justify;\">Respecto a la base SAMU Chacabuco el a\u00f1o pasado se hizo una licitaci\u00f3n de conservaci\u00f3n de un container, sin embargo, las ofertas no cumplieron con los requisitos de admisibilidad, por lo que se espera concretar una soluci\u00f3n durante las pr\u00f3ximas semanas.<\/p>\n<p style=\"font-weight: 400; text-align: justify;\">\u201cSabemos y empatizamos con las demandas que ellos tienen en t\u00e9rminos de sus condiciones de trabajo y el pr\u00f3ximo mi\u00e9rcoles contaremos con un cronograma que nos dar\u00e1 claridad respecto a los tiempos para poder mejorar las condiciones de trabajo que han sido tan sentidas y demandadas por las y los trabajadores\u201d, precis\u00f3 Gino Banchieri, encargado de Relaciones Laborales del SSA, quien agreg\u00f3 que el trabajo es coordinado en todo momento con los representantes gremiales.<\/p>\n<p style=\"font-weight: 400; text-align: justify;\">Jorge D\u00edaz Guzm\u00e1n, delegado presidencial de Ays\u00e9n, a\u00f1adi\u00f3 por su parte que \u201chemos sostenido reuniones con los funcionarios de SAMU tanto de Puerto Ays\u00e9n, como Chacabuco, para buscar soluciones respecto de la infraestructura y los espacios que se requieren para una buena atenci\u00f3n a la poblaci\u00f3n, pero tambi\u00e9n para que los funcionarios que est\u00e1n a cargo de estos servicios puedan tener sus espacios para guardar los insumos y equipamientos, como tambi\u00e9n para su bienestar laboral, es decir, espacios adecuados para preparar sus alimentos, el descanso en los turnos, espacios dignos para los trabajadores\u201d, concluy\u00f3.<\/p>\n<\/div><\/section><\/div><div  style='height:50px' class='hr hr-invisible   avia-builder-el-6  el_after_av_one_full  el_before_av_social_share '><span class='hr-inner ' ><span class='hr-inner-style'><\/span><\/span><\/div><\/p>\n<div  class='av-social-sharing-box  avia-builder-el-7  el_after_av_hr  el_before_av_hr  '><div class='av-share-box'><h5 class='av-share-link-description av-no-toc '>Compartir esta noticia<\/h5><ul class='av-share-box-list noLightbox'><li class='av-share-link av-social-link-facebook' ><a target=\"_blank\" aria-label=\"Compartir en Facebook\" href='https:\/\/www.facebook.com\/sharer.php?u=https:\/\/radiorevelacionfm.cl\/?p=39302&#038;t=Servicio%20de%20Salud%20se%20compromete%20a%20solucionar%20condiciones%20de%20habitabilidad%20para%20funcionarios%20SAMU%20de%20Ays%C3%A9n%20y%20Chacabuco%20en%20el%20corto%20plazo' aria-hidden='false' data-av_icon='\ue8f3' data-av_iconfont='entypo-fontello' title='' data-avia-related-tooltip='Compartir en Facebook' rel=\"noopener\"><span class='avia_hidden_link_text'>Compartir en Facebook<\/span><\/a><\/li><li class='av-share-link av-social-link-twitter' ><a target=\"_blank\" aria-label=\"Compartir en Twitter\" href='https:\/\/twitter.com\/share?text=Servicio%20de%20Salud%20se%20compromete%20a%20solucionar%20condiciones%20de%20habitabilidad%20para%20funcionarios%20SAMU%20de%20Ays%C3%A9n%20y%20Chacabuco%20en%20el%20corto%20plazo&#038;url=https:\/\/radiorevelacionfm.cl\/?p=39302' aria-hidden='false' data-av_icon='\ue8f1' data-av_iconfont='entypo-fontello' title='' data-avia-related-tooltip='Compartir en Twitter' rel=\"noopener\"><span class='avia_hidden_link_text'>Compartir en Twitter<\/span><\/a><\/li><li class='av-share-link av-social-link-whatsapp' ><a target=\"_blank\" aria-label=\"Compartir en Whatsapp\" href='https:\/\/api.whatsapp.com\/send?text=https:\/\/radiorevelacionfm.cl\/?p=39302' aria-hidden='false' data-av_icon='\uf232' data-av_iconfont='entypo-fontello' title='' data-avia-related-tooltip='Compartir en Whatsapp' rel=\"noopener\"><span class='avia_hidden_link_text'>Compartir en Whatsapp<\/span><\/a><\/li><li class='av-share-link av-social-link-linkedin' ><a target=\"_blank\" aria-label=\"Compartir en LinkedIn\" href='https:\/\/linkedin.com\/shareArticle?mini=true&#038;title=Servicio%20de%20Salud%20se%20compromete%20a%20solucionar%20condiciones%20de%20habitabilidad%20para%20funcionarios%20SAMU%20de%20Ays%C3%A9n%20y%20Chacabuco%20en%20el%20corto%20plazo&#038;url=https:\/\/radiorevelacionfm.cl\/?p=39302' aria-hidden='false' data-av_icon='\ue8fc' data-av_iconfont='entypo-fontello' title='' data-avia-related-tooltip='Compartir en LinkedIn' rel=\"noopener\"><span class='avia_hidden_link_text'>Compartir en LinkedIn<\/span><\/a><\/li><li class='av-share-link av-social-link-mail' ><a  aria-label=\"Compartir por correo\" href='mailto:?subject=Servicio%20de%20Salud%20se%20compromete%20a%20solucionar%20condiciones%20de%20habitabilidad%20para%20funcionarios%20SAMU%20de%20Ays%C3%A9n%20y%20Chacabuco%20en%20el%20corto%20plazo&#038;body=https:\/\/radiorevelacionfm.cl\/?p=39302' aria-hidden='false' data-av_icon='\ue805' data-av_iconfont='entypo-fontello' title='' data-avia-related-tooltip='Compartir por correo'><span class='avia_hidden_link_text'>Compartir por correo<\/span><\/a><\/li><\/ul><\/div><\/div>\n<div  style='height:50px' class='hr hr-invisible   avia-builder-el-8  el_after_av_social_share  el_before_av_comments_list '><span class='hr-inner ' ><span class='hr-inner-style'><\/span><\/span><\/div>\n<div  class='av-buildercomment  av-blog-meta-html-info-disabled av-blog-meta-tag-disabled  '><\/div>\n","protected":false},"excerpt":{"rendered":"","protected":false},"author":1,"featured_media":39303,"comment_status":"open","ping_status":"open","sticky":false,"template":"","format":"standard","meta":{"footnotes":""},"categories":[46],"tags":[],"class_list":["post-39302","post","type-post","status-publish","format-standard","has-post-thumbnail","hentry","category-salud"],"jetpack_featured_media_url":"https:\/\/radiorevelacionfm.cl\/wp-content\/uploads\/2024\/01\/SAMU-AYSEN-CHACABUCO-2-1-1.jpeg","_links":{"self":[{"href":"https:\/\/radiorevelacionfm.cl\/index.php?rest_route=\/wp\/v2\/posts\/39302","targetHints":{"allow":["GET"]}}],"collection":[{"href":"https:\/\/radiorevelacionfm.cl\/index.php?rest_route=\/wp\/v2\/posts"}],"about":[{"href":"https:\/\/radiorevelacionfm.cl\/index.php?rest_route=\/wp\/v2\/types\/post"}],"author":[{"embeddable":true,"href":"https:\/\/radiorevelacionfm.cl\/index.php?rest_route=\/wp\/v2\/users\/1"}],"replies":[{"embeddable":true,"href":"https:\/\/radiorevelacionfm.cl\/index.php?rest_route=%2Fwp%2Fv2%2Fcomments&post=39302"}],"version-history":[{"count":1,"href":"https:\/\/radiorevelacionfm.cl\/index.php?rest_route=\/wp\/v2\/posts\/39302\/revisions"}],"predecessor-version":[{"id":39304,"href":"https:\/\/radiorevelacionfm.cl\/index.php?rest_route=\/wp\/v2\/posts\/39302\/revisions\/39304"}],"wp:featuredmedia":[{"embeddable":true,"href":"https:\/\/radiorevelacionfm.cl\/index.php?rest_route=\/wp\/v2\/media\/39303"}],"wp:attachment":[{"href":"https:\/\/radiorevelacionfm.cl\/index.php?rest_route=%2Fwp%2Fv2%2Fmedia&parent=39302"}],"wp:term":[{"taxonomy":"category","embeddable":true,"href":"https:\/\/radiorevelacionfm.cl\/index.php?rest_route=%2Fwp%2Fv2%2Fcategories&post=39302"},{"taxonomy":"post_tag","embeddable":true,"href":"https:\/\/radiorevelacionfm.cl\/index.php?rest_route=%2Fwp%2Fv2%2Ftags&post=39302"}],"curies":[{"name":"wp","href":"https:\/\/api.w.org\/{rel}","templated":true}]}}