{"id":39299,"date":"2024-01-31T10:39:30","date_gmt":"2024-01-31T13:39:30","guid":{"rendered":"https:\/\/radiorevelacionfm.cl\/?p=39299"},"modified":"2024-01-31T10:39:30","modified_gmt":"2024-01-31T13:39:30","slug":"abierta-postulaciones-a-fondo-que-apoya-la-digitalizacion-de-los-almacenes-de-barrio","status":"publish","type":"post","link":"https:\/\/radiorevelacionfm.cl\/?p=39299","title":{"rendered":"Abierta postulaciones a fondo que apoya la digitalizaci\u00f3n de los almacenes de barrio"},"content":{"rendered":"<div class=\"flex_column av_one_full  flex_column_div av-zero-column-padding first  avia-builder-el-0  el_before_av_one_full  avia-builder-el-first  \" style='border-radius:0px; '><div  class='avia-image-container  av-styling-    avia-builder-el-1  avia-builder-el-no-sibling  avia-align-center '  itemprop=\"image\" itemscope=\"itemscope\" itemtype=\"https:\/\/schema.org\/ImageObject\"  ><div class='avia-image-container-inner'><div class='avia-image-overlay-wrap'><img decoding=\"async\" class='wp-image-39300 avia-img-lazy-loading-not-39300 avia_image' src=\"https:\/\/radiorevelacionfm.cl\/wp-content\/uploads\/2024\/01\/digitaliza-tu-almacen_optimized.jpg\" alt='' title='digitaliza-tu-almacen_optimized' height=\"644\" width=\"819\"  itemprop=\"thumbnailUrl\" srcset=\"https:\/\/radiorevelacionfm.cl\/wp-content\/uploads\/2024\/01\/digitaliza-tu-almacen_optimized.jpg 819w, https:\/\/radiorevelacionfm.cl\/wp-content\/uploads\/2024\/01\/digitaliza-tu-almacen_optimized-300x236.jpg 300w, https:\/\/radiorevelacionfm.cl\/wp-content\/uploads\/2024\/01\/digitaliza-tu-almacen_optimized-768x604.jpg 768w, https:\/\/radiorevelacionfm.cl\/wp-content\/uploads\/2024\/01\/digitaliza-tu-almacen_optimized-705x554.jpg 705w, https:\/\/radiorevelacionfm.cl\/wp-content\/uploads\/2024\/01\/digitaliza-tu-almacen_optimized-450x354.jpg 450w, https:\/\/radiorevelacionfm.cl\/wp-content\/uploads\/2024\/01\/digitaliza-tu-almacen_optimized-600x472.jpg 600w\" sizes=\"(max-width: 819px) 100vw, 819px\" \/><\/div><\/div><\/div><\/div><div class=\"flex_column av_one_full  flex_column_div av-zero-column-padding first  avia-builder-el-2  el_after_av_one_full  el_before_av_one_full  column-top-margin\" style='border-radius:0px; '><section class=\"av_textblock_section \"  itemscope=\"itemscope\" itemtype=\"https:\/\/schema.org\/BlogPosting\" itemprop=\"blogPost\" ><div class='avia_textblock  '   itemprop=\"text\" ><p style=\"text-align: center;\"><strong><span style=\"font-size: 18pt;\">Abierta postulaciones a fondo que apoya la digitalizaci\u00f3n de los almacenes de barrio<\/span><\/strong><\/p>\n<div id=\"gtx-trans\" style=\"position: absolute; left: -50px; top: 4.31534px;\">\n<div class=\"gtx-trans-icon\"><\/div>\n<\/div>\n<\/div><\/section><\/div><div class=\"flex_column av_one_full  flex_column_div av-zero-column-padding first  avia-builder-el-4  el_after_av_one_full  el_before_av_hr  column-top-margin\" style='border-radius:0px; '><section class=\"av_textblock_section \"  itemscope=\"itemscope\" itemtype=\"https:\/\/schema.org\/BlogPosting\" itemprop=\"blogPost\" ><div class='avia_textblock  '   itemprop=\"text\" ><p style=\"text-align: justify;\">Programa de Sercotec otorgar\u00e1 subsidios de $2.750.000 para que almaceneros y almaceneras incorporen herramientas digitales que fortalezcan la gesti\u00f3n de su negocio. Se puede postular hasta el 6 de febrero en <a href=\"http:\/\/www.sercotec.cl\">www.sercotec.cl<\/a><\/p>\n<p style=\"text-align: justify;\">En Santiago el pasado 23 de enero el \u00a0Ministerio de Econom\u00eda, Fomento y Turismo junto al Servicio de Cooperaci\u00f3n T\u00e9cnica anunciaron la apertura de las postulaciones al programa Digitaliza tu Almac\u00e9n, que apoya el fortalecimiento de los peque\u00f1os negocios de barrio mediante la incorporaci\u00f3n de herramientas digitales.<\/p>\n<p style=\"text-align: justify;\">Esta convocatoria cuenta con un presupuesto de $1.510 millones, con los que se espera beneficiar a 409 almaceneros y almaceneras a nivel nacional.<\/p>\n<p style=\"text-align: justify;\">El lanzamiento fue encabezado por el ministro de Econom\u00eda, Fomento y Turismo, Nicol\u00e1s Grau y la gerenta general de Sercotec, Cecilia Schr\u00f6der, quienes visitaron el almac\u00e9n Priz\u00ebm, beneficiario de la convocatoria 2023, donde pudieron conocer las inversiones realizadas para transitar desde el uso del cuaderno a las herramientas digitales.<\/p>\n<p style=\"text-align: justify;\">La Gerenta general de Sercotec, Cecilia Schr\u00f6der, enfatiz\u00f3 que \u201clos almacenes digitalizados pueden mejorar la gesti\u00f3n del negocio y la atenci\u00f3n a sus clientes. Pueden, por ejemplo, conocer y manejar su inventario, contar con pesas y otros art\u00edculos digitales u ofrecer m\u00e9todos de pago electr\u00f3nico. El paso del l\u00e1piz y papel al control digital del inventario del almac\u00e9n ha sido muy importante para miles de almaceneros y almaceneras de todo el pa\u00eds. Con ello logran de manera r\u00e1pida y clara identificar los aspectos claves del funcionamiento de su negocio. Todo esto les permite bajar costos y aumentar sus ventas\u201d.<\/p>\n<p style=\"text-align: justify;\">Por su parte la Directora Regional de Sercotec; Nelly Vargas Mansilla, puntualiz\u00f3 que: \u201cEste es un programa dise\u00f1ado para fortalecer \u00a0a los peque\u00f1os negocios de barrio mediante la incorporaci\u00f3n de herramientas digitales, las que permiten mejorar la gesti\u00f3n interna y los procesos de venta. Es un subsidio de $2.750.000 con un co-aporte de un 10%. Pueden postular almacenes con inicio de actividades en primera categor\u00eda ante SII, con antig\u00fcedad superior a 12 meses y donde las ventas sean menores o iguales a 5.000UF al a\u00f1o, invitamos a los almaceneros y almaceneras\u00a0 de la regi\u00f3n de Ays\u00e9n a postular a este fondo\u00a0 de apoyo\u201d<\/p>\n<p style=\"text-align: justify;\">Las bases est\u00e1n disponibles en <a href=\"http:\/\/www.sercotec.cl\">www.sercotec.cl<\/a> y en nuestra regi\u00f3n pueden realizar sus consultas al Punto Mipe mediante el n\u00famero +56920639826 o escribiendo a mipeaysen@sercotec.cl<\/p>\n<\/div><\/section><\/div><div  style='height:50px' class='hr hr-invisible   avia-builder-el-6  el_after_av_one_full  el_before_av_social_share '><span class='hr-inner ' ><span class='hr-inner-style'><\/span><\/span><\/div><\/p>\n<div  class='av-social-sharing-box  avia-builder-el-7  el_after_av_hr  el_before_av_hr  '><div class='av-share-box'><h5 class='av-share-link-description av-no-toc '>Compartir esta noticia<\/h5><ul class='av-share-box-list noLightbox'><li class='av-share-link av-social-link-facebook' ><a target=\"_blank\" aria-label=\"Compartir en Facebook\" href='https:\/\/www.facebook.com\/sharer.php?u=https:\/\/radiorevelacionfm.cl\/?p=39299&#038;t=Abierta%20postulaciones%20a%20fondo%20que%20apoya%20la%20digitalizaci%C3%B3n%20de%20los%20almacenes%20de%20barrio' aria-hidden='false' data-av_icon='\ue8f3' data-av_iconfont='entypo-fontello' title='' data-avia-related-tooltip='Compartir en Facebook' rel=\"noopener\"><span class='avia_hidden_link_text'>Compartir en Facebook<\/span><\/a><\/li><li class='av-share-link av-social-link-twitter' ><a target=\"_blank\" aria-label=\"Compartir en Twitter\" href='https:\/\/twitter.com\/share?text=Abierta%20postulaciones%20a%20fondo%20que%20apoya%20la%20digitalizaci%C3%B3n%20de%20los%20almacenes%20de%20barrio&#038;url=https:\/\/radiorevelacionfm.cl\/?p=39299' aria-hidden='false' data-av_icon='\ue8f1' data-av_iconfont='entypo-fontello' title='' data-avia-related-tooltip='Compartir en Twitter' rel=\"noopener\"><span class='avia_hidden_link_text'>Compartir en Twitter<\/span><\/a><\/li><li class='av-share-link av-social-link-whatsapp' ><a target=\"_blank\" aria-label=\"Compartir en Whatsapp\" href='https:\/\/api.whatsapp.com\/send?text=https:\/\/radiorevelacionfm.cl\/?p=39299' aria-hidden='false' data-av_icon='\uf232' data-av_iconfont='entypo-fontello' title='' data-avia-related-tooltip='Compartir en Whatsapp' rel=\"noopener\"><span class='avia_hidden_link_text'>Compartir en Whatsapp<\/span><\/a><\/li><li class='av-share-link av-social-link-linkedin' ><a target=\"_blank\" aria-label=\"Compartir en LinkedIn\" href='https:\/\/linkedin.com\/shareArticle?mini=true&#038;title=Abierta%20postulaciones%20a%20fondo%20que%20apoya%20la%20digitalizaci%C3%B3n%20de%20los%20almacenes%20de%20barrio&#038;url=https:\/\/radiorevelacionfm.cl\/?p=39299' aria-hidden='false' data-av_icon='\ue8fc' data-av_iconfont='entypo-fontello' title='' data-avia-related-tooltip='Compartir en LinkedIn' rel=\"noopener\"><span class='avia_hidden_link_text'>Compartir en LinkedIn<\/span><\/a><\/li><li class='av-share-link av-social-link-mail' ><a  aria-label=\"Compartir por correo\" href='mailto:?subject=Abierta%20postulaciones%20a%20fondo%20que%20apoya%20la%20digitalizaci%C3%B3n%20de%20los%20almacenes%20de%20barrio&#038;body=https:\/\/radiorevelacionfm.cl\/?p=39299' aria-hidden='false' data-av_icon='\ue805' data-av_iconfont='entypo-fontello' title='' data-avia-related-tooltip='Compartir por correo'><span class='avia_hidden_link_text'>Compartir por correo<\/span><\/a><\/li><\/ul><\/div><\/div>\n<div  style='height:50px' class='hr hr-invisible   avia-builder-el-8  el_after_av_social_share  el_before_av_comments_list '><span class='hr-inner ' ><span class='hr-inner-style'><\/span><\/span><\/div>\n<div  class='av-buildercomment  av-blog-meta-html-info-disabled av-blog-meta-tag-disabled  '><\/div>\n","protected":false},"excerpt":{"rendered":"","protected":false},"author":1,"featured_media":39300,"comment_status":"open","ping_status":"open","sticky":false,"template":"","format":"standard","meta":{"footnotes":""},"categories":[61],"tags":[],"class_list":["post-39299","post","type-post","status-publish","format-standard","has-post-thumbnail","hentry","category-nacional"],"jetpack_featured_media_url":"https:\/\/radiorevelacionfm.cl\/wp-content\/uploads\/2024\/01\/digitaliza-tu-almacen_optimized.jpg","_links":{"self":[{"href":"https:\/\/radiorevelacionfm.cl\/index.php?rest_route=\/wp\/v2\/posts\/39299","targetHints":{"allow":["GET"]}}],"collection":[{"href":"https:\/\/radiorevelacionfm.cl\/index.php?rest_route=\/wp\/v2\/posts"}],"about":[{"href":"https:\/\/radiorevelacionfm.cl\/index.php?rest_route=\/wp\/v2\/types\/post"}],"author":[{"embeddable":true,"href":"https:\/\/radiorevelacionfm.cl\/index.php?rest_route=\/wp\/v2\/users\/1"}],"replies":[{"embeddable":true,"href":"https:\/\/radiorevelacionfm.cl\/index.php?rest_route=%2Fwp%2Fv2%2Fcomments&post=39299"}],"version-history":[{"count":1,"href":"https:\/\/radiorevelacionfm.cl\/index.php?rest_route=\/wp\/v2\/posts\/39299\/revisions"}],"predecessor-version":[{"id":39301,"href":"https:\/\/radiorevelacionfm.cl\/index.php?rest_route=\/wp\/v2\/posts\/39299\/revisions\/39301"}],"wp:featuredmedia":[{"embeddable":true,"href":"https:\/\/radiorevelacionfm.cl\/index.php?rest_route=\/wp\/v2\/media\/39300"}],"wp:attachment":[{"href":"https:\/\/radiorevelacionfm.cl\/index.php?rest_route=%2Fwp%2Fv2%2Fmedia&parent=39299"}],"wp:term":[{"taxonomy":"category","embeddable":true,"href":"https:\/\/radiorevelacionfm.cl\/index.php?rest_route=%2Fwp%2Fv2%2Fcategories&post=39299"},{"taxonomy":"post_tag","embeddable":true,"href":"https:\/\/radiorevelacionfm.cl\/index.php?rest_route=%2Fwp%2Fv2%2Ftags&post=39299"}],"curies":[{"name":"wp","href":"https:\/\/api.w.org\/{rel}","templated":true}]}}