{"id":39293,"date":"2024-01-30T16:23:36","date_gmt":"2024-01-30T19:23:36","guid":{"rendered":"https:\/\/radiorevelacionfm.cl\/?p=39293"},"modified":"2024-01-30T16:23:36","modified_gmt":"2024-01-30T19:23:36","slug":"diligencias-permiten-establecer-punto-de-origen-de-incendio-forestal-en-coyhaique","status":"publish","type":"post","link":"https:\/\/radiorevelacionfm.cl\/?p=39293","title":{"rendered":"Diligencias permiten establecer punto de origen de incendio forestal en Coyhaique"},"content":{"rendered":"<div class=\"flex_column av_one_full  flex_column_div av-zero-column-padding first  avia-builder-el-0  el_before_av_one_full  avia-builder-el-first  \" style='border-radius:0px; '><div  class='avia-image-container  av-styling-    avia-builder-el-1  avia-builder-el-no-sibling  avia-align-center '  itemprop=\"image\" itemscope=\"itemscope\" itemtype=\"https:\/\/schema.org\/ImageObject\"  ><div class='avia-image-container-inner'><div class='avia-image-overlay-wrap'><img decoding=\"async\" class='wp-image-39294 avia-img-lazy-loading-not-39294 avia_image' src=\"https:\/\/radiorevelacionfm.cl\/wp-content\/uploads\/2024\/01\/incendio-forestal-coyh_enero-1-1_optimized-1.jpg\" alt='' title='incendio-forestal-coyh_enero-(1)-(1)_optimized (1)' height=\"600\" width=\"900\"  itemprop=\"thumbnailUrl\" srcset=\"https:\/\/radiorevelacionfm.cl\/wp-content\/uploads\/2024\/01\/incendio-forestal-coyh_enero-1-1_optimized-1.jpg 900w, https:\/\/radiorevelacionfm.cl\/wp-content\/uploads\/2024\/01\/incendio-forestal-coyh_enero-1-1_optimized-1-300x200.jpg 300w, https:\/\/radiorevelacionfm.cl\/wp-content\/uploads\/2024\/01\/incendio-forestal-coyh_enero-1-1_optimized-1-768x512.jpg 768w, https:\/\/radiorevelacionfm.cl\/wp-content\/uploads\/2024\/01\/incendio-forestal-coyh_enero-1-1_optimized-1-705x470.jpg 705w, https:\/\/radiorevelacionfm.cl\/wp-content\/uploads\/2024\/01\/incendio-forestal-coyh_enero-1-1_optimized-1-450x300.jpg 450w, https:\/\/radiorevelacionfm.cl\/wp-content\/uploads\/2024\/01\/incendio-forestal-coyh_enero-1-1_optimized-1-600x400.jpg 600w\" sizes=\"(max-width: 900px) 100vw, 900px\" \/><\/div><\/div><\/div><\/div><div class=\"flex_column av_one_full  flex_column_div av-zero-column-padding first  avia-builder-el-2  el_after_av_one_full  el_before_av_one_full  column-top-margin\" style='border-radius:0px; '><section class=\"av_textblock_section \"  itemscope=\"itemscope\" itemtype=\"https:\/\/schema.org\/BlogPosting\" itemprop=\"blogPost\" ><div class='avia_textblock  '   itemprop=\"text\" ><p style=\"text-align: center;\"><strong><span style=\"font-size: 18pt;\">Diligencias permiten establecer punto de origen de incendio forestal en Coyhaique<\/span><\/strong><\/p>\n<div id=\"gtx-trans\" style=\"position: absolute; left: -50px; top: 4.31534px;\">\n<div class=\"gtx-trans-icon\"><\/div>\n<\/div>\n<\/div><\/section><\/div><div class=\"flex_column av_one_full  flex_column_div av-zero-column-padding first  avia-builder-el-4  el_after_av_one_full  el_before_av_hr  column-top-margin\" style='border-radius:0px; '><section class=\"av_textblock_section \"  itemscope=\"itemscope\" itemtype=\"https:\/\/schema.org\/BlogPosting\" itemprop=\"blogPost\" ><div class='avia_textblock  '   itemprop=\"text\" ><p class=\"v1MsoNormal\" style=\"text-align: justify;\">\u201cSe logr\u00f3 determinar que el inicio del fuego corresponde a una quema de basura, espec\u00edficamente de neum\u00e1ticos, bater\u00edas y otras\u201d, explic\u00f3 el fiscal Luis Contreras.<\/p>\n<p class=\"v1MsoNormal\" style=\"text-align: justify;\">\u201cLas diligencias desarrolladas ese d\u00eda por la Fiscal\u00eda, junto con Carabineros y Conaf, lograron determinar las primeras personas que tomaron conocimiento de este siniestro y en particular, testigos que afirmaban haber concurrido a intentar apagar las primeras llamas\u201d, coment\u00f3 el fiscal Luis Contreras en relaci\u00f3n a la investigaci\u00f3n solicitada por el Ministerio P\u00fablico en este siniestro originado el jueves 25 de enero en los faldeos del cerro Mackay y el cual ha consumido al menos 80 hect\u00e1reas.<\/p>\n<p class=\"v1MsoNormal\" style=\"text-align: justify;\">El persecutor penal precis\u00f3 tambi\u00e9n que \u201cse logr\u00f3 determinar que el punto de inicio del fuego corresponde a una quema de basura, espec\u00edficamente de neum\u00e1ticos, bater\u00edas y otras basuras, que estaban al interior de una caja de madera. Ese es el punto de inicio del siniestro, no obstante, las personas entrevistadas hasta el momento no logran identificar a una persona espec\u00edfica que haya realizado esta quema\u201d.<\/p>\n<p class=\"v1MsoNormal\" style=\"text-align: justify;\">En este sentido, las diligencias contin\u00faan para tratar de establecer qui\u00e9n o qui\u00e9nes dieron origen a este incendio. Para ello se han solicitado diversas diligencias a Labocar, SIP y Servicio de Poblaci\u00f3n de la Primera Comisar\u00eda, junto a la Brigada de Incendios Forestales de Conaf.<\/p>\n<p class=\"v1MsoNormal\" style=\"text-align: justify;\">\u201cTodos conocemos las consecuencias de esta acci\u00f3n, por lo tanto, el llamado es que en este tiempo de alta temperatura no se realicen acciones de quema de basura, toda vez que se pueden descontrolar y provocar este tipo de situaciones\u201d, concluy\u00f3 el fiscal del Ministerio P\u00fablico en relaci\u00f3n a este incendio que a\u00fan se intenta controlar gracias al esfuerzo del personal de distintas instituciones.<\/p>\n<\/div><\/section><\/div><div  style='height:50px' class='hr hr-invisible   avia-builder-el-6  el_after_av_one_full  el_before_av_social_share '><span class='hr-inner ' ><span class='hr-inner-style'><\/span><\/span><\/div><\/p>\n<div  class='av-social-sharing-box  avia-builder-el-7  el_after_av_hr  el_before_av_hr  '><div class='av-share-box'><h5 class='av-share-link-description av-no-toc '>Compartir esta noticia<\/h5><ul class='av-share-box-list noLightbox'><li class='av-share-link av-social-link-facebook' ><a target=\"_blank\" aria-label=\"Compartir en Facebook\" href='https:\/\/www.facebook.com\/sharer.php?u=https:\/\/radiorevelacionfm.cl\/?p=39293&#038;t=Diligencias%20permiten%20establecer%20punto%20de%20origen%20de%20incendio%20forestal%20en%20Coyhaique' aria-hidden='false' data-av_icon='\ue8f3' data-av_iconfont='entypo-fontello' title='' data-avia-related-tooltip='Compartir en Facebook' rel=\"noopener\"><span class='avia_hidden_link_text'>Compartir en Facebook<\/span><\/a><\/li><li class='av-share-link av-social-link-twitter' ><a target=\"_blank\" aria-label=\"Compartir en Twitter\" href='https:\/\/twitter.com\/share?text=Diligencias%20permiten%20establecer%20punto%20de%20origen%20de%20incendio%20forestal%20en%20Coyhaique&#038;url=https:\/\/radiorevelacionfm.cl\/?p=39293' aria-hidden='false' data-av_icon='\ue8f1' data-av_iconfont='entypo-fontello' title='' data-avia-related-tooltip='Compartir en Twitter' rel=\"noopener\"><span class='avia_hidden_link_text'>Compartir en Twitter<\/span><\/a><\/li><li class='av-share-link av-social-link-whatsapp' ><a target=\"_blank\" aria-label=\"Compartir en Whatsapp\" href='https:\/\/api.whatsapp.com\/send?text=https:\/\/radiorevelacionfm.cl\/?p=39293' aria-hidden='false' data-av_icon='\uf232' data-av_iconfont='entypo-fontello' title='' data-avia-related-tooltip='Compartir en Whatsapp' rel=\"noopener\"><span class='avia_hidden_link_text'>Compartir en Whatsapp<\/span><\/a><\/li><li class='av-share-link av-social-link-linkedin' ><a target=\"_blank\" aria-label=\"Compartir en LinkedIn\" href='https:\/\/linkedin.com\/shareArticle?mini=true&#038;title=Diligencias%20permiten%20establecer%20punto%20de%20origen%20de%20incendio%20forestal%20en%20Coyhaique&#038;url=https:\/\/radiorevelacionfm.cl\/?p=39293' aria-hidden='false' data-av_icon='\ue8fc' data-av_iconfont='entypo-fontello' title='' data-avia-related-tooltip='Compartir en LinkedIn' rel=\"noopener\"><span class='avia_hidden_link_text'>Compartir en LinkedIn<\/span><\/a><\/li><li class='av-share-link av-social-link-mail' ><a  aria-label=\"Compartir por correo\" href='mailto:?subject=Diligencias%20permiten%20establecer%20punto%20de%20origen%20de%20incendio%20forestal%20en%20Coyhaique&#038;body=https:\/\/radiorevelacionfm.cl\/?p=39293' aria-hidden='false' data-av_icon='\ue805' data-av_iconfont='entypo-fontello' title='' data-avia-related-tooltip='Compartir por correo'><span class='avia_hidden_link_text'>Compartir por correo<\/span><\/a><\/li><\/ul><\/div><\/div>\n<div  style='height:50px' class='hr hr-invisible   avia-builder-el-8  el_after_av_social_share  el_before_av_comments_list '><span class='hr-inner ' ><span class='hr-inner-style'><\/span><\/span><\/div>\n<div  class='av-buildercomment  av-blog-meta-html-info-disabled av-blog-meta-tag-disabled  '><\/div>\n","protected":false},"excerpt":{"rendered":"","protected":false},"author":1,"featured_media":39294,"comment_status":"open","ping_status":"open","sticky":false,"template":"","format":"standard","meta":{"footnotes":""},"categories":[38],"tags":[],"class_list":["post-39293","post","type-post","status-publish","format-standard","has-post-thumbnail","hentry","category-regional"],"jetpack_featured_media_url":"https:\/\/radiorevelacionfm.cl\/wp-content\/uploads\/2024\/01\/incendio-forestal-coyh_enero-1-1_optimized-1.jpg","_links":{"self":[{"href":"https:\/\/radiorevelacionfm.cl\/index.php?rest_route=\/wp\/v2\/posts\/39293","targetHints":{"allow":["GET"]}}],"collection":[{"href":"https:\/\/radiorevelacionfm.cl\/index.php?rest_route=\/wp\/v2\/posts"}],"about":[{"href":"https:\/\/radiorevelacionfm.cl\/index.php?rest_route=\/wp\/v2\/types\/post"}],"author":[{"embeddable":true,"href":"https:\/\/radiorevelacionfm.cl\/index.php?rest_route=\/wp\/v2\/users\/1"}],"replies":[{"embeddable":true,"href":"https:\/\/radiorevelacionfm.cl\/index.php?rest_route=%2Fwp%2Fv2%2Fcomments&post=39293"}],"version-history":[{"count":1,"href":"https:\/\/radiorevelacionfm.cl\/index.php?rest_route=\/wp\/v2\/posts\/39293\/revisions"}],"predecessor-version":[{"id":39295,"href":"https:\/\/radiorevelacionfm.cl\/index.php?rest_route=\/wp\/v2\/posts\/39293\/revisions\/39295"}],"wp:featuredmedia":[{"embeddable":true,"href":"https:\/\/radiorevelacionfm.cl\/index.php?rest_route=\/wp\/v2\/media\/39294"}],"wp:attachment":[{"href":"https:\/\/radiorevelacionfm.cl\/index.php?rest_route=%2Fwp%2Fv2%2Fmedia&parent=39293"}],"wp:term":[{"taxonomy":"category","embeddable":true,"href":"https:\/\/radiorevelacionfm.cl\/index.php?rest_route=%2Fwp%2Fv2%2Fcategories&post=39293"},{"taxonomy":"post_tag","embeddable":true,"href":"https:\/\/radiorevelacionfm.cl\/index.php?rest_route=%2Fwp%2Fv2%2Ftags&post=39293"}],"curies":[{"name":"wp","href":"https:\/\/api.w.org\/{rel}","templated":true}]}}