{"id":39290,"date":"2024-02-03T12:53:19","date_gmt":"2024-02-03T15:53:19","guid":{"rendered":"https:\/\/radiorevelacionfm.cl\/?p=39290"},"modified":"2024-02-03T12:53:19","modified_gmt":"2024-02-03T15:53:19","slug":"de-talagante-a-aysen-el-traslado-de-condores-para-su-liberacion","status":"publish","type":"post","link":"https:\/\/radiorevelacionfm.cl\/?p=39290","title":{"rendered":"De Talagante a Ays\u00e9n: el traslado de C\u00f3ndores para su liberaci\u00f3n"},"content":{"rendered":"<div class=\"flex_column av_one_full  flex_column_div av-zero-column-padding first  avia-builder-el-0  el_before_av_one_full  avia-builder-el-first  \" style='border-radius:0px; '><div  class='avia-image-container  av-styling-    avia-builder-el-1  avia-builder-el-no-sibling  avia-align-center '  itemprop=\"image\" itemscope=\"itemscope\" itemtype=\"https:\/\/schema.org\/ImageObject\"  ><div class='avia-image-container-inner'><div class='avia-image-overlay-wrap'><img decoding=\"async\" class='wp-image-39291 avia-img-lazy-loading-not-39291 avia_image' src=\"https:\/\/radiorevelacionfm.cl\/wp-content\/uploads\/2024\/01\/condores-f1-1_optimized-1.jpg\" alt='' title='condores-f1-(1)_optimized (1)' height=\"600\" width=\"1209\"  itemprop=\"thumbnailUrl\" srcset=\"https:\/\/radiorevelacionfm.cl\/wp-content\/uploads\/2024\/01\/condores-f1-1_optimized-1.jpg 1209w, https:\/\/radiorevelacionfm.cl\/wp-content\/uploads\/2024\/01\/condores-f1-1_optimized-1-300x149.jpg 300w, https:\/\/radiorevelacionfm.cl\/wp-content\/uploads\/2024\/01\/condores-f1-1_optimized-1-1030x511.jpg 1030w, https:\/\/radiorevelacionfm.cl\/wp-content\/uploads\/2024\/01\/condores-f1-1_optimized-1-768x381.jpg 768w, https:\/\/radiorevelacionfm.cl\/wp-content\/uploads\/2024\/01\/condores-f1-1_optimized-1-705x350.jpg 705w, https:\/\/radiorevelacionfm.cl\/wp-content\/uploads\/2024\/01\/condores-f1-1_optimized-1-450x223.jpg 450w, https:\/\/radiorevelacionfm.cl\/wp-content\/uploads\/2024\/01\/condores-f1-1_optimized-1-600x298.jpg 600w\" sizes=\"(max-width: 1209px) 100vw, 1209px\" \/><\/div><\/div><\/div><\/div><div class=\"flex_column av_one_full  flex_column_div av-zero-column-padding first  avia-builder-el-2  el_after_av_one_full  el_before_av_one_full  column-top-margin\" style='border-radius:0px; '><section class=\"av_textblock_section \"  itemscope=\"itemscope\" itemtype=\"https:\/\/schema.org\/BlogPosting\" itemprop=\"blogPost\" ><div class='avia_textblock  '   itemprop=\"text\" ><p style=\"text-align: center;\"><strong><span style=\"font-size: 18pt;\">De Talagante a Ays\u00e9n: el traslado de C\u00f3ndores para su liberaci\u00f3n<\/span><\/strong><\/p>\n<div id=\"gtx-trans\" style=\"position: absolute; left: -50px; top: 4.31534px;\">\n<div class=\"gtx-trans-icon\"><\/div>\n<\/div>\n<\/div><\/section><\/div><div class=\"flex_column av_one_full  flex_column_div av-zero-column-padding first  avia-builder-el-4  el_after_av_one_full  el_before_av_hr  column-top-margin\" style='border-radius:0px; '><section class=\"av_textblock_section \"  itemscope=\"itemscope\" itemtype=\"https:\/\/schema.org\/BlogPosting\" itemprop=\"blogPost\" ><div class='avia_textblock  '   itemprop=\"text\" ><p style=\"text-align: justify;\"><strong>Envenenamiento por cebos<\/strong>,\u00a0<strong>choques con tendidos el\u00e9ctricos<\/strong>,\u00a0<strong>destrucci\u00f3n de su h\u00e1bitat<\/strong>, son s\u00f3lo algunas de las causas por las que llegan los c\u00f3ndores al Centro de Rescate y Rehabilitaci\u00f3n de Aves Rapaces (CRAR). Ese es el caso de los cuatro c\u00f3ndores que viajaron desde Talagante al\u00a0<a href=\"https:\/\/www.rewildingchile.org\/proyectos\/parque-nacional-patagonia\/\" target=\"_blank\" rel=\"noopener\">Parque Nacional Patagonia<\/a>\u00a0para insertarse en su medio natural, tras una dura rehabilitaci\u00f3n.<\/p>\n<p style=\"text-align: justify;\">El c\u00f3ndor macho joven de 3 a\u00f1os, fue encontrado en la zona del Caj\u00f3n del Maipo con una intoxicaci\u00f3n severa por cebos. Bagual, por su parte, es un macho de dos a\u00f1os que lleg\u00f3 desde Villa O\u00b4Higgins en la regi\u00f3n de Ays\u00e9n, siendo s\u00f3lo un polluelo. Los otros dos, Cuy\u00e9n y Eclipse, una hembra y un macho, nacieron en el centro de reproducci\u00f3n del CRAR, de padres que llegaron al centro de rehabilitaci\u00f3n. Hoy est\u00e1n listos para vivir libremente, en la Patagonia chilena.<\/p>\n<p style=\"text-align: justify;\">Gracias al trabajo colaborativo de diferentes personas y organizaciones, los cuatro ejemplares est\u00e1n en el Parque Nacional Patagonia donde pasar\u00e1n dos meses de aclimataci\u00f3n, antes de ser finalmente liberados a mediados de febrero. Transmisores satelitales permitir\u00e1n monitorear su desplazamiento, patrones de conducta y sobrevivencia, generando informaci\u00f3n clave para la protecci\u00f3n de esta especie emblem\u00e1tica de Chile.<\/p>\n<p style=\"text-align: justify;\">El\u00a0<strong>Parque Nacional Patagonia es un excelente sitio para liberar c\u00f3ndores<\/strong>, dado que hay diferentes grupos de esta especie que ocupan el parque como corredor, como ruta constante de vuelo. Esto hace que la posibilidad de integraci\u00f3n de los nuevos c\u00f3ndores sea m\u00e1s alta.<\/p>\n<\/div><\/section><\/div><div  style='height:50px' class='hr hr-invisible   avia-builder-el-6  el_after_av_one_full  el_before_av_social_share '><span class='hr-inner ' ><span class='hr-inner-style'><\/span><\/span><\/div><\/p>\n<div  class='av-social-sharing-box  avia-builder-el-7  el_after_av_hr  el_before_av_hr  '><div class='av-share-box'><h5 class='av-share-link-description av-no-toc '>Compartir esta noticia<\/h5><ul class='av-share-box-list noLightbox'><li class='av-share-link av-social-link-facebook' ><a target=\"_blank\" aria-label=\"Compartir en Facebook\" href='https:\/\/www.facebook.com\/sharer.php?u=https:\/\/radiorevelacionfm.cl\/?p=39290&#038;t=De%20Talagante%20a%20Ays%C3%A9n%3A%20el%20traslado%20de%20C%C3%B3ndores%20para%20su%20liberaci%C3%B3n' aria-hidden='false' data-av_icon='\ue8f3' data-av_iconfont='entypo-fontello' title='' data-avia-related-tooltip='Compartir en Facebook' rel=\"noopener\"><span class='avia_hidden_link_text'>Compartir en Facebook<\/span><\/a><\/li><li class='av-share-link av-social-link-twitter' ><a target=\"_blank\" aria-label=\"Compartir en Twitter\" href='https:\/\/twitter.com\/share?text=De%20Talagante%20a%20Ays%C3%A9n%3A%20el%20traslado%20de%20C%C3%B3ndores%20para%20su%20liberaci%C3%B3n&#038;url=https:\/\/radiorevelacionfm.cl\/?p=39290' aria-hidden='false' data-av_icon='\ue8f1' data-av_iconfont='entypo-fontello' title='' data-avia-related-tooltip='Compartir en Twitter' rel=\"noopener\"><span class='avia_hidden_link_text'>Compartir en Twitter<\/span><\/a><\/li><li class='av-share-link av-social-link-whatsapp' ><a target=\"_blank\" aria-label=\"Compartir en Whatsapp\" href='https:\/\/api.whatsapp.com\/send?text=https:\/\/radiorevelacionfm.cl\/?p=39290' aria-hidden='false' data-av_icon='\uf232' data-av_iconfont='entypo-fontello' title='' data-avia-related-tooltip='Compartir en Whatsapp' rel=\"noopener\"><span class='avia_hidden_link_text'>Compartir en Whatsapp<\/span><\/a><\/li><li class='av-share-link av-social-link-linkedin' ><a target=\"_blank\" aria-label=\"Compartir en LinkedIn\" href='https:\/\/linkedin.com\/shareArticle?mini=true&#038;title=De%20Talagante%20a%20Ays%C3%A9n%3A%20el%20traslado%20de%20C%C3%B3ndores%20para%20su%20liberaci%C3%B3n&#038;url=https:\/\/radiorevelacionfm.cl\/?p=39290' aria-hidden='false' data-av_icon='\ue8fc' data-av_iconfont='entypo-fontello' title='' data-avia-related-tooltip='Compartir en LinkedIn' rel=\"noopener\"><span class='avia_hidden_link_text'>Compartir en LinkedIn<\/span><\/a><\/li><li class='av-share-link av-social-link-mail' ><a  aria-label=\"Compartir por correo\" href='mailto:?subject=De%20Talagante%20a%20Ays%C3%A9n%3A%20el%20traslado%20de%20C%C3%B3ndores%20para%20su%20liberaci%C3%B3n&#038;body=https:\/\/radiorevelacionfm.cl\/?p=39290' aria-hidden='false' data-av_icon='\ue805' data-av_iconfont='entypo-fontello' title='' data-avia-related-tooltip='Compartir por correo'><span class='avia_hidden_link_text'>Compartir por correo<\/span><\/a><\/li><\/ul><\/div><\/div>\n<div  style='height:50px' class='hr hr-invisible   avia-builder-el-8  el_after_av_social_share  el_before_av_comments_list '><span class='hr-inner ' ><span class='hr-inner-style'><\/span><\/span><\/div>\n<div  class='av-buildercomment  av-blog-meta-html-info-disabled av-blog-meta-tag-disabled  '><\/div>\n","protected":false},"excerpt":{"rendered":"","protected":false},"author":1,"featured_media":39291,"comment_status":"open","ping_status":"open","sticky":false,"template":"","format":"standard","meta":{"footnotes":""},"categories":[38],"tags":[],"class_list":["post-39290","post","type-post","status-publish","format-standard","has-post-thumbnail","hentry","category-regional"],"jetpack_featured_media_url":"https:\/\/radiorevelacionfm.cl\/wp-content\/uploads\/2024\/01\/condores-f1-1_optimized-1.jpg","_links":{"self":[{"href":"https:\/\/radiorevelacionfm.cl\/index.php?rest_route=\/wp\/v2\/posts\/39290","targetHints":{"allow":["GET"]}}],"collection":[{"href":"https:\/\/radiorevelacionfm.cl\/index.php?rest_route=\/wp\/v2\/posts"}],"about":[{"href":"https:\/\/radiorevelacionfm.cl\/index.php?rest_route=\/wp\/v2\/types\/post"}],"author":[{"embeddable":true,"href":"https:\/\/radiorevelacionfm.cl\/index.php?rest_route=\/wp\/v2\/users\/1"}],"replies":[{"embeddable":true,"href":"https:\/\/radiorevelacionfm.cl\/index.php?rest_route=%2Fwp%2Fv2%2Fcomments&post=39290"}],"version-history":[{"count":1,"href":"https:\/\/radiorevelacionfm.cl\/index.php?rest_route=\/wp\/v2\/posts\/39290\/revisions"}],"predecessor-version":[{"id":39292,"href":"https:\/\/radiorevelacionfm.cl\/index.php?rest_route=\/wp\/v2\/posts\/39290\/revisions\/39292"}],"wp:featuredmedia":[{"embeddable":true,"href":"https:\/\/radiorevelacionfm.cl\/index.php?rest_route=\/wp\/v2\/media\/39291"}],"wp:attachment":[{"href":"https:\/\/radiorevelacionfm.cl\/index.php?rest_route=%2Fwp%2Fv2%2Fmedia&parent=39290"}],"wp:term":[{"taxonomy":"category","embeddable":true,"href":"https:\/\/radiorevelacionfm.cl\/index.php?rest_route=%2Fwp%2Fv2%2Fcategories&post=39290"},{"taxonomy":"post_tag","embeddable":true,"href":"https:\/\/radiorevelacionfm.cl\/index.php?rest_route=%2Fwp%2Fv2%2Ftags&post=39290"}],"curies":[{"name":"wp","href":"https:\/\/api.w.org\/{rel}","templated":true}]}}