{"id":39287,"date":"2024-01-29T21:40:44","date_gmt":"2024-01-30T00:40:44","guid":{"rendered":"https:\/\/radiorevelacionfm.cl\/?p=39287"},"modified":"2024-01-29T21:40:44","modified_gmt":"2024-01-30T00:40:44","slug":"senadora-ordenes-critico-compromisos-no-cumplidos-con-funcionarios-samu-base-aysen-y-chacabuco-aca-hay-falta-de-gestion-y-hay-que-darle-celeridad","status":"publish","type":"post","link":"https:\/\/radiorevelacionfm.cl\/?p=39287","title":{"rendered":"Senadora \u00d3rdenes critic\u00f3 compromisos no cumplidos con funcionarios SAMU Base Ays\u00e9n y Chacabuco: \u201cAc\u00e1 hay falta de gesti\u00f3n y hay que darle celeridad\u201d"},"content":{"rendered":"<div class=\"flex_column av_one_full  flex_column_div av-zero-column-padding first  avia-builder-el-0  el_before_av_one_full  avia-builder-el-first  \" style='border-radius:0px; '><div  class='avia-image-container  av-styling-    avia-builder-el-1  avia-builder-el-no-sibling  avia-align-center '  itemprop=\"image\" itemscope=\"itemscope\" itemtype=\"https:\/\/schema.org\/ImageObject\"  ><div class='avia-image-container-inner'><div class='avia-image-overlay-wrap'><img decoding=\"async\" class='wp-image-39288 avia-img-lazy-loading-not-39288 avia_image' src=\"https:\/\/radiorevelacionfm.cl\/wp-content\/uploads\/2024\/01\/SAMU-17_optimized.46.42-1.jpeg\" alt='' title='SAMU 17_optimized.46.42-(1)' height=\"600\" width=\"977\"  itemprop=\"thumbnailUrl\" srcset=\"https:\/\/radiorevelacionfm.cl\/wp-content\/uploads\/2024\/01\/SAMU-17_optimized.46.42-1.jpeg 977w, https:\/\/radiorevelacionfm.cl\/wp-content\/uploads\/2024\/01\/SAMU-17_optimized.46.42-1-300x184.jpeg 300w, https:\/\/radiorevelacionfm.cl\/wp-content\/uploads\/2024\/01\/SAMU-17_optimized.46.42-1-768x472.jpeg 768w, https:\/\/radiorevelacionfm.cl\/wp-content\/uploads\/2024\/01\/SAMU-17_optimized.46.42-1-705x433.jpeg 705w, https:\/\/radiorevelacionfm.cl\/wp-content\/uploads\/2024\/01\/SAMU-17_optimized.46.42-1-450x276.jpeg 450w, https:\/\/radiorevelacionfm.cl\/wp-content\/uploads\/2024\/01\/SAMU-17_optimized.46.42-1-600x368.jpeg 600w\" sizes=\"(max-width: 977px) 100vw, 977px\" \/><\/div><\/div><\/div><\/div><div class=\"flex_column av_one_full  flex_column_div av-zero-column-padding first  avia-builder-el-2  el_after_av_one_full  el_before_av_one_full  column-top-margin\" style='border-radius:0px; '><section class=\"av_textblock_section \"  itemscope=\"itemscope\" itemtype=\"https:\/\/schema.org\/BlogPosting\" itemprop=\"blogPost\" ><div class='avia_textblock  '   itemprop=\"text\" ><p style=\"text-align: center;\"><strong><span style=\"font-size: 18pt;\">Senadora \u00d3rdenes critic\u00f3 compromisos no cumplidos con funcionarios SAMU Base Ays\u00e9n y Chacabuco: \u201cAc\u00e1 hay falta de gesti\u00f3n y hay que darle celeridad\u201d<\/span><\/strong><\/p>\n<div id=\"gtx-trans\" style=\"position: absolute; left: -50px; top: 4.31534px;\">\n<div class=\"gtx-trans-icon\"><\/div>\n<\/div>\n<\/div><\/section><\/div><div class=\"flex_column av_one_full  flex_column_div av-zero-column-padding first  avia-builder-el-4  el_after_av_one_full  el_before_av_hr  column-top-margin\" style='border-radius:0px; '><section class=\"av_textblock_section \"  itemscope=\"itemscope\" itemtype=\"https:\/\/schema.org\/BlogPosting\" itemprop=\"blogPost\" ><div class='avia_textblock  '   itemprop=\"text\" ><p style=\"text-align: justify;\"><em>Trabajadores de las bases SAMU de Puerto Chacabuco y Puerto Ays\u00e9n denunciaron las cr\u00edticas condiciones que deben enfrentar en sus labores dentro de la atenci\u00f3n primaria, donde, pese a tener la responsabilidad de dar una respuesta segura ante emergencias durante las veinticuatro horas del d\u00eda, tanto para ambas localidades, como para otras de comunas cercanas, aseguran que no se les han ofrecido las condiciones adecuadas para funcionar como servicio.<\/em><\/p>\n<p style=\"text-align: justify;\">\u201cEl SAMU es la primera respuesta frente a las emergencias, trabajan 24 horas y en Puerto Ays\u00e9n y Chacabuco, no cuentan con las condiciones ni la infraestructura adecuada para realizar un trabajo tan esencial\u201d, critic\u00f3 la senadora por la regi\u00f3n de Ays\u00e9n, Ximena \u00d3rdenes, quien ya se puso en contacto con la Ministra de Salud para dar cuenta de esta grave situaci\u00f3n. \u201cHago un llamado a las autoridades para cumplir los compromisos, para mejorar las condiciones y tener el mejor servicio posible, porque esto se sostiene solo con el compromiso de sus trabajadores y se requiere una nueva infraestructura en Chacabuco y en Ays\u00e9n\u201d, indic\u00f3 la parlamentaria, asegurando que, pese a que Puerto Ays\u00e9n cuenta con un arriendo, este no se ha habilitado para el trabajo, por lo que habr\u00eda una evidente \u201cfalta de gesti\u00f3n\u201d y se\u00f1al\u00f3 que es necesario \u201cdar celeridad\u201d.<\/p>\n<p style=\"text-align: justify;\">En una rueda de prensa, el viernes 26 de enero, posterior a la reuni\u00f3n mensual de los funcionarios confederados con su dirigente nacional y coordinador de la Zona Austral de la Confederaci\u00f3n Nacional de Profesionales Universitarios de los Servicios de Salud de Chile -Fenprus-, Dami\u00e1n Hurtado, los funcionarios manifestaron compromisos que se arrastran desde por lo menos el 2022, los cuales no se han cumplido, entre ellos, los graves problemas de infraestructura de las bases del SAMU Chacabuco y Puerto Ays\u00e9n.<\/p>\n<p style=\"text-align: justify;\">El presidente de la Asociaci\u00f3n Regional de Funcionarios del SAMU -ARFUSA Regi\u00f3n Ays\u00e9n-, Marcelo Ruiz, acompa\u00f1ando a los funcionarios de base del SAMU Puerto Ays\u00e9n y Chacabuco, solicit\u00f3 una respuesta del Servicio de Salud Ays\u00e9n. \u201cHemos trabajando con un compromiso de la direcci\u00f3n del Servicio de Salud, de sacar a nuestros compa\u00f1eros de este lugar, donde no se cumplen las normas de seguridad, ni sanitarias\u201d, sostuvo.<\/p>\n<p style=\"text-align: justify;\">\u201cComo Asociaci\u00f3n de Funcionarios SAMU, estuvimos en el Ministerio y qued\u00f3 demostrado que ha sido falta de voluntad de los directivos del Servicio de Salud Ays\u00e9n, de no solucionar este problema que aqueja a nuestros compa\u00f1eros. Hemos esperado mucho tiempo, hemos aguantado las promesas, pensando que iban a dar respuesta a estos requerimientos, que son b\u00e1sicos. Ellos -los funcionarios- entregan un servicio, se han sacrificado trabajando d\u00eda y noche en malas condiciones, sin calefacci\u00f3n, con problemas con los m\u00f3viles, con muchos traslados y no tienen un lugar digno para descansar, no tienen servicios higi\u00e9nicos como corresponde y tienen problemas hasta para tener acceso a agua potable. Esto no puede ser\u201d, manifest\u00f3 el representante regional.<\/p>\n<p style=\"text-align: justify;\">Ruiz aclar\u00f3 que el SAMU nunca va a dejar de atender a la poblaci\u00f3n, pero hizo un llamado a empatizar con la situaci\u00f3n que viven hoy las y los funcionarios. \u201cNecesitamos manifestarnos y que la comunidad sepa que estos funcionarios, que se sacrifican por la comunidad, est\u00e1n trabajando en p\u00e9simas condiciones. No puede ser que esto continue. Vamos a esperar una respuesta de los directivos y si no estamos conformes, vamos a tomar medidas m\u00e1s dr\u00e1sticas\u201d, declar\u00f3 el representante regional.<\/p>\n<p style=\"text-align: justify;\">Dentro de la rueda de prensa tambi\u00e9n se dio cuenta de que tanto la actual base del SAMU Puerto Ays\u00e9n, como la de SAMU Chacabuco, presentan graven incumplimientos t\u00e9cnicos que fueron declarados en mayo del 2023 luego de una inspecci\u00f3n por para de la Seremi de Salud, las cuales no han sido subsanadas desde el 2019 -fecha de inicio de la base-. Todo esto fue manifestado p\u00fablicamente por el grupo de Funcionarios en la siguiente declaraci\u00f3n:<\/p>\n<p style=\"text-align: justify;\"><strong><em><u>Declaraci\u00f3n Publica<\/u><\/em><\/strong><\/p>\n<p style=\"text-align: justify;\"><em>Puerto Ays\u00e9n, 26 enero de 2024.<\/em><\/p>\n<p style=\"text-align: justify;\"><em>Los funcionarios de Base SAMU Ays\u00e9n y Puerto Chacabuco, venimos a informar a la comunidad que nos encontramos organizados y movilizados en fase de alerta, ante los incumplimientos de los plazos comprometidos por parte de la Jefatura SAMU Y direcci\u00f3n del SSA respecto al cambio de habitabilidad de ambas Bases. <\/em><\/p>\n<p style=\"text-align: justify;\"><em>1.- Recordar que esto inicio con diversos compromisos que no se llevaron a cabo y nos oblig\u00f3 a movilizarnos en <strong>Mayo del 2022<\/strong>, donde nuevamente y de forma reiterada se inician nuevas gestiones, carta Gantt y compromisos que\u00a0 a la fecha actual no han dado fruto; si bien es cierto; que el arriendo para la Base Ays\u00e9n se encuentra en marcha, y con promesa de cambio en Septiembre 2022, al d\u00eda de hoy, a\u00fan siguen entrampados en arreglos y observaciones tard\u00edas que no son tan complejos pero contin\u00faan delegando la responsabilidad entre el SSA Y HPA, quien adem\u00e1s este \u00faltimo, no tiene ninguna responsabilidad sobre esta Unidad que depende directamente de la Direcci\u00f3n del SSA.\u00a0 <\/em><\/p>\n<p style=\"text-align: justify;\"><em>2.- Queremos tambi\u00e9n mencionar que se encuentran informes de inspecci\u00f3n por parte de la Seremi de salud, con fecha mayo 2023(folio 2311E005102), donde inspecciona las condiciones Generales de seguridad y salud en el trabajo, levantado varias observaciones graves de riesgo en las que nos encontramos y que no hab\u00edan sido subsanadas desde 2019 (inicio base) a pesar de la infracci\u00f3n sanitaria constatados, se\u00a0 adjunta este documento a sumario en curso, el cual seguimos desconociendo en que va. <\/em><\/p>\n<p style=\"text-align: justify;\"><em>3.- La misma situaci\u00f3n seria para los funcionarios de la Base de Puerto Chacabuco, situaci\u00f3n que ser\u00eda peor, y sin respuestas o soluciones hasta el momento, solo verbalizando posibles soluciones que no llegan a nada. <\/em><\/p>\n<p style=\"text-align: justify;\"><em>4.- Informamos que continuaremos movilizados, a la espera de compromisos serios y responsables, y no descartamos continuar escalando en nuestra movilizaci\u00f3n.<\/em><\/p>\n<p style=\"text-align: justify;\"><em>5.- Continu\u00e1remos en conversaciones con SSA a la espera de respuestas, las cuales seguir\u00e1n siendo informadas a la comunidad.<\/em><\/p>\n<p style=\"text-align: justify;\"><em>\u00a0<\/em><\/p>\n<\/div><\/section><\/div><div  style='height:50px' class='hr hr-invisible   avia-builder-el-6  el_after_av_one_full  el_before_av_social_share '><span class='hr-inner ' ><span class='hr-inner-style'><\/span><\/span><\/div><\/p>\n<div  class='av-social-sharing-box  avia-builder-el-7  el_after_av_hr  el_before_av_hr  '><div class='av-share-box'><h5 class='av-share-link-description av-no-toc '>Compartir esta noticia<\/h5><ul class='av-share-box-list noLightbox'><li class='av-share-link av-social-link-facebook' ><a target=\"_blank\" aria-label=\"Compartir en Facebook\" href='https:\/\/www.facebook.com\/sharer.php?u=https:\/\/radiorevelacionfm.cl\/?p=39287&#038;t=Senadora%20%C3%93rdenes%20critic%C3%B3%20compromisos%20no%20cumplidos%20con%20funcionarios%20SAMU%20Base%20Ays%C3%A9n%20y%20Chacabuco%3A%20%E2%80%9CAc%C3%A1%20hay%20falta%20de%20gesti%C3%B3n%20y%20hay%20que%20darle%20celeridad%E2%80%9D' aria-hidden='false' data-av_icon='\ue8f3' data-av_iconfont='entypo-fontello' title='' data-avia-related-tooltip='Compartir en Facebook' rel=\"noopener\"><span class='avia_hidden_link_text'>Compartir en Facebook<\/span><\/a><\/li><li class='av-share-link av-social-link-twitter' ><a target=\"_blank\" aria-label=\"Compartir en Twitter\" href='https:\/\/twitter.com\/share?text=Senadora%20%C3%93rdenes%20critic%C3%B3%20compromisos%20no%20cumplidos%20con%20funcionarios%20SAMU%20Base%20Ays%C3%A9n%20y%20Chacabuco%3A%20%E2%80%9CAc%C3%A1%20hay%20falta%20de%20gesti%C3%B3n%20y%20hay%20que%20darle%20celeridad%E2%80%9D&#038;url=https:\/\/radiorevelacionfm.cl\/?p=39287' aria-hidden='false' data-av_icon='\ue8f1' data-av_iconfont='entypo-fontello' title='' data-avia-related-tooltip='Compartir en Twitter' rel=\"noopener\"><span class='avia_hidden_link_text'>Compartir en Twitter<\/span><\/a><\/li><li class='av-share-link av-social-link-whatsapp' ><a target=\"_blank\" aria-label=\"Compartir en Whatsapp\" href='https:\/\/api.whatsapp.com\/send?text=https:\/\/radiorevelacionfm.cl\/?p=39287' aria-hidden='false' data-av_icon='\uf232' data-av_iconfont='entypo-fontello' title='' data-avia-related-tooltip='Compartir en Whatsapp' rel=\"noopener\"><span class='avia_hidden_link_text'>Compartir en Whatsapp<\/span><\/a><\/li><li class='av-share-link av-social-link-linkedin' ><a target=\"_blank\" aria-label=\"Compartir en LinkedIn\" href='https:\/\/linkedin.com\/shareArticle?mini=true&#038;title=Senadora%20%C3%93rdenes%20critic%C3%B3%20compromisos%20no%20cumplidos%20con%20funcionarios%20SAMU%20Base%20Ays%C3%A9n%20y%20Chacabuco%3A%20%E2%80%9CAc%C3%A1%20hay%20falta%20de%20gesti%C3%B3n%20y%20hay%20que%20darle%20celeridad%E2%80%9D&#038;url=https:\/\/radiorevelacionfm.cl\/?p=39287' aria-hidden='false' data-av_icon='\ue8fc' data-av_iconfont='entypo-fontello' title='' data-avia-related-tooltip='Compartir en LinkedIn' rel=\"noopener\"><span class='avia_hidden_link_text'>Compartir en LinkedIn<\/span><\/a><\/li><li class='av-share-link av-social-link-mail' ><a  aria-label=\"Compartir por correo\" href='mailto:?subject=Senadora%20%C3%93rdenes%20critic%C3%B3%20compromisos%20no%20cumplidos%20con%20funcionarios%20SAMU%20Base%20Ays%C3%A9n%20y%20Chacabuco%3A%20%E2%80%9CAc%C3%A1%20hay%20falta%20de%20gesti%C3%B3n%20y%20hay%20que%20darle%20celeridad%E2%80%9D&#038;body=https:\/\/radiorevelacionfm.cl\/?p=39287' aria-hidden='false' data-av_icon='\ue805' data-av_iconfont='entypo-fontello' title='' data-avia-related-tooltip='Compartir por correo'><span class='avia_hidden_link_text'>Compartir por correo<\/span><\/a><\/li><\/ul><\/div><\/div>\n<div  style='height:50px' class='hr hr-invisible   avia-builder-el-8  el_after_av_social_share  el_before_av_comments_list '><span class='hr-inner ' ><span class='hr-inner-style'><\/span><\/span><\/div>\n<div  class='av-buildercomment  av-blog-meta-html-info-disabled av-blog-meta-tag-disabled  '><\/div>\n","protected":false},"excerpt":{"rendered":"","protected":false},"author":1,"featured_media":39288,"comment_status":"open","ping_status":"open","sticky":false,"template":"","format":"standard","meta":{"footnotes":""},"categories":[35,46],"tags":[],"class_list":["post-39287","post","type-post","status-publish","format-standard","has-post-thumbnail","hentry","category-politica","category-salud"],"jetpack_featured_media_url":"https:\/\/radiorevelacionfm.cl\/wp-content\/uploads\/2024\/01\/SAMU-17_optimized.46.42-1.jpeg","_links":{"self":[{"href":"https:\/\/radiorevelacionfm.cl\/index.php?rest_route=\/wp\/v2\/posts\/39287","targetHints":{"allow":["GET"]}}],"collection":[{"href":"https:\/\/radiorevelacionfm.cl\/index.php?rest_route=\/wp\/v2\/posts"}],"about":[{"href":"https:\/\/radiorevelacionfm.cl\/index.php?rest_route=\/wp\/v2\/types\/post"}],"author":[{"embeddable":true,"href":"https:\/\/radiorevelacionfm.cl\/index.php?rest_route=\/wp\/v2\/users\/1"}],"replies":[{"embeddable":true,"href":"https:\/\/radiorevelacionfm.cl\/index.php?rest_route=%2Fwp%2Fv2%2Fcomments&post=39287"}],"version-history":[{"count":1,"href":"https:\/\/radiorevelacionfm.cl\/index.php?rest_route=\/wp\/v2\/posts\/39287\/revisions"}],"predecessor-version":[{"id":39289,"href":"https:\/\/radiorevelacionfm.cl\/index.php?rest_route=\/wp\/v2\/posts\/39287\/revisions\/39289"}],"wp:featuredmedia":[{"embeddable":true,"href":"https:\/\/radiorevelacionfm.cl\/index.php?rest_route=\/wp\/v2\/media\/39288"}],"wp:attachment":[{"href":"https:\/\/radiorevelacionfm.cl\/index.php?rest_route=%2Fwp%2Fv2%2Fmedia&parent=39287"}],"wp:term":[{"taxonomy":"category","embeddable":true,"href":"https:\/\/radiorevelacionfm.cl\/index.php?rest_route=%2Fwp%2Fv2%2Fcategories&post=39287"},{"taxonomy":"post_tag","embeddable":true,"href":"https:\/\/radiorevelacionfm.cl\/index.php?rest_route=%2Fwp%2Fv2%2Ftags&post=39287"}],"curies":[{"name":"wp","href":"https:\/\/api.w.org\/{rel}","templated":true}]}}