{"id":39285,"date":"2024-01-30T11:46:16","date_gmt":"2024-01-30T14:46:16","guid":{"rendered":"https:\/\/radiorevelacionfm.cl\/?p=39285"},"modified":"2024-01-30T11:46:16","modified_gmt":"2024-01-30T14:46:16","slug":"senadora-ordenes-recalco-que-el-debate-sobre-la-reforma-debe-estar-centrado-en-mejorar-las-pensiones","status":"publish","type":"post","link":"https:\/\/radiorevelacionfm.cl\/?p=39285","title":{"rendered":"Senadora \u00d3rdenes recalc\u00f3 que el debate sobre la reforma debe estar centrado en mejorar las pensiones"},"content":{"rendered":"<div class=\"flex_column av_one_full  flex_column_div av-zero-column-padding first  avia-builder-el-0  el_before_av_one_full  avia-builder-el-first  \" style='border-radius:0px; '><div  class='avia-image-container  av-styling-    avia-builder-el-1  avia-builder-el-no-sibling  avia-align-center '  itemprop=\"image\" itemscope=\"itemscope\" itemtype=\"https:\/\/schema.org\/ImageObject\"  ><div class='avia-image-container-inner'><div class='avia-image-overlay-wrap'><img decoding=\"async\" class='wp-image-4463 avia-img-lazy-loading-not-4463 avia_image' src=\"https:\/\/radiorevelacionfm.cl\/wp-content\/uploads\/2021\/05\/SENADORA-ORDENES2-1.jpg\" alt='' title='SENADORA ORDENES2 (1)' height=\"600\" width=\"1002\"  itemprop=\"thumbnailUrl\" srcset=\"https:\/\/radiorevelacionfm.cl\/wp-content\/uploads\/2021\/05\/SENADORA-ORDENES2-1.jpg 1002w, https:\/\/radiorevelacionfm.cl\/wp-content\/uploads\/2021\/05\/SENADORA-ORDENES2-1-300x180.jpg 300w, https:\/\/radiorevelacionfm.cl\/wp-content\/uploads\/2021\/05\/SENADORA-ORDENES2-1-768x460.jpg 768w, https:\/\/radiorevelacionfm.cl\/wp-content\/uploads\/2021\/05\/SENADORA-ORDENES2-1-705x422.jpg 705w, https:\/\/radiorevelacionfm.cl\/wp-content\/uploads\/2021\/05\/SENADORA-ORDENES2-1-600x359.jpg 600w\" sizes=\"(max-width: 1002px) 100vw, 1002px\" \/><\/div><\/div><\/div><\/div><div class=\"flex_column av_one_full  flex_column_div av-zero-column-padding first  avia-builder-el-2  el_after_av_one_full  el_before_av_one_full  column-top-margin\" style='border-radius:0px; '><section class=\"av_textblock_section \"  itemscope=\"itemscope\" itemtype=\"https:\/\/schema.org\/BlogPosting\" itemprop=\"blogPost\" ><div class='avia_textblock  '   itemprop=\"text\" ><p style=\"text-align: center;\"><strong><span style=\"font-size: 18pt;\">Senadora \u00d3rdenes recalc\u00f3 que el debate sobre la reforma debe estar centrado en mejorar las pensiones<\/span><\/strong><\/p>\n<div id=\"gtx-trans\" style=\"position: absolute; left: -50px; top: 4.31534px;\">\n<div class=\"gtx-trans-icon\"><\/div>\n<\/div>\n<\/div><\/section><\/div><div class=\"flex_column av_one_full  flex_column_div av-zero-column-padding first  avia-builder-el-4  el_after_av_one_full  el_before_av_hr  column-top-margin\" style='border-radius:0px; '><section class=\"av_textblock_section \"  itemscope=\"itemscope\" itemtype=\"https:\/\/schema.org\/BlogPosting\" itemprop=\"blogPost\" ><div class='avia_textblock  '   itemprop=\"text\" ><p style=\"text-align: justify;\"><em>Aprobada en la C\u00e1mara Baja la idea de legislar la Reforma de Pensiones, el gobierno deber\u00e1 repensar su estrategia si quiere lograr los apoyos necesarios. El coraz\u00f3n de la propuesta ingresada por el Ejecutivo no obtuvo suficientes votos de las y los diputados y no tardaron en surgir las cr\u00edticas por ser un proyecto que avanza como un cascar\u00f3n sin contenido. En marzo, ser\u00e1 en el Senado donde se retome la negociaci\u00f3n, sin embargo, el escenario es adverso, ya que la Comisi\u00f3n de Trabajo -donde tendr\u00e1 lugar la primera discusi\u00f3n- empezar\u00e1 a ser presidida por un senador UDI y tendr\u00e1 una minor\u00eda oficialista.<\/em><\/p>\n<p style=\"text-align: justify;\">Esta reforma solidaria, que pretende instalar un sistema mixto, donde un porcentaje del 6%, que aportar\u00eda el empleador, vaya a la solidaridad intra o intergeneracional -el Ejecutivo propon\u00eda que un 3% tuviera esta destinaci\u00f3n y el otro porcentaje fuera a la capitalizaci\u00f3n individual en las AFP\u2019s- no logr\u00f3 convencer a las y los diputados y por los menos 27 senadores ser\u00edan detractores en la instancia que se retomar\u00e1 en marzo de este a\u00f1o. Por su parte, la senadora por la regi\u00f3n de Ays\u00e9n, Ximena \u00d3rdenes, lament\u00f3 el debate de intereses personales que tuvo lugar en la C\u00e1mara Baja, recalcando que el objetivo de esta reforma debe ser el lograr mejorar las pensiones de las personas.<\/p>\n<p style=\"text-align: justify;\">\u201cAc\u00e1 no se trata de hacer primar los intereses personales de las distintas bancadas, lo importante es que logremos mejorar la situaci\u00f3n de tantas y tantos pensionados. Eso es lo que la gente espera y no que centremos la discusi\u00f3n en los detalles que se presentaron y que al final del d\u00eda, el resultado, fue que simplemente se aprob\u00f3 la idea de legislar. Yo voy a trabajar para mejorar la situaci\u00f3n de los pensionados en Chile y m\u00e1s all\u00e1 de la formula, el objetivo de un debate pol\u00edtico a nivel de congreso es lograr conciliar las diferencias y obtener un resultado que no puede ser otro que mejorar las pensiones en Chile\u201d, sostuvo la parlamentaria.<\/p>\n<p style=\"text-align: justify;\">Adem\u00e1s, \u00d3rdenes se\u00f1al\u00f3 que \u201cesta reforma llegar\u00e1 al Senado solo como la idea de legislar, no tiene mayor contenido a pesar de los dos a\u00f1os que se estuvo trabajando, por lo tanto, no veo un triunfo de ning\u00fan lado en esta materia. Ac\u00e1 lo que interesa no es la f\u00f3rmula, sino el resultado de c\u00f3mo se van a mejorar las pensiones y ese es nuestro compromiso\u201d, recalcando que despu\u00e9s de dos a\u00f1os de tramitaci\u00f3n, solo se aprob\u00f3 la idea de legislar.<\/p>\n<p style=\"text-align: justify;\">Mientras tanto, la derecha se muestra intransigente a la idea de legislar si es que el 6% no se destina de forma \u00edntegra a la capitalizaci\u00f3n individual, rechazando incluso la f\u00f3rmula mixta de un 3% y 3% propuesta por un grupo de diputados no alineados, que hace referencia al proyecto presentado por el gobierno del expresidente Pi\u00f1era -reforma congelada en el 2021, que se muestra como una salida para el Ejecutivo-.<\/p>\n<p style=\"text-align: justify;\">A partir de febrero de este 2024 la Pensi\u00f3n Garantizada Universal -PGU- incrementar\u00e1, alcanzando los 214 mil pesos, cuesti\u00f3n que se ha convertido en un argumento de los sectores de derecha, quienes sostienen que con este aporte se resuelve el problema de las bajas pensiones de las personas con baja densidad previsional o nula cotizaci\u00f3n. Por su parte, desde el oficialismo advierten que esta tesis condenar\u00eda a la clase media a ver mejoras en sus pensiones reci\u00e9n en 40 a\u00f1os m\u00e1s, afectando principalmente a las mujeres.<\/p>\n<\/div><\/section><\/div><div  style='height:50px' class='hr hr-invisible   avia-builder-el-6  el_after_av_one_full  el_before_av_social_share '><span class='hr-inner ' ><span class='hr-inner-style'><\/span><\/span><\/div><\/p>\n<div  class='av-social-sharing-box  avia-builder-el-7  el_after_av_hr  el_before_av_hr  '><div class='av-share-box'><h5 class='av-share-link-description av-no-toc '>Compartir esta noticia<\/h5><ul class='av-share-box-list noLightbox'><li class='av-share-link av-social-link-facebook' ><a target=\"_blank\" aria-label=\"Compartir en Facebook\" href='https:\/\/www.facebook.com\/sharer.php?u=https:\/\/radiorevelacionfm.cl\/?p=39285&#038;t=Senadora%20%C3%93rdenes%20recalc%C3%B3%20que%20el%20debate%20sobre%20la%20reforma%20debe%20estar%20centrado%20en%20mejorar%20las%20pensiones' aria-hidden='false' data-av_icon='\ue8f3' data-av_iconfont='entypo-fontello' title='' data-avia-related-tooltip='Compartir en Facebook' rel=\"noopener\"><span class='avia_hidden_link_text'>Compartir en Facebook<\/span><\/a><\/li><li class='av-share-link av-social-link-twitter' ><a target=\"_blank\" aria-label=\"Compartir en Twitter\" href='https:\/\/twitter.com\/share?text=Senadora%20%C3%93rdenes%20recalc%C3%B3%20que%20el%20debate%20sobre%20la%20reforma%20debe%20estar%20centrado%20en%20mejorar%20las%20pensiones&#038;url=https:\/\/radiorevelacionfm.cl\/?p=39285' aria-hidden='false' data-av_icon='\ue8f1' data-av_iconfont='entypo-fontello' title='' data-avia-related-tooltip='Compartir en Twitter' rel=\"noopener\"><span class='avia_hidden_link_text'>Compartir en Twitter<\/span><\/a><\/li><li class='av-share-link av-social-link-whatsapp' ><a target=\"_blank\" aria-label=\"Compartir en Whatsapp\" href='https:\/\/api.whatsapp.com\/send?text=https:\/\/radiorevelacionfm.cl\/?p=39285' aria-hidden='false' data-av_icon='\uf232' data-av_iconfont='entypo-fontello' title='' data-avia-related-tooltip='Compartir en Whatsapp' rel=\"noopener\"><span class='avia_hidden_link_text'>Compartir en Whatsapp<\/span><\/a><\/li><li class='av-share-link av-social-link-linkedin' ><a target=\"_blank\" aria-label=\"Compartir en LinkedIn\" href='https:\/\/linkedin.com\/shareArticle?mini=true&#038;title=Senadora%20%C3%93rdenes%20recalc%C3%B3%20que%20el%20debate%20sobre%20la%20reforma%20debe%20estar%20centrado%20en%20mejorar%20las%20pensiones&#038;url=https:\/\/radiorevelacionfm.cl\/?p=39285' aria-hidden='false' data-av_icon='\ue8fc' data-av_iconfont='entypo-fontello' title='' data-avia-related-tooltip='Compartir en LinkedIn' rel=\"noopener\"><span class='avia_hidden_link_text'>Compartir en LinkedIn<\/span><\/a><\/li><li class='av-share-link av-social-link-mail' ><a  aria-label=\"Compartir por correo\" href='mailto:?subject=Senadora%20%C3%93rdenes%20recalc%C3%B3%20que%20el%20debate%20sobre%20la%20reforma%20debe%20estar%20centrado%20en%20mejorar%20las%20pensiones&#038;body=https:\/\/radiorevelacionfm.cl\/?p=39285' aria-hidden='false' data-av_icon='\ue805' data-av_iconfont='entypo-fontello' title='' data-avia-related-tooltip='Compartir por correo'><span class='avia_hidden_link_text'>Compartir por correo<\/span><\/a><\/li><\/ul><\/div><\/div>\n<div  style='height:50px' class='hr hr-invisible   avia-builder-el-8  el_after_av_social_share  el_before_av_comments_list '><span class='hr-inner ' ><span class='hr-inner-style'><\/span><\/span><\/div>\n<div  class='av-buildercomment  av-blog-meta-html-info-disabled av-blog-meta-tag-disabled  '><\/div>\n","protected":false},"excerpt":{"rendered":"","protected":false},"author":1,"featured_media":4463,"comment_status":"open","ping_status":"open","sticky":false,"template":"","format":"standard","meta":{"footnotes":""},"categories":[35],"tags":[],"class_list":["post-39285","post","type-post","status-publish","format-standard","has-post-thumbnail","hentry","category-politica"],"jetpack_featured_media_url":"https:\/\/radiorevelacionfm.cl\/wp-content\/uploads\/2021\/05\/SENADORA-ORDENES2-1.jpg","_links":{"self":[{"href":"https:\/\/radiorevelacionfm.cl\/index.php?rest_route=\/wp\/v2\/posts\/39285","targetHints":{"allow":["GET"]}}],"collection":[{"href":"https:\/\/radiorevelacionfm.cl\/index.php?rest_route=\/wp\/v2\/posts"}],"about":[{"href":"https:\/\/radiorevelacionfm.cl\/index.php?rest_route=\/wp\/v2\/types\/post"}],"author":[{"embeddable":true,"href":"https:\/\/radiorevelacionfm.cl\/index.php?rest_route=\/wp\/v2\/users\/1"}],"replies":[{"embeddable":true,"href":"https:\/\/radiorevelacionfm.cl\/index.php?rest_route=%2Fwp%2Fv2%2Fcomments&post=39285"}],"version-history":[{"count":1,"href":"https:\/\/radiorevelacionfm.cl\/index.php?rest_route=\/wp\/v2\/posts\/39285\/revisions"}],"predecessor-version":[{"id":39286,"href":"https:\/\/radiorevelacionfm.cl\/index.php?rest_route=\/wp\/v2\/posts\/39285\/revisions\/39286"}],"wp:featuredmedia":[{"embeddable":true,"href":"https:\/\/radiorevelacionfm.cl\/index.php?rest_route=\/wp\/v2\/media\/4463"}],"wp:attachment":[{"href":"https:\/\/radiorevelacionfm.cl\/index.php?rest_route=%2Fwp%2Fv2%2Fmedia&parent=39285"}],"wp:term":[{"taxonomy":"category","embeddable":true,"href":"https:\/\/radiorevelacionfm.cl\/index.php?rest_route=%2Fwp%2Fv2%2Fcategories&post=39285"},{"taxonomy":"post_tag","embeddable":true,"href":"https:\/\/radiorevelacionfm.cl\/index.php?rest_route=%2Fwp%2Fv2%2Ftags&post=39285"}],"curies":[{"name":"wp","href":"https:\/\/api.w.org\/{rel}","templated":true}]}}