{"id":39279,"date":"2024-01-29T19:24:24","date_gmt":"2024-01-29T22:24:24","guid":{"rendered":"https:\/\/radiorevelacionfm.cl\/?p=39279"},"modified":"2024-01-29T19:24:24","modified_gmt":"2024-01-29T22:24:24","slug":"tras-control-vehicular-en-puerto-aysen-carabineros-detuvo-a-sujeto-y-decomiso-mas-de-medio-kilo-de-marihuana","status":"publish","type":"post","link":"https:\/\/radiorevelacionfm.cl\/?p=39279","title":{"rendered":"Tras control vehicular en Puerto Ays\u00e9n: Carabineros detuvo a sujeto y decomis\u00f3 m\u00e1s de medio kilo de marihuana"},"content":{"rendered":"<div class=\"flex_column av_one_full  flex_column_div av-zero-column-padding first  avia-builder-el-0  el_before_av_one_full  avia-builder-el-first  \" style='border-radius:0px; '><div  class='avia-image-container  av-styling-    avia-builder-el-1  avia-builder-el-no-sibling  avia-align-center '  itemprop=\"image\" itemscope=\"itemscope\" itemtype=\"https:\/\/schema.org\/ImageObject\"  ><div class='avia-image-container-inner'><div class='avia-image-overlay-wrap'><img decoding=\"async\" class='wp-image-39280 avia-img-lazy-loading-not-39280 avia_image' src=\"https:\/\/radiorevelacionfm.cl\/wp-content\/uploads\/2024\/01\/a911605e-e84c-49e2-8629-cdec3a3894dc-1_optimized-1.jpg\" alt='' title='a911605e-e84c-49e2-8629-cdec3a3894dc-(1)_optimized (1)' height=\"600\" width=\"769\"  itemprop=\"thumbnailUrl\" srcset=\"https:\/\/radiorevelacionfm.cl\/wp-content\/uploads\/2024\/01\/a911605e-e84c-49e2-8629-cdec3a3894dc-1_optimized-1.jpg 769w, https:\/\/radiorevelacionfm.cl\/wp-content\/uploads\/2024\/01\/a911605e-e84c-49e2-8629-cdec3a3894dc-1_optimized-1-300x234.jpg 300w, https:\/\/radiorevelacionfm.cl\/wp-content\/uploads\/2024\/01\/a911605e-e84c-49e2-8629-cdec3a3894dc-1_optimized-1-705x550.jpg 705w, https:\/\/radiorevelacionfm.cl\/wp-content\/uploads\/2024\/01\/a911605e-e84c-49e2-8629-cdec3a3894dc-1_optimized-1-450x351.jpg 450w, https:\/\/radiorevelacionfm.cl\/wp-content\/uploads\/2024\/01\/a911605e-e84c-49e2-8629-cdec3a3894dc-1_optimized-1-600x468.jpg 600w\" sizes=\"(max-width: 769px) 100vw, 769px\" \/><\/div><\/div><\/div><\/div><div class=\"flex_column av_one_full  flex_column_div av-zero-column-padding first  avia-builder-el-2  el_after_av_one_full  el_before_av_one_full  column-top-margin\" style='border-radius:0px; '><section class=\"av_textblock_section \"  itemscope=\"itemscope\" itemtype=\"https:\/\/schema.org\/BlogPosting\" itemprop=\"blogPost\" ><div class='avia_textblock  '   itemprop=\"text\" ><p style=\"text-align: center;\"><strong><span style=\"font-size: 18pt;\">Tras control vehicular en Puerto Ays\u00e9n: Carabineros detuvo a sujeto y decomis\u00f3 m\u00e1s de medio kilo de marihuana <\/span><\/strong><\/p>\n<div id=\"gtx-trans\" style=\"position: absolute; left: -50px; top: 4.31534px;\">\n<div class=\"gtx-trans-icon\"><\/div>\n<\/div>\n<\/div><\/section><\/div><div class=\"flex_column av_one_full  flex_column_div av-zero-column-padding first  avia-builder-el-4  el_after_av_one_full  el_before_av_hr  column-top-margin\" style='border-radius:0px; '><section class=\"av_textblock_section \"  itemscope=\"itemscope\" itemtype=\"https:\/\/schema.org\/BlogPosting\" itemprop=\"blogPost\" ><div class='avia_textblock  '   itemprop=\"text\" ><p style=\"text-align: justify;\">Un patrullaje preventivo desarrollado por Carabineros de la 2da. Comisar\u00eda de Puerto Ays\u00e9n, culmin\u00f3 con la detenci\u00f3n de un sujeto por infracci\u00f3n a la ley de drogas, el decomiso de marihuana, ketamina y la incautaci\u00f3n de un veh\u00edculo.<\/p>\n<p style=\"text-align: justify;\">Mientras el personal del servicio en la poblaci\u00f3n se encontraba efectuando un patrullaje preventivo en el sector central en el contexto del plan verano seguro -orientado a aumentar los niveles de vigilancia y brindar m\u00e1s seguridad a la comunidad- se percataron de la presencia de un conductor que efectuaba maniobras imprudentes a bordo de un veh\u00edculo.<\/p>\n<p style=\"text-align: justify;\">Tras lo anterior, Carabineros efectu\u00f3 un seguimiento controlado a dicho m\u00f3vil, pudiendo advertir que el conductor lo hac\u00eda bajo la influencia del alcohol.<\/p>\n<p style=\"text-align: justify;\">Diligencias posteriores desarrolladas en coordinaci\u00f3n con la Fiscal\u00eda en virtud de una orden de registro del veh\u00edculo, permiti\u00f3 encontrar al interior del m\u00f3vil una mochila en cuyo interior fueron encontrados 646 gramos de marihuana y 3,7 gramos de ketamina.<\/p>\n<p style=\"text-align: justify;\">Los antecedentes del procedimiento fueron informados al Ministerio P\u00fablico, en tanto que el sujeto quien posee antecedentes por otros hechos, fue derivado a la audiencia de control de detenci\u00f3n, siendo formalizado infracci\u00f3n a la ley de drogas, quedando sujeto a la medida cautelar de prisi\u00f3n preventiva por un plazo de 70 d\u00edas fijados para el cierre de la investigaci\u00f3n.<\/p>\n<p style=\"text-align: justify;\">Cabe consignar que entre el 1 al 21 de enero, Carabineros ha efectuado 13.686 controles en la regi\u00f3n de Ays\u00e9n con un saldo de 280 personas detenidas (un 4% m\u00e1s que en 2023 en igual periodo) de los cuales 19 han sido aprehendidos por ley de drogas, donde un 13% de estos registra detenciones previas por parte de Carabineros. Asimismo, 0,3 kilos de drogas han sido decomisados a la fecha.<\/p>\n<p style=\"text-align: justify;\">Carabineros reiter\u00f3 el llamado a realizar las denuncias, e invit\u00f3 a la comunidad a otorgar dicha informaci\u00f3n a trav\u00e9s del fono drogas 135, tel\u00e9fono gratuito de Carabineros de Chile, el cual es atendido por agentes especializados del OS-7, quienes durante las 24 horas del d\u00eda y los 365 d\u00edas del a\u00f1o, recibir\u00e1n sus denuncias de forma absolutamente reservada y an\u00f3nima.<\/p>\n<\/div><\/section><\/div><div  style='height:50px' class='hr hr-invisible   avia-builder-el-6  el_after_av_one_full  el_before_av_social_share '><span class='hr-inner ' ><span class='hr-inner-style'><\/span><\/span><\/div><\/p>\n<div  class='av-social-sharing-box  avia-builder-el-7  el_after_av_hr  el_before_av_hr  '><div class='av-share-box'><h5 class='av-share-link-description av-no-toc '>Compartir esta noticia<\/h5><ul class='av-share-box-list noLightbox'><li class='av-share-link av-social-link-facebook' ><a target=\"_blank\" aria-label=\"Compartir en Facebook\" href='https:\/\/www.facebook.com\/sharer.php?u=https:\/\/radiorevelacionfm.cl\/?p=39279&#038;t=Tras%20control%20vehicular%20en%20Puerto%20Ays%C3%A9n%3A%20Carabineros%20detuvo%20a%20sujeto%20y%20decomis%C3%B3%20m%C3%A1s%20de%20medio%20kilo%20de%20marihuana' aria-hidden='false' data-av_icon='\ue8f3' data-av_iconfont='entypo-fontello' title='' data-avia-related-tooltip='Compartir en Facebook' rel=\"noopener\"><span class='avia_hidden_link_text'>Compartir en Facebook<\/span><\/a><\/li><li class='av-share-link av-social-link-twitter' ><a target=\"_blank\" aria-label=\"Compartir en Twitter\" href='https:\/\/twitter.com\/share?text=Tras%20control%20vehicular%20en%20Puerto%20Ays%C3%A9n%3A%20Carabineros%20detuvo%20a%20sujeto%20y%20decomis%C3%B3%20m%C3%A1s%20de%20medio%20kilo%20de%20marihuana&#038;url=https:\/\/radiorevelacionfm.cl\/?p=39279' aria-hidden='false' data-av_icon='\ue8f1' data-av_iconfont='entypo-fontello' title='' data-avia-related-tooltip='Compartir en Twitter' rel=\"noopener\"><span class='avia_hidden_link_text'>Compartir en Twitter<\/span><\/a><\/li><li class='av-share-link av-social-link-whatsapp' ><a target=\"_blank\" aria-label=\"Compartir en Whatsapp\" href='https:\/\/api.whatsapp.com\/send?text=https:\/\/radiorevelacionfm.cl\/?p=39279' aria-hidden='false' data-av_icon='\uf232' data-av_iconfont='entypo-fontello' title='' data-avia-related-tooltip='Compartir en Whatsapp' rel=\"noopener\"><span class='avia_hidden_link_text'>Compartir en Whatsapp<\/span><\/a><\/li><li class='av-share-link av-social-link-linkedin' ><a target=\"_blank\" aria-label=\"Compartir en LinkedIn\" href='https:\/\/linkedin.com\/shareArticle?mini=true&#038;title=Tras%20control%20vehicular%20en%20Puerto%20Ays%C3%A9n%3A%20Carabineros%20detuvo%20a%20sujeto%20y%20decomis%C3%B3%20m%C3%A1s%20de%20medio%20kilo%20de%20marihuana&#038;url=https:\/\/radiorevelacionfm.cl\/?p=39279' aria-hidden='false' data-av_icon='\ue8fc' data-av_iconfont='entypo-fontello' title='' data-avia-related-tooltip='Compartir en LinkedIn' rel=\"noopener\"><span class='avia_hidden_link_text'>Compartir en LinkedIn<\/span><\/a><\/li><li class='av-share-link av-social-link-mail' ><a  aria-label=\"Compartir por correo\" href='mailto:?subject=Tras%20control%20vehicular%20en%20Puerto%20Ays%C3%A9n%3A%20Carabineros%20detuvo%20a%20sujeto%20y%20decomis%C3%B3%20m%C3%A1s%20de%20medio%20kilo%20de%20marihuana&#038;body=https:\/\/radiorevelacionfm.cl\/?p=39279' aria-hidden='false' data-av_icon='\ue805' data-av_iconfont='entypo-fontello' title='' data-avia-related-tooltip='Compartir por correo'><span class='avia_hidden_link_text'>Compartir por correo<\/span><\/a><\/li><\/ul><\/div><\/div>\n<div  style='height:50px' class='hr hr-invisible   avia-builder-el-8  el_after_av_social_share  el_before_av_comments_list '><span class='hr-inner ' ><span class='hr-inner-style'><\/span><\/span><\/div>\n<div  class='av-buildercomment  av-blog-meta-html-info-disabled av-blog-meta-tag-disabled  '><\/div>\n","protected":false},"excerpt":{"rendered":"","protected":false},"author":1,"featured_media":39280,"comment_status":"open","ping_status":"open","sticky":false,"template":"","format":"standard","meta":{"footnotes":""},"categories":[36],"tags":[],"class_list":["post-39279","post","type-post","status-publish","format-standard","has-post-thumbnail","hentry","category-policial"],"jetpack_featured_media_url":"https:\/\/radiorevelacionfm.cl\/wp-content\/uploads\/2024\/01\/a911605e-e84c-49e2-8629-cdec3a3894dc-1_optimized-1.jpg","_links":{"self":[{"href":"https:\/\/radiorevelacionfm.cl\/index.php?rest_route=\/wp\/v2\/posts\/39279","targetHints":{"allow":["GET"]}}],"collection":[{"href":"https:\/\/radiorevelacionfm.cl\/index.php?rest_route=\/wp\/v2\/posts"}],"about":[{"href":"https:\/\/radiorevelacionfm.cl\/index.php?rest_route=\/wp\/v2\/types\/post"}],"author":[{"embeddable":true,"href":"https:\/\/radiorevelacionfm.cl\/index.php?rest_route=\/wp\/v2\/users\/1"}],"replies":[{"embeddable":true,"href":"https:\/\/radiorevelacionfm.cl\/index.php?rest_route=%2Fwp%2Fv2%2Fcomments&post=39279"}],"version-history":[{"count":1,"href":"https:\/\/radiorevelacionfm.cl\/index.php?rest_route=\/wp\/v2\/posts\/39279\/revisions"}],"predecessor-version":[{"id":39281,"href":"https:\/\/radiorevelacionfm.cl\/index.php?rest_route=\/wp\/v2\/posts\/39279\/revisions\/39281"}],"wp:featuredmedia":[{"embeddable":true,"href":"https:\/\/radiorevelacionfm.cl\/index.php?rest_route=\/wp\/v2\/media\/39280"}],"wp:attachment":[{"href":"https:\/\/radiorevelacionfm.cl\/index.php?rest_route=%2Fwp%2Fv2%2Fmedia&parent=39279"}],"wp:term":[{"taxonomy":"category","embeddable":true,"href":"https:\/\/radiorevelacionfm.cl\/index.php?rest_route=%2Fwp%2Fv2%2Fcategories&post=39279"},{"taxonomy":"post_tag","embeddable":true,"href":"https:\/\/radiorevelacionfm.cl\/index.php?rest_route=%2Fwp%2Fv2%2Ftags&post=39279"}],"curies":[{"name":"wp","href":"https:\/\/api.w.org\/{rel}","templated":true}]}}