{"id":39276,"date":"2024-01-30T10:53:08","date_gmt":"2024-01-30T13:53:08","guid":{"rendered":"https:\/\/radiorevelacionfm.cl\/?p=39276"},"modified":"2024-01-30T10:53:08","modified_gmt":"2024-01-30T13:53:08","slug":"fiscalia-obtiene-condena-de-8-anos-de-carcel-para-imputados-por-tenencia-ilegal-de-armas-de-fuego","status":"publish","type":"post","link":"https:\/\/radiorevelacionfm.cl\/?p=39276","title":{"rendered":"Fiscal\u00eda obtiene condena de 8 a\u00f1os de c\u00e1rcel para imputados por tenencia ilegal de armas de fuego"},"content":{"rendered":"<div class=\"flex_column av_one_full  flex_column_div av-zero-column-padding first  avia-builder-el-0  el_before_av_one_full  avia-builder-el-first  \" style='border-radius:0px; '><div  class='avia-image-container  av-styling-    avia-builder-el-1  avia-builder-el-no-sibling  avia-align-center '  itemprop=\"image\" itemscope=\"itemscope\" itemtype=\"https:\/\/schema.org\/ImageObject\"  ><div class='avia-image-container-inner'><div class='avia-image-overlay-wrap'><img decoding=\"async\" class='wp-image-36425 avia-img-lazy-loading-not-36425 avia_image' src=\"https:\/\/radiorevelacionfm.cl\/wp-content\/uploads\/2023\/10\/fiscalia_2023-1_optimized.jpg\" alt='' title='fiscalia_2023-(1)_optimized' height=\"600\" width=\"1069\"  itemprop=\"thumbnailUrl\" srcset=\"https:\/\/radiorevelacionfm.cl\/wp-content\/uploads\/2023\/10\/fiscalia_2023-1_optimized.jpg 1069w, https:\/\/radiorevelacionfm.cl\/wp-content\/uploads\/2023\/10\/fiscalia_2023-1_optimized-300x168.jpg 300w, https:\/\/radiorevelacionfm.cl\/wp-content\/uploads\/2023\/10\/fiscalia_2023-1_optimized-1030x578.jpg 1030w, https:\/\/radiorevelacionfm.cl\/wp-content\/uploads\/2023\/10\/fiscalia_2023-1_optimized-768x431.jpg 768w, https:\/\/radiorevelacionfm.cl\/wp-content\/uploads\/2023\/10\/fiscalia_2023-1_optimized-705x396.jpg 705w, https:\/\/radiorevelacionfm.cl\/wp-content\/uploads\/2023\/10\/fiscalia_2023-1_optimized-450x253.jpg 450w, https:\/\/radiorevelacionfm.cl\/wp-content\/uploads\/2023\/10\/fiscalia_2023-1_optimized-600x337.jpg 600w\" sizes=\"(max-width: 1069px) 100vw, 1069px\" \/><\/div><\/div><\/div><\/div><div class=\"flex_column av_one_full  flex_column_div av-zero-column-padding first  avia-builder-el-2  el_after_av_one_full  el_before_av_one_full  column-top-margin\" style='border-radius:0px; '><section class=\"av_textblock_section \"  itemscope=\"itemscope\" itemtype=\"https:\/\/schema.org\/BlogPosting\" itemprop=\"blogPost\" ><div class='avia_textblock  '   itemprop=\"text\" ><p style=\"text-align: center;\"><span style=\"font-size: 18pt;\"><b>Fiscal\u00eda obtiene condena de 8 a\u00f1os de c\u00e1rcel para imputados por tenencia ilegal de armas de fuego<\/b><\/span><\/p>\n<div id=\"gtx-trans\" style=\"position: absolute; left: -50px; top: 4.31534px;\">\n<div class=\"gtx-trans-icon\"><\/div>\n<\/div>\n<\/div><\/section><\/div><div class=\"flex_column av_one_full  flex_column_div av-zero-column-padding first  avia-builder-el-4  el_after_av_one_full  el_before_av_hr  column-top-margin\" style='border-radius:0px; '><section class=\"av_textblock_section \"  itemscope=\"itemscope\" itemtype=\"https:\/\/schema.org\/BlogPosting\" itemprop=\"blogPost\" ><div class='avia_textblock  '   itemprop=\"text\" ><p style=\"font-weight: 400; text-align: justify;\">Como parte de sus diversas acciones destinadas a detectar y sancionar el crimen organizado, la Fiscal\u00eda logr\u00f3 una condena a 8 a\u00f1os de presidio, sin beneficios, para dos imputados por delitos asociados a la ley de armas y otra sanci\u00f3n de 4 a\u00f1os de internaci\u00f3n en r\u00e9gimen cerrado para un adolescente. Al juicio compareci\u00f3 la fiscal Mar\u00eda In\u00e9s N\u00fa\u00f1ez Briso, en tanto que las diligencias investigativas fueron solicitadas a Carabineros de la Primera Comisar\u00eda y Labocar.<\/p>\n<p style=\"font-weight: 400; text-align: justify;\">De acuerdo a lo acreditado por el Ministerio P\u00fablico ante el Tribunal de Juicio Oral en Lo Penal, el 26 de agosto de 2023, funcionarios de Carabineros fueron alertados de la ocurrencia de disparos al interior de un predio ubicado en calle Tom\u00e1s Anderson de Coyhaique.<\/p>\n<p style=\"font-weight: 400; text-align: justify;\">DETENCI\u00d3N<\/p>\n<p style=\"font-weight: 400; text-align: justify;\">Al llegar, el personal policial se encontr\u00f3 con un autom\u00f3vil Suzuki Swift, conducido por un primer imputado de 18 a\u00f1os; en el lado del copiloto se encontraba un segundo imputado de 16 a\u00f1os y en el asiento trasero un tercer involucrado de 18 a\u00f1os. Al interior del m\u00f3vil, los imputados manten\u00edan tres rev\u00f3lveres cargados calibre .32 y .38.<\/p>\n<p style=\"font-weight: 400; text-align: justify;\">Al ser conminados por Carabineros a la detenci\u00f3n del m\u00f3vil, el copiloto de 16 a\u00f1os abri\u00f3 la puerta del auto, dirigi\u00e9ndose al sector de la le\u00f1era de un domicilio ubicado en el sector, donde dej\u00f3 las armas de fuego, las cuales fueron decomisadas por la polic\u00eda.\u00a0Los imputados no contaban con autorizaci\u00f3n para la tenencia ni porte de armas de fuego ni municiones.<\/p>\n<p style=\"font-weight: 400; text-align: justify;\">En este caso, los imputados de 18 a\u00f1os fueron condenados como autores de tenencia ilegal de arma de fuego, a la pena de cuatros a\u00f1os de c\u00e1rcel y a otros 4 a\u00f1os de presidio como autores de tenencia ilegal de arma de fuego prohibida, il\u00edcitos cometidos el 26 de agosto de 2023 en Coyhaique.<\/p>\n<p style=\"font-weight: 400; text-align: justify;\">Por su parte el adolescente, fue condenado por los mismos delitos, pero a la sanci\u00f3n de cuatro a\u00f1os de internaci\u00f3n en r\u00e9gimen cerrado con programa de reinserci\u00f3n social. Adem\u00e1s, deber\u00e1 someterse a un tratamiento de rehabilitaci\u00f3n por adicci\u00f3n a las drogas y al alcohol.<\/p>\n<p style=\"font-weight: 400; text-align: justify;\">Luego de la acusaci\u00f3n de la Fiscal\u00eda, el Tribunal no concedi\u00f3 a los sentenciados de 18 a\u00f1os la pena sustitutiva, debiendo cumplir de forma efectiva las penas que se les impuso por parte de la Justicia.<\/p>\n<\/div><\/section><\/div><div  style='height:50px' class='hr hr-invisible   avia-builder-el-6  el_after_av_one_full  el_before_av_social_share '><span class='hr-inner ' ><span class='hr-inner-style'><\/span><\/span><\/div><\/p>\n<div  class='av-social-sharing-box  avia-builder-el-7  el_after_av_hr  el_before_av_hr  '><div class='av-share-box'><h5 class='av-share-link-description av-no-toc '>Compartir esta noticia<\/h5><ul class='av-share-box-list noLightbox'><li class='av-share-link av-social-link-facebook' ><a target=\"_blank\" aria-label=\"Compartir en Facebook\" href='https:\/\/www.facebook.com\/sharer.php?u=https:\/\/radiorevelacionfm.cl\/?p=39276&#038;t=Fiscal%C3%ADa%20obtiene%20condena%20de%208%20a%C3%B1os%20de%20c%C3%A1rcel%20para%20imputados%20por%20tenencia%20ilegal%20de%20armas%20de%20fuego' aria-hidden='false' data-av_icon='\ue8f3' data-av_iconfont='entypo-fontello' title='' data-avia-related-tooltip='Compartir en Facebook' rel=\"noopener\"><span class='avia_hidden_link_text'>Compartir en Facebook<\/span><\/a><\/li><li class='av-share-link av-social-link-twitter' ><a target=\"_blank\" aria-label=\"Compartir en Twitter\" href='https:\/\/twitter.com\/share?text=Fiscal%C3%ADa%20obtiene%20condena%20de%208%20a%C3%B1os%20de%20c%C3%A1rcel%20para%20imputados%20por%20tenencia%20ilegal%20de%20armas%20de%20fuego&#038;url=https:\/\/radiorevelacionfm.cl\/?p=39276' aria-hidden='false' data-av_icon='\ue8f1' data-av_iconfont='entypo-fontello' title='' data-avia-related-tooltip='Compartir en Twitter' rel=\"noopener\"><span class='avia_hidden_link_text'>Compartir en Twitter<\/span><\/a><\/li><li class='av-share-link av-social-link-whatsapp' ><a target=\"_blank\" aria-label=\"Compartir en Whatsapp\" href='https:\/\/api.whatsapp.com\/send?text=https:\/\/radiorevelacionfm.cl\/?p=39276' aria-hidden='false' data-av_icon='\uf232' data-av_iconfont='entypo-fontello' title='' data-avia-related-tooltip='Compartir en Whatsapp' rel=\"noopener\"><span class='avia_hidden_link_text'>Compartir en Whatsapp<\/span><\/a><\/li><li class='av-share-link av-social-link-linkedin' ><a target=\"_blank\" aria-label=\"Compartir en LinkedIn\" href='https:\/\/linkedin.com\/shareArticle?mini=true&#038;title=Fiscal%C3%ADa%20obtiene%20condena%20de%208%20a%C3%B1os%20de%20c%C3%A1rcel%20para%20imputados%20por%20tenencia%20ilegal%20de%20armas%20de%20fuego&#038;url=https:\/\/radiorevelacionfm.cl\/?p=39276' aria-hidden='false' data-av_icon='\ue8fc' data-av_iconfont='entypo-fontello' title='' data-avia-related-tooltip='Compartir en LinkedIn' rel=\"noopener\"><span class='avia_hidden_link_text'>Compartir en LinkedIn<\/span><\/a><\/li><li class='av-share-link av-social-link-mail' ><a  aria-label=\"Compartir por correo\" href='mailto:?subject=Fiscal%C3%ADa%20obtiene%20condena%20de%208%20a%C3%B1os%20de%20c%C3%A1rcel%20para%20imputados%20por%20tenencia%20ilegal%20de%20armas%20de%20fuego&#038;body=https:\/\/radiorevelacionfm.cl\/?p=39276' aria-hidden='false' data-av_icon='\ue805' data-av_iconfont='entypo-fontello' title='' data-avia-related-tooltip='Compartir por correo'><span class='avia_hidden_link_text'>Compartir por correo<\/span><\/a><\/li><\/ul><\/div><\/div>\n<div  style='height:50px' class='hr hr-invisible   avia-builder-el-8  el_after_av_social_share  el_before_av_comments_list '><span class='hr-inner ' ><span class='hr-inner-style'><\/span><\/span><\/div>\n<div  class='av-buildercomment  av-blog-meta-html-info-disabled av-blog-meta-tag-disabled  '><\/div>\n","protected":false},"excerpt":{"rendered":"","protected":false},"author":1,"featured_media":36425,"comment_status":"open","ping_status":"open","sticky":false,"template":"","format":"standard","meta":{"footnotes":""},"categories":[55],"tags":[],"class_list":["post-39276","post","type-post","status-publish","format-standard","has-post-thumbnail","hentry","category-justicia"],"jetpack_featured_media_url":"https:\/\/radiorevelacionfm.cl\/wp-content\/uploads\/2023\/10\/fiscalia_2023-1_optimized.jpg","_links":{"self":[{"href":"https:\/\/radiorevelacionfm.cl\/index.php?rest_route=\/wp\/v2\/posts\/39276","targetHints":{"allow":["GET"]}}],"collection":[{"href":"https:\/\/radiorevelacionfm.cl\/index.php?rest_route=\/wp\/v2\/posts"}],"about":[{"href":"https:\/\/radiorevelacionfm.cl\/index.php?rest_route=\/wp\/v2\/types\/post"}],"author":[{"embeddable":true,"href":"https:\/\/radiorevelacionfm.cl\/index.php?rest_route=\/wp\/v2\/users\/1"}],"replies":[{"embeddable":true,"href":"https:\/\/radiorevelacionfm.cl\/index.php?rest_route=%2Fwp%2Fv2%2Fcomments&post=39276"}],"version-history":[{"count":1,"href":"https:\/\/radiorevelacionfm.cl\/index.php?rest_route=\/wp\/v2\/posts\/39276\/revisions"}],"predecessor-version":[{"id":39277,"href":"https:\/\/radiorevelacionfm.cl\/index.php?rest_route=\/wp\/v2\/posts\/39276\/revisions\/39277"}],"wp:featuredmedia":[{"embeddable":true,"href":"https:\/\/radiorevelacionfm.cl\/index.php?rest_route=\/wp\/v2\/media\/36425"}],"wp:attachment":[{"href":"https:\/\/radiorevelacionfm.cl\/index.php?rest_route=%2Fwp%2Fv2%2Fmedia&parent=39276"}],"wp:term":[{"taxonomy":"category","embeddable":true,"href":"https:\/\/radiorevelacionfm.cl\/index.php?rest_route=%2Fwp%2Fv2%2Fcategories&post=39276"},{"taxonomy":"post_tag","embeddable":true,"href":"https:\/\/radiorevelacionfm.cl\/index.php?rest_route=%2Fwp%2Fv2%2Ftags&post=39276"}],"curies":[{"name":"wp","href":"https:\/\/api.w.org\/{rel}","templated":true}]}}