{"id":39273,"date":"2024-01-29T22:38:11","date_gmt":"2024-01-30T01:38:11","guid":{"rendered":"https:\/\/radiorevelacionfm.cl\/?p=39273"},"modified":"2024-01-29T22:38:11","modified_gmt":"2024-01-30T01:38:11","slug":"reiteran-necesidad-de-pensiones-de-gracia-para-colonos-le-entregan-beneficios-a-delincuentes-y-no-a-quienes-estan-haciendo-patria-en-el-lago-ohiggins","status":"publish","type":"post","link":"https:\/\/radiorevelacionfm.cl\/?p=39273","title":{"rendered":"Reiteran necesidad de Pensiones de Gracia para colonos: \u201cLe entregan beneficios a delincuentes y no a quienes est\u00e1n haciendo patria en el Lago O\u00b4Higgins\u201d"},"content":{"rendered":"<div class=\"flex_column av_one_full  flex_column_div av-zero-column-padding first  avia-builder-el-0  el_before_av_one_full  avia-builder-el-first  \" style='border-radius:0px; '><div  class='avia-image-container  av-styling-    avia-builder-el-1  avia-builder-el-no-sibling  avia-align-center '  itemprop=\"image\" itemscope=\"itemscope\" itemtype=\"https:\/\/schema.org\/ImageObject\"  ><div class='avia-image-container-inner'><div class='avia-image-overlay-wrap'><img decoding=\"async\" class='wp-image-39274 avia-img-lazy-loading-not-39274 avia_image' src=\"https:\/\/radiorevelacionfm.cl\/wp-content\/uploads\/2024\/01\/FOTO-CALISTO-ALCALDE-FICA-1.jpeg\" alt='' title='FOTO CALISTO ALCALDE FICA (1)' height=\"598\" width=\"1066\"  itemprop=\"thumbnailUrl\" srcset=\"https:\/\/radiorevelacionfm.cl\/wp-content\/uploads\/2024\/01\/FOTO-CALISTO-ALCALDE-FICA-1.jpeg 1066w, https:\/\/radiorevelacionfm.cl\/wp-content\/uploads\/2024\/01\/FOTO-CALISTO-ALCALDE-FICA-1-300x168.jpeg 300w, https:\/\/radiorevelacionfm.cl\/wp-content\/uploads\/2024\/01\/FOTO-CALISTO-ALCALDE-FICA-1-1030x578.jpeg 1030w, https:\/\/radiorevelacionfm.cl\/wp-content\/uploads\/2024\/01\/FOTO-CALISTO-ALCALDE-FICA-1-768x431.jpeg 768w, https:\/\/radiorevelacionfm.cl\/wp-content\/uploads\/2024\/01\/FOTO-CALISTO-ALCALDE-FICA-1-705x395.jpeg 705w, https:\/\/radiorevelacionfm.cl\/wp-content\/uploads\/2024\/01\/FOTO-CALISTO-ALCALDE-FICA-1-450x252.jpeg 450w, https:\/\/radiorevelacionfm.cl\/wp-content\/uploads\/2024\/01\/FOTO-CALISTO-ALCALDE-FICA-1-600x337.jpeg 600w\" sizes=\"(max-width: 1066px) 100vw, 1066px\" \/><\/div><\/div><\/div><\/div><div class=\"flex_column av_one_full  flex_column_div av-zero-column-padding first  avia-builder-el-2  el_after_av_one_full  el_before_av_one_full  column-top-margin\" style='border-radius:0px; '><section class=\"av_textblock_section \"  itemscope=\"itemscope\" itemtype=\"https:\/\/schema.org\/BlogPosting\" itemprop=\"blogPost\" ><div class='avia_textblock  '   itemprop=\"text\" ><p style=\"text-align: center;\"><strong><span style=\"font-size: 18pt;\">Reiteran necesidad de Pensiones de Gracia para colonos: \u201cLe entregan beneficios a delincuentes y no a quienes est\u00e1n haciendo patria en el Lago O\u00b4Higgins\u201d<\/span><\/strong><\/p>\n<div id=\"gtx-trans\" style=\"position: absolute; left: -50px; top: 4.31534px;\">\n<div class=\"gtx-trans-icon\"><\/div>\n<\/div>\n<\/div><\/section><\/div><div class=\"flex_column av_one_full  flex_column_div av-zero-column-padding first  avia-builder-el-4  el_after_av_one_full  el_before_av_hr  column-top-margin\" style='border-radius:0px; '><section class=\"av_textblock_section \"  itemscope=\"itemscope\" itemtype=\"https:\/\/schema.org\/BlogPosting\" itemprop=\"blogPost\" ><div class='avia_textblock  '   itemprop=\"text\" ><p style=\"font-weight: 400; text-align: justify;\">En el marco de la pol\u00e9mica que ha causado la entrega de pensiones de gracia a 58 supuestas v\u00edctimas del estallido social que tienen antecedentes penales, incluyendo uno<strong>\u00a0<\/strong>que fue condenado por producci\u00f3n de pornograf\u00eda infantil, el diputado Miguel \u00c1ngel Calisto y el alcalde Jos\u00e9 Fica instaron al Gobierno a entregar este beneficio a 13 colonos de la comuna de Villa O\u00b4Higgins.<\/p>\n<p style=\"font-weight: 400; text-align: justify;\">Seg\u00fan el legislador, \u201cestamos frente a una situaci\u00f3n indignante, porque se le est\u00e1 entregando plata de todos los chilenos a delincuentes, a gente que tiene antecedentes penales grav\u00edsimos, donde se incluye incluso causas de pornograf\u00eda infantil. Esto tiene que parar ya y remediarse de inmediato\u201d.<\/p>\n<p style=\"font-weight: 400; text-align: justify;\">Calisto agreg\u00f3 que \u201cel gobierno debe revocar no s\u00f3lo 25 de las pensiones adjudicadas, sino el total de los casos que tienen antecedentes penales. No podemos premiar a quienes andan cometiendo delitos\u201d.<\/p>\n<p style=\"font-weight: 400; text-align: justify;\">Con respecto a la situaci\u00f3n de los colonos, el legislador se\u00f1al\u00f3 que \u201chace m\u00e1s de dos a\u00f1os que estamos solicitando pensiones de gracia para colonos del sector del Lago O\u00b4Higgins, gente de esfuerzo, que est\u00e1 haciendo patria y que tienen una situaci\u00f3n econ\u00f3mica compleja. Este tipo de personas es la que requiere estos beneficios, no los delincuentes que est\u00e1 premiando este gobierno\u201d.<\/p>\n<p style=\"font-weight: 400; text-align: justify;\">\u201cSe trata de un territorio que hoy en d\u00eda aun est\u00e1 en disputa, con litigios internacionales y lamentablemente no hemos recibido noticias. Nosotros nos reunimos con la Ministra Carolina Toha por este tema, le explicamos y no tuvimos ninguna noticia\u201d, afirm\u00f3.<\/p>\n<p style=\"font-weight: 400; text-align: justify;\"><strong>La solicitud del alcalde<\/strong><\/p>\n<p style=\"font-weight: 400; text-align: justify;\">El alcalde de la comuna, Jos\u00e9 Fica, argument\u00f3 que \u201cjunto al diputado Calisto, presentamos estas pensiones y nos respondieron que no hab\u00eda plata. Se trata de gente del Lago O\u00b4Higgins, algunos j\u00f3venes que se han quedado en el campo de sus padres. Si no se hace un apoyo efectivo a estas personas, van a empezar a vender y se va a despoblar el sector\u201d.<\/p>\n<p style=\"font-weight: 400; text-align: justify;\">Finalmente, el alcalde indic\u00f3 que \u201cel resto son gente que son ancianos. Hay que hacer un esfuerzo y apoyar a esta gente. Este es un sector de soberan\u00eda, no van a ganar plata. Hay que darles un reconocimiento real por la labor que cumplen\u201d.<\/p>\n<\/div><\/section><\/div><div  style='height:50px' class='hr hr-invisible   avia-builder-el-6  el_after_av_one_full  el_before_av_social_share '><span class='hr-inner ' ><span class='hr-inner-style'><\/span><\/span><\/div><\/p>\n<div  class='av-social-sharing-box  avia-builder-el-7  el_after_av_hr  el_before_av_hr  '><div class='av-share-box'><h5 class='av-share-link-description av-no-toc '>Compartir esta noticia<\/h5><ul class='av-share-box-list noLightbox'><li class='av-share-link av-social-link-facebook' ><a target=\"_blank\" aria-label=\"Compartir en Facebook\" href='https:\/\/www.facebook.com\/sharer.php?u=https:\/\/radiorevelacionfm.cl\/?p=39273&#038;t=Reiteran%20necesidad%20de%20Pensiones%20de%20Gracia%20para%20colonos%3A%20%E2%80%9CLe%20entregan%20beneficios%20a%20delincuentes%20y%20no%20a%20quienes%20est%C3%A1n%20haciendo%20patria%20en%20el%20Lago%20O%C2%B4Higgins%E2%80%9D' aria-hidden='false' data-av_icon='\ue8f3' data-av_iconfont='entypo-fontello' title='' data-avia-related-tooltip='Compartir en Facebook' rel=\"noopener\"><span class='avia_hidden_link_text'>Compartir en Facebook<\/span><\/a><\/li><li class='av-share-link av-social-link-twitter' ><a target=\"_blank\" aria-label=\"Compartir en Twitter\" href='https:\/\/twitter.com\/share?text=Reiteran%20necesidad%20de%20Pensiones%20de%20Gracia%20para%20colonos%3A%20%E2%80%9CLe%20entregan%20beneficios%20a%20delincuentes%20y%20no%20a%20quienes%20est%C3%A1n%20haciendo%20patria%20en%20el%20Lago%20O%C2%B4Higgins%E2%80%9D&#038;url=https:\/\/radiorevelacionfm.cl\/?p=39273' aria-hidden='false' data-av_icon='\ue8f1' data-av_iconfont='entypo-fontello' title='' data-avia-related-tooltip='Compartir en Twitter' rel=\"noopener\"><span class='avia_hidden_link_text'>Compartir en Twitter<\/span><\/a><\/li><li class='av-share-link av-social-link-whatsapp' ><a target=\"_blank\" aria-label=\"Compartir en Whatsapp\" href='https:\/\/api.whatsapp.com\/send?text=https:\/\/radiorevelacionfm.cl\/?p=39273' aria-hidden='false' data-av_icon='\uf232' data-av_iconfont='entypo-fontello' title='' data-avia-related-tooltip='Compartir en Whatsapp' rel=\"noopener\"><span class='avia_hidden_link_text'>Compartir en Whatsapp<\/span><\/a><\/li><li class='av-share-link av-social-link-linkedin' ><a target=\"_blank\" aria-label=\"Compartir en LinkedIn\" href='https:\/\/linkedin.com\/shareArticle?mini=true&#038;title=Reiteran%20necesidad%20de%20Pensiones%20de%20Gracia%20para%20colonos%3A%20%E2%80%9CLe%20entregan%20beneficios%20a%20delincuentes%20y%20no%20a%20quienes%20est%C3%A1n%20haciendo%20patria%20en%20el%20Lago%20O%C2%B4Higgins%E2%80%9D&#038;url=https:\/\/radiorevelacionfm.cl\/?p=39273' aria-hidden='false' data-av_icon='\ue8fc' data-av_iconfont='entypo-fontello' title='' data-avia-related-tooltip='Compartir en LinkedIn' rel=\"noopener\"><span class='avia_hidden_link_text'>Compartir en LinkedIn<\/span><\/a><\/li><li class='av-share-link av-social-link-mail' ><a  aria-label=\"Compartir por correo\" href='mailto:?subject=Reiteran%20necesidad%20de%20Pensiones%20de%20Gracia%20para%20colonos%3A%20%E2%80%9CLe%20entregan%20beneficios%20a%20delincuentes%20y%20no%20a%20quienes%20est%C3%A1n%20haciendo%20patria%20en%20el%20Lago%20O%C2%B4Higgins%E2%80%9D&#038;body=https:\/\/radiorevelacionfm.cl\/?p=39273' aria-hidden='false' data-av_icon='\ue805' data-av_iconfont='entypo-fontello' title='' data-avia-related-tooltip='Compartir por correo'><span class='avia_hidden_link_text'>Compartir por correo<\/span><\/a><\/li><\/ul><\/div><\/div>\n<div  style='height:50px' class='hr hr-invisible   avia-builder-el-8  el_after_av_social_share  el_before_av_comments_list '><span class='hr-inner ' ><span class='hr-inner-style'><\/span><\/span><\/div>\n<div  class='av-buildercomment  av-blog-meta-html-info-disabled av-blog-meta-tag-disabled  '><\/div>\n","protected":false},"excerpt":{"rendered":"","protected":false},"author":1,"featured_media":39274,"comment_status":"open","ping_status":"open","sticky":false,"template":"","format":"standard","meta":{"footnotes":""},"categories":[35],"tags":[],"class_list":["post-39273","post","type-post","status-publish","format-standard","has-post-thumbnail","hentry","category-politica"],"jetpack_featured_media_url":"https:\/\/radiorevelacionfm.cl\/wp-content\/uploads\/2024\/01\/FOTO-CALISTO-ALCALDE-FICA-1.jpeg","_links":{"self":[{"href":"https:\/\/radiorevelacionfm.cl\/index.php?rest_route=\/wp\/v2\/posts\/39273","targetHints":{"allow":["GET"]}}],"collection":[{"href":"https:\/\/radiorevelacionfm.cl\/index.php?rest_route=\/wp\/v2\/posts"}],"about":[{"href":"https:\/\/radiorevelacionfm.cl\/index.php?rest_route=\/wp\/v2\/types\/post"}],"author":[{"embeddable":true,"href":"https:\/\/radiorevelacionfm.cl\/index.php?rest_route=\/wp\/v2\/users\/1"}],"replies":[{"embeddable":true,"href":"https:\/\/radiorevelacionfm.cl\/index.php?rest_route=%2Fwp%2Fv2%2Fcomments&post=39273"}],"version-history":[{"count":1,"href":"https:\/\/radiorevelacionfm.cl\/index.php?rest_route=\/wp\/v2\/posts\/39273\/revisions"}],"predecessor-version":[{"id":39275,"href":"https:\/\/radiorevelacionfm.cl\/index.php?rest_route=\/wp\/v2\/posts\/39273\/revisions\/39275"}],"wp:featuredmedia":[{"embeddable":true,"href":"https:\/\/radiorevelacionfm.cl\/index.php?rest_route=\/wp\/v2\/media\/39274"}],"wp:attachment":[{"href":"https:\/\/radiorevelacionfm.cl\/index.php?rest_route=%2Fwp%2Fv2%2Fmedia&parent=39273"}],"wp:term":[{"taxonomy":"category","embeddable":true,"href":"https:\/\/radiorevelacionfm.cl\/index.php?rest_route=%2Fwp%2Fv2%2Fcategories&post=39273"},{"taxonomy":"post_tag","embeddable":true,"href":"https:\/\/radiorevelacionfm.cl\/index.php?rest_route=%2Fwp%2Fv2%2Ftags&post=39273"}],"curies":[{"name":"wp","href":"https:\/\/api.w.org\/{rel}","templated":true}]}}