{"id":39270,"date":"2024-01-29T19:09:28","date_gmt":"2024-01-29T22:09:28","guid":{"rendered":"https:\/\/radiorevelacionfm.cl\/?p=39270"},"modified":"2024-01-29T19:09:28","modified_gmt":"2024-01-29T22:09:28","slug":"anuncian-proyectos-ganadores-del-fondo-de-proteccion-ambiental-en-la-region-de-aysen","status":"publish","type":"post","link":"https:\/\/radiorevelacionfm.cl\/?p=39270","title":{"rendered":"Anuncian proyectos ganadores del Fondo de Protecci\u00f3n Ambiental en la regi\u00f3n de Ays\u00e9n"},"content":{"rendered":"<div class=\"flex_column av_one_full  flex_column_div av-zero-column-padding first  avia-builder-el-0  el_before_av_one_full  avia-builder-el-first  \" style='border-radius:0px; '><div  class='avia-image-container  av-styling-    avia-builder-el-1  avia-builder-el-no-sibling  avia-align-center '  itemprop=\"image\" itemscope=\"itemscope\" itemtype=\"https:\/\/schema.org\/ImageObject\"  ><div class='avia-image-container-inner'><div class='avia-image-overlay-wrap'><img decoding=\"async\" class='wp-image-39271 avia-img-lazy-loading-not-39271 avia_image' src=\"https:\/\/radiorevelacionfm.cl\/wp-content\/uploads\/2024\/01\/fpa-valle-simpson2-1_optimized.jpg\" alt='' title='fpa-valle-simpson2-(1)_optimized' height=\"600\" width=\"824\"  itemprop=\"thumbnailUrl\" srcset=\"https:\/\/radiorevelacionfm.cl\/wp-content\/uploads\/2024\/01\/fpa-valle-simpson2-1_optimized.jpg 824w, https:\/\/radiorevelacionfm.cl\/wp-content\/uploads\/2024\/01\/fpa-valle-simpson2-1_optimized-300x218.jpg 300w, https:\/\/radiorevelacionfm.cl\/wp-content\/uploads\/2024\/01\/fpa-valle-simpson2-1_optimized-768x559.jpg 768w, https:\/\/radiorevelacionfm.cl\/wp-content\/uploads\/2024\/01\/fpa-valle-simpson2-1_optimized-705x513.jpg 705w, https:\/\/radiorevelacionfm.cl\/wp-content\/uploads\/2024\/01\/fpa-valle-simpson2-1_optimized-450x328.jpg 450w, https:\/\/radiorevelacionfm.cl\/wp-content\/uploads\/2024\/01\/fpa-valle-simpson2-1_optimized-600x437.jpg 600w\" sizes=\"(max-width: 824px) 100vw, 824px\" \/><\/div><\/div><\/div><\/div><div class=\"flex_column av_one_full  flex_column_div av-zero-column-padding first  avia-builder-el-2  el_after_av_one_full  el_before_av_one_full  column-top-margin\" style='border-radius:0px; '><section class=\"av_textblock_section \"  itemscope=\"itemscope\" itemtype=\"https:\/\/schema.org\/BlogPosting\" itemprop=\"blogPost\" ><div class='avia_textblock  '   itemprop=\"text\" ><p style=\"text-align: center;\"><strong><span style=\"font-size: 18pt;\">Anuncian proyectos ganadores del Fondo de Protecci\u00f3n Ambiental en la regi\u00f3n de Ays\u00e9n <\/span><\/strong><\/p>\n<div id=\"gtx-trans\" style=\"position: absolute; left: -50px; top: 4.31534px;\">\n<div class=\"gtx-trans-icon\"><\/div>\n<\/div>\n<\/div><\/section><\/div><div class=\"flex_column av_one_full  flex_column_div av-zero-column-padding first  avia-builder-el-4  el_after_av_one_full  el_before_av_hr  column-top-margin\" style='border-radius:0px; '><section class=\"av_textblock_section \"  itemscope=\"itemscope\" itemtype=\"https:\/\/schema.org\/BlogPosting\" itemprop=\"blogPost\" ><div class='avia_textblock  '   itemprop=\"text\" ><p style=\"text-align: justify;\"><em>Se adjudicaron 8 iniciativas ambientales que impactar\u00e1n a las comunidades de Coyhaique, Caleta Andrade, Puerto Ib\u00e1\u00f1ez y Puerto Ays\u00e9n. <\/em><\/p>\n<p style=\"text-align: justify;\">Desde el Ministerio de Medio Ambiente anunciaron los proyectos ganadores del Fondo de Protecci\u00f3n Ambiental FPA 2024, instrumento creado para financiar soluciones ambientales con componentes educativos y de promoci\u00f3n, propuestos por la misma ciudadan\u00eda para transformas y sensibilizar su entorno.<\/p>\n<p style=\"text-align: justify;\">\u201cEn la regi\u00f3n de Ays\u00e9n contamos con un alto inter\u00e9s por parte de la comunidad para participar de estos fondos, cada a\u00f1o acompa\u00f1amos a organizaciones, clubes, juntas de vecinos y centros de padres, en el desarrollo de iniciativas sustentables que tienen su origen en la ciudan\u00eda y cuyo beneficio es tambi\u00e9n para sus comunidades y no solo eso, sino que adem\u00e1s educan al entorno inmediato, a sus redes y se convierten en gestores ambientales y agentes de cambio\u201d, recalc\u00f3 el profesional encargado del FPA de la Seremi del Medio Ambiente, Juan Luis R\u00edos.<\/p>\n<p style=\"text-align: justify;\">Para la versi\u00f3n 2024 del fondo las organizaciones de la regi\u00f3n de Ays\u00e9n pod\u00edan presentar sus iniciativas a 3 concursos: Proyectos Sustentables Ciudadanos, dirigido a personas jur\u00eddicas, de derecho privado, sin fines de lucro; Proyectos Sustentables en Establecimientos Educacionales, destinado a centros de padres y apoderados; y la tercera l\u00ednea corresponde a Proyectos Sustentables para Pueblos Ind\u00edgenas, dirigido a asociaciones y comunidades ind\u00edgenas del registro CONADI. Todos en proyectos relacionados con ecot\u00e9cnicas h\u00eddricas; cambio clim\u00e1tico y descontaminaci\u00f3n ambiental; econom\u00eda circular y gesti\u00f3n de residuos; valoraci\u00f3n y conservaci\u00f3n de la biodiversidad y; eficiencia h\u00eddrica y energ\u00e9tica.<\/p>\n<p style=\"text-align: justify;\">Para la regi\u00f3n de Ays\u00e9n, fueron 8 las iniciativas seleccionadas y que apostar\u00e1n por soluciones ambientales con mirada local en cuatro comunas. En la l\u00ednea Proyectos Sustentables en Establecimientos Educacionales, han adjudicado sus iniciativas los centros generales de padres y apoderados de Escuela Carlos Condell de Caleta Andrade, con el proyecto \u201cSenderos educativos: Un recorrido por las \u00e1reas verdes de mi escuela\u201d que tiene como principal objetivo la creaci\u00f3n de un sendero interpretativo;\u00a0 de la Escuela Ays\u00e9n de Puerto Ays\u00e9n, con el proyecto \u201c Semillas de cambio educaci\u00f3n ambiental en Econom\u00eda Circular y Gesti\u00f3n de Residuos\u201d, con el que buscar\u00e1n capacitaci\u00f3n, construir\u00e1n un invernadero, implementar\u00e1n estaciones de compostaje y vermicompostaje y realizar\u00e1n una serie de actividades art\u00edsticas de sensibilizaci\u00f3n para la comunidad; de Escuela Aonikenk de Puerto Ingeniero Ib\u00e1\u00f1ez, con la iniciativa \u201cAonikenk recicla: Cuidando nuestra casa com\u00fan\u201d con el que instalar\u00e1n 2 puntos verdes para la separaci\u00f3n de: Papel y cart\u00f3n, latas de aluminio, org\u00e1nico y pl\u00e1sticos adem\u00e1s de una compostera; de la escuela El Camino de Coyhaique con el proyecto \u201cNuestro punto verde\u201d que implementar\u00e1 un punto de reciclaje para promover la conciencia ambiental en la comunidad educativa; del Liceo t\u00e9cnico profesional Ricardo Navarrete Barr\u00eda con el proyecto \u201cInvierno Verde\u201d, consistente en la construcci\u00f3n e instalaci\u00f3n de invernadero educativo para aprender sobre soberan\u00eda alimentaria, reciclaje de desechos org\u00e1nicos, lombricultura y compostaje; y finalmente \u00a0el centro de familias del colegio Peque\u00f1os Exploradores de Coyhaique, quienes apostar\u00e1n por paneles fotovoltaicos en sus establecimiento educacional.<\/p>\n<p style=\"text-align: justify;\">En la l\u00ednea Proyectos Sustentables Ciudadanos, los ganadores fueron el Comit\u00e9 de Desarrollo Productivo Villa Cerro Divisadero de Coyhaique, con la iniciativa \u201cHuerto Terap\u00e9utico Comunitario Villa Cerro Divisadero\u201d, que tiene por objetivo promover la producci\u00f3n sustentable de plantas medicinales y hortalizas, el cuidado del medio ambiente, la entrega de plantas medicinales y alimentos frescos y saludables a los miembros de la comunidad, y a realizaci\u00f3n de talleres de sensibilizaci\u00f3n; En Ra\u00fal Mar\u00edn Balmaceda fue la\u00a0 Asociaci\u00f3n gremial de turismo y comercio de Puerto Ra\u00fal Mar\u00edn Balmaceda quienes adjudicaron el proyecto \u201cMejoramiento y habilitaci\u00f3n Sendero Los Arrayanes\u201d.<\/p>\n<p style=\"text-align: justify;\">La educaci\u00f3n ambiental es un proceso permanente que compromete a toda la comunidad, para conocer, valorar y aprender a convivir de manera respetuosa y solidaria con los distintos ecosistemas en que estamos insertos. En esta l\u00ednea, los proyectos del Fondo de Protecci\u00f3n Ambiental se soportan en un pilar central, que es la Educaci\u00f3n Ambiental con las comunidades donde se emplazan. Son una instancia de sensibilizaci\u00f3n y aprendizaje sobre diversos temas ambientales, y donde se ven beneficiadas organizaciones vecinales, establecimientos educacionales y otras emplazadas en el territorio.<\/p>\n<p style=\"text-align: justify;\">Los resultados del Concurso del FPA 2024 dieron cuenta del financiamiento 136 proyectos a nivel pa\u00eds, considerando una entrega de recursos del orden de 816 millones de pesos, lo que implica un aumento de un 11% en total de proyectos financiados, manteniendo adem\u00e1s el monto considerado por proyecto que en 2023 pas\u00f3 de los 4,5 millones, a 6 millones de pesos para cada iniciativa.<\/p>\n<p style=\"text-align: justify;\">En la regi\u00f3n de Ays\u00e9n a\u00fan se encuentran en proceso de cierre las iniciativas 2023 que han dado cuenta de procesos exitosos como la recuperaci\u00f3n del sector Quebrada la Cruz, la creaci\u00f3n del Centro comunitario ap\u00edcola en Valle Simpson, la tercera versi\u00f3n de la iniciativa \u201cLombricando Vamos Avanzando\u201d; el bosque nativo del jard\u00edn infantil El Para\u00edso, de Puerto Guadal; y \u201cUpcycling textil\u201d del Colegio Santa Teresa de los Andes de Puerto Ays\u00e9n, ente otros; confirmando una vez m\u00e1s el sentido del FPA como una herramienta de desarrollo ambiental que permite dar el punta pie inicial para que la comunidad organizada concrete iniciativas con pertinencia local que impacten a las comunidades donde est\u00e1n insertas y se sostengan en el tiempo.<\/p>\n<\/div><\/section><\/div><div  style='height:50px' class='hr hr-invisible   avia-builder-el-6  el_after_av_one_full  el_before_av_social_share '><span class='hr-inner ' ><span class='hr-inner-style'><\/span><\/span><\/div><\/p>\n<div  class='av-social-sharing-box  avia-builder-el-7  el_after_av_hr  el_before_av_hr  '><div class='av-share-box'><h5 class='av-share-link-description av-no-toc '>Compartir esta noticia<\/h5><ul class='av-share-box-list noLightbox'><li class='av-share-link av-social-link-facebook' ><a target=\"_blank\" aria-label=\"Compartir en Facebook\" href='https:\/\/www.facebook.com\/sharer.php?u=https:\/\/radiorevelacionfm.cl\/?p=39270&#038;t=Anuncian%20proyectos%20ganadores%20del%20Fondo%20de%20Protecci%C3%B3n%20Ambiental%20en%20la%20regi%C3%B3n%20de%20Ays%C3%A9n' aria-hidden='false' data-av_icon='\ue8f3' data-av_iconfont='entypo-fontello' title='' data-avia-related-tooltip='Compartir en Facebook' rel=\"noopener\"><span class='avia_hidden_link_text'>Compartir en Facebook<\/span><\/a><\/li><li class='av-share-link av-social-link-twitter' ><a target=\"_blank\" aria-label=\"Compartir en Twitter\" href='https:\/\/twitter.com\/share?text=Anuncian%20proyectos%20ganadores%20del%20Fondo%20de%20Protecci%C3%B3n%20Ambiental%20en%20la%20regi%C3%B3n%20de%20Ays%C3%A9n&#038;url=https:\/\/radiorevelacionfm.cl\/?p=39270' aria-hidden='false' data-av_icon='\ue8f1' data-av_iconfont='entypo-fontello' title='' data-avia-related-tooltip='Compartir en Twitter' rel=\"noopener\"><span class='avia_hidden_link_text'>Compartir en Twitter<\/span><\/a><\/li><li class='av-share-link av-social-link-whatsapp' ><a target=\"_blank\" aria-label=\"Compartir en Whatsapp\" href='https:\/\/api.whatsapp.com\/send?text=https:\/\/radiorevelacionfm.cl\/?p=39270' aria-hidden='false' data-av_icon='\uf232' data-av_iconfont='entypo-fontello' title='' data-avia-related-tooltip='Compartir en Whatsapp' rel=\"noopener\"><span class='avia_hidden_link_text'>Compartir en Whatsapp<\/span><\/a><\/li><li class='av-share-link av-social-link-linkedin' ><a target=\"_blank\" aria-label=\"Compartir en LinkedIn\" href='https:\/\/linkedin.com\/shareArticle?mini=true&#038;title=Anuncian%20proyectos%20ganadores%20del%20Fondo%20de%20Protecci%C3%B3n%20Ambiental%20en%20la%20regi%C3%B3n%20de%20Ays%C3%A9n&#038;url=https:\/\/radiorevelacionfm.cl\/?p=39270' aria-hidden='false' data-av_icon='\ue8fc' data-av_iconfont='entypo-fontello' title='' data-avia-related-tooltip='Compartir en LinkedIn' rel=\"noopener\"><span class='avia_hidden_link_text'>Compartir en LinkedIn<\/span><\/a><\/li><li class='av-share-link av-social-link-mail' ><a  aria-label=\"Compartir por correo\" href='mailto:?subject=Anuncian%20proyectos%20ganadores%20del%20Fondo%20de%20Protecci%C3%B3n%20Ambiental%20en%20la%20regi%C3%B3n%20de%20Ays%C3%A9n&#038;body=https:\/\/radiorevelacionfm.cl\/?p=39270' aria-hidden='false' data-av_icon='\ue805' data-av_iconfont='entypo-fontello' title='' data-avia-related-tooltip='Compartir por correo'><span class='avia_hidden_link_text'>Compartir por correo<\/span><\/a><\/li><\/ul><\/div><\/div>\n<div  style='height:50px' class='hr hr-invisible   avia-builder-el-8  el_after_av_social_share  el_before_av_comments_list '><span class='hr-inner ' ><span class='hr-inner-style'><\/span><\/span><\/div>\n<div  class='av-buildercomment  av-blog-meta-html-info-disabled av-blog-meta-tag-disabled  '><\/div>\n","protected":false},"excerpt":{"rendered":"","protected":false},"author":1,"featured_media":39271,"comment_status":"open","ping_status":"open","sticky":false,"template":"","format":"standard","meta":{"footnotes":""},"categories":[39],"tags":[],"class_list":["post-39270","post","type-post","status-publish","format-standard","has-post-thumbnail","hentry","category-medio-ambiente"],"jetpack_featured_media_url":"https:\/\/radiorevelacionfm.cl\/wp-content\/uploads\/2024\/01\/fpa-valle-simpson2-1_optimized.jpg","_links":{"self":[{"href":"https:\/\/radiorevelacionfm.cl\/index.php?rest_route=\/wp\/v2\/posts\/39270","targetHints":{"allow":["GET"]}}],"collection":[{"href":"https:\/\/radiorevelacionfm.cl\/index.php?rest_route=\/wp\/v2\/posts"}],"about":[{"href":"https:\/\/radiorevelacionfm.cl\/index.php?rest_route=\/wp\/v2\/types\/post"}],"author":[{"embeddable":true,"href":"https:\/\/radiorevelacionfm.cl\/index.php?rest_route=\/wp\/v2\/users\/1"}],"replies":[{"embeddable":true,"href":"https:\/\/radiorevelacionfm.cl\/index.php?rest_route=%2Fwp%2Fv2%2Fcomments&post=39270"}],"version-history":[{"count":1,"href":"https:\/\/radiorevelacionfm.cl\/index.php?rest_route=\/wp\/v2\/posts\/39270\/revisions"}],"predecessor-version":[{"id":39272,"href":"https:\/\/radiorevelacionfm.cl\/index.php?rest_route=\/wp\/v2\/posts\/39270\/revisions\/39272"}],"wp:featuredmedia":[{"embeddable":true,"href":"https:\/\/radiorevelacionfm.cl\/index.php?rest_route=\/wp\/v2\/media\/39271"}],"wp:attachment":[{"href":"https:\/\/radiorevelacionfm.cl\/index.php?rest_route=%2Fwp%2Fv2%2Fmedia&parent=39270"}],"wp:term":[{"taxonomy":"category","embeddable":true,"href":"https:\/\/radiorevelacionfm.cl\/index.php?rest_route=%2Fwp%2Fv2%2Fcategories&post=39270"},{"taxonomy":"post_tag","embeddable":true,"href":"https:\/\/radiorevelacionfm.cl\/index.php?rest_route=%2Fwp%2Fv2%2Ftags&post=39270"}],"curies":[{"name":"wp","href":"https:\/\/api.w.org\/{rel}","templated":true}]}}