{"id":39267,"date":"2024-01-29T17:27:36","date_gmt":"2024-01-29T20:27:36","guid":{"rendered":"https:\/\/radiorevelacionfm.cl\/?p=39267"},"modified":"2024-01-29T17:27:36","modified_gmt":"2024-01-29T20:27:36","slug":"inician-distribucion-de-fondo-social-presidente-de-la-republica-en-la-comuna-de-chile-chico","status":"publish","type":"post","link":"https:\/\/radiorevelacionfm.cl\/?p=39267","title":{"rendered":"Inician distribuci\u00f3n de Fondo Social Presidente de la Rep\u00fablica en la comuna de Chile Chico"},"content":{"rendered":"<div class=\"flex_column av_one_full  flex_column_div av-zero-column-padding first  avia-builder-el-0  el_before_av_one_full  avia-builder-el-first  \" style='border-radius:0px; '><div  class='avia-image-container  av-styling-    avia-builder-el-1  avia-builder-el-no-sibling  avia-align-center '  itemprop=\"image\" itemscope=\"itemscope\" itemtype=\"https:\/\/schema.org\/ImageObject\"  ><div class='avia-image-container-inner'><div class='avia-image-overlay-wrap'><img decoding=\"async\" class='wp-image-39268 avia-img-lazy-loading-not-39268 avia_image' src=\"https:\/\/radiorevelacionfm.cl\/wp-content\/uploads\/2024\/01\/pxl_20240124_133254726_optimized.mp-1-1.jpg\" alt='' title='pxl_20240124_133254726_optimized.mp-(1) (1)' height=\"600\" width=\"1067\"  itemprop=\"thumbnailUrl\" srcset=\"https:\/\/radiorevelacionfm.cl\/wp-content\/uploads\/2024\/01\/pxl_20240124_133254726_optimized.mp-1-1.jpg 1067w, https:\/\/radiorevelacionfm.cl\/wp-content\/uploads\/2024\/01\/pxl_20240124_133254726_optimized.mp-1-1-300x169.jpg 300w, https:\/\/radiorevelacionfm.cl\/wp-content\/uploads\/2024\/01\/pxl_20240124_133254726_optimized.mp-1-1-1030x579.jpg 1030w, https:\/\/radiorevelacionfm.cl\/wp-content\/uploads\/2024\/01\/pxl_20240124_133254726_optimized.mp-1-1-768x432.jpg 768w, https:\/\/radiorevelacionfm.cl\/wp-content\/uploads\/2024\/01\/pxl_20240124_133254726_optimized.mp-1-1-705x396.jpg 705w, https:\/\/radiorevelacionfm.cl\/wp-content\/uploads\/2024\/01\/pxl_20240124_133254726_optimized.mp-1-1-450x253.jpg 450w, https:\/\/radiorevelacionfm.cl\/wp-content\/uploads\/2024\/01\/pxl_20240124_133254726_optimized.mp-1-1-600x337.jpg 600w\" sizes=\"(max-width: 1067px) 100vw, 1067px\" \/><\/div><\/div><\/div><\/div><div class=\"flex_column av_one_full  flex_column_div av-zero-column-padding first  avia-builder-el-2  el_after_av_one_full  el_before_av_one_full  column-top-margin\" style='border-radius:0px; '><section class=\"av_textblock_section \"  itemscope=\"itemscope\" itemtype=\"https:\/\/schema.org\/BlogPosting\" itemprop=\"blogPost\" ><div class='avia_textblock  '   itemprop=\"text\" ><p style=\"text-align: center;\"><strong><span style=\"font-size: 18pt;\">Inician distribuci\u00f3n de Fondo Social Presidente de la Rep\u00fablica en la comuna de Chile Chico <\/span><\/strong><\/p>\n<div id=\"gtx-trans\" style=\"position: absolute; left: -50px; top: 4.31534px;\">\n<div class=\"gtx-trans-icon\"><\/div>\n<\/div>\n<\/div><\/section><\/div><div class=\"flex_column av_one_full  flex_column_div av-zero-column-padding first  avia-builder-el-4  el_after_av_one_full  el_before_av_hr  column-top-margin\" style='border-radius:0px; '><section class=\"av_textblock_section \"  itemscope=\"itemscope\" itemtype=\"https:\/\/schema.org\/BlogPosting\" itemprop=\"blogPost\" ><div class='avia_textblock  '   itemprop=\"text\" ><p style=\"text-align: justify;\"><em>En total, 12 organizaciones sociales de Chile Chico fueron beneficiadas por este fondo, formando parte de las 22 agrupaciones favorecidas en la provincia de General Carrera con un total de m\u00e1s de $85 millones.<\/em><\/p>\n<p style=\"text-align: justify;\">Despu\u00e9s de un trabajo realizado por la Delegaci\u00f3n Presidencial Provincial de General Carrera con las comunidades y organizaciones durante 2023, se llevaron a cabo proyectos de alto impacto social y comunitario. Adem\u00e1s, se busc\u00f3 descentralizar territorialmente este beneficio en General Carrera, de modo que la mayor\u00eda de las localidades de la provincia cuenten con organizaciones que se adjudicaron el Fondo Social Presidente de la Rep\u00fablica.<\/p>\n<p style=\"text-align: justify;\">Puerto Bertrand, Puerto Guadal, Mall\u00edn Grande y Chile Chico son las organizaciones que este a\u00f1o se adjudicaron el Fondo Social Presidente de la Rep\u00fablica en la comuna de la ribera sur del lago General Carrera. Durante la \u00faltima semana, recibieron de manos del delegado presidencial provincial, Crist\u00f3bal Barcel\u00f3, el diploma y el cheque que las acredita como beneficiarias.<\/p>\n<p style=\"text-align: justify;\">La entrega se realiz\u00f3 en dos d\u00edas para visitar personalmente todas las localidades y tener la oportunidad de conversar con las directivas, conocer en detalle los proyectos y su impacto positivo en la comunidad. Por ejemplo, la idea de generar noches de cine en Puerto Bertrand o equipar la sede de los adultos mayores de Mall\u00edn Grande.<\/p>\n<p style=\"text-align: justify;\">El delegado Crist\u00f3bal Barcel\u00f3 coment\u00f3 sobre esta entrega de fondos que forma parte del \u00abplan de gobierno de nuestro presidente Gabriel Boric, donde se destaca el fortalecimiento de las organizaciones sociales, el trabajo comunitario y el impulso al desarrollo de las comunidades en las localidades. Por supuesto, esto beneficia a toda la comunidad de la provincia\u00bb. Adem\u00e1s, la autoridad resalt\u00f3 la entrega de fondos de casi $40 millones a la AG de Chacareros y Ganaderos del Lago General Carrera para la construcci\u00f3n de una sala multiprop\u00f3sito, indicando que \u00ables permitir\u00e1 desarrollar sus labores productivas, mostrar los resultados de su trabajo a la comunidad y generar ventas e ingresos\u00bb, concluy\u00f3 Barcel\u00f3 Veas.<\/p>\n<p style=\"text-align: justify;\">Una de las organizaciones sociales beneficiadas fue la asociaci\u00f3n de pensionados y jubilados Humberto Orellana Mella de Chile Chico, que obtuvo los fondos para la compra de parlantes y un televisor que facilitar\u00e1n el desarrollo de actividades como el baile entretenido. La tesorera, Mirta C\u00e1rdenas, envi\u00f3 un mensaje a todas las organizaciones sociales: \u00abYo les dir\u00eda a todas las organizaciones que hay, especialmente aqu\u00ed en nuestra regi\u00f3n, que es dif\u00edcil ganarse proyectos, que postulen sin dudar, que pidan ayuda a la Delegaci\u00f3n (&#8230;). No pierdan estas oportunidades para obtener proyectos y adquirir implementaci\u00f3n u otras cosas que hagan falta\u00bb.<\/p>\n<p style=\"text-align: justify;\">En las pr\u00f3ximas semanas, est\u00e1 prevista la entrega en la comuna de R\u00edo Ib\u00e1\u00f1ez, desde donde tambi\u00e9n han surgido interesantes proyectos. As\u00ed, reforzamos el compromiso continuo de nuestro Gobierno con el fortalecimiento de las comunidades y el respaldo a iniciativas colectivas.<\/p>\n<\/div><\/section><\/div><div  style='height:50px' class='hr hr-invisible   avia-builder-el-6  el_after_av_one_full  el_before_av_social_share '><span class='hr-inner ' ><span class='hr-inner-style'><\/span><\/span><\/div><\/p>\n<div  class='av-social-sharing-box  avia-builder-el-7  el_after_av_hr  el_before_av_hr  '><div class='av-share-box'><h5 class='av-share-link-description av-no-toc '>Compartir esta noticia<\/h5><ul class='av-share-box-list noLightbox'><li class='av-share-link av-social-link-facebook' ><a target=\"_blank\" aria-label=\"Compartir en Facebook\" href='https:\/\/www.facebook.com\/sharer.php?u=https:\/\/radiorevelacionfm.cl\/?p=39267&#038;t=Inician%20distribuci%C3%B3n%20de%20Fondo%20Social%20Presidente%20de%20la%20Rep%C3%BAblica%20en%20la%20comuna%20de%20Chile%20Chico' aria-hidden='false' data-av_icon='\ue8f3' data-av_iconfont='entypo-fontello' title='' data-avia-related-tooltip='Compartir en Facebook' rel=\"noopener\"><span class='avia_hidden_link_text'>Compartir en Facebook<\/span><\/a><\/li><li class='av-share-link av-social-link-twitter' ><a target=\"_blank\" aria-label=\"Compartir en Twitter\" href='https:\/\/twitter.com\/share?text=Inician%20distribuci%C3%B3n%20de%20Fondo%20Social%20Presidente%20de%20la%20Rep%C3%BAblica%20en%20la%20comuna%20de%20Chile%20Chico&#038;url=https:\/\/radiorevelacionfm.cl\/?p=39267' aria-hidden='false' data-av_icon='\ue8f1' data-av_iconfont='entypo-fontello' title='' data-avia-related-tooltip='Compartir en Twitter' rel=\"noopener\"><span class='avia_hidden_link_text'>Compartir en Twitter<\/span><\/a><\/li><li class='av-share-link av-social-link-whatsapp' ><a target=\"_blank\" aria-label=\"Compartir en Whatsapp\" href='https:\/\/api.whatsapp.com\/send?text=https:\/\/radiorevelacionfm.cl\/?p=39267' aria-hidden='false' data-av_icon='\uf232' data-av_iconfont='entypo-fontello' title='' data-avia-related-tooltip='Compartir en Whatsapp' rel=\"noopener\"><span class='avia_hidden_link_text'>Compartir en Whatsapp<\/span><\/a><\/li><li class='av-share-link av-social-link-linkedin' ><a target=\"_blank\" aria-label=\"Compartir en LinkedIn\" href='https:\/\/linkedin.com\/shareArticle?mini=true&#038;title=Inician%20distribuci%C3%B3n%20de%20Fondo%20Social%20Presidente%20de%20la%20Rep%C3%BAblica%20en%20la%20comuna%20de%20Chile%20Chico&#038;url=https:\/\/radiorevelacionfm.cl\/?p=39267' aria-hidden='false' data-av_icon='\ue8fc' data-av_iconfont='entypo-fontello' title='' data-avia-related-tooltip='Compartir en LinkedIn' rel=\"noopener\"><span class='avia_hidden_link_text'>Compartir en LinkedIn<\/span><\/a><\/li><li class='av-share-link av-social-link-mail' ><a  aria-label=\"Compartir por correo\" href='mailto:?subject=Inician%20distribuci%C3%B3n%20de%20Fondo%20Social%20Presidente%20de%20la%20Rep%C3%BAblica%20en%20la%20comuna%20de%20Chile%20Chico&#038;body=https:\/\/radiorevelacionfm.cl\/?p=39267' aria-hidden='false' data-av_icon='\ue805' data-av_iconfont='entypo-fontello' title='' data-avia-related-tooltip='Compartir por correo'><span class='avia_hidden_link_text'>Compartir por correo<\/span><\/a><\/li><\/ul><\/div><\/div>\n<div  style='height:50px' class='hr hr-invisible   avia-builder-el-8  el_after_av_social_share  el_before_av_comments_list '><span class='hr-inner ' ><span class='hr-inner-style'><\/span><\/span><\/div>\n<div  class='av-buildercomment  av-blog-meta-html-info-disabled av-blog-meta-tag-disabled  '><\/div>\n","protected":false},"excerpt":{"rendered":"","protected":false},"author":1,"featured_media":39268,"comment_status":"open","ping_status":"open","sticky":false,"template":"","format":"standard","meta":{"footnotes":""},"categories":[38],"tags":[],"class_list":["post-39267","post","type-post","status-publish","format-standard","has-post-thumbnail","hentry","category-regional"],"jetpack_featured_media_url":"https:\/\/radiorevelacionfm.cl\/wp-content\/uploads\/2024\/01\/pxl_20240124_133254726_optimized.mp-1-1.jpg","_links":{"self":[{"href":"https:\/\/radiorevelacionfm.cl\/index.php?rest_route=\/wp\/v2\/posts\/39267","targetHints":{"allow":["GET"]}}],"collection":[{"href":"https:\/\/radiorevelacionfm.cl\/index.php?rest_route=\/wp\/v2\/posts"}],"about":[{"href":"https:\/\/radiorevelacionfm.cl\/index.php?rest_route=\/wp\/v2\/types\/post"}],"author":[{"embeddable":true,"href":"https:\/\/radiorevelacionfm.cl\/index.php?rest_route=\/wp\/v2\/users\/1"}],"replies":[{"embeddable":true,"href":"https:\/\/radiorevelacionfm.cl\/index.php?rest_route=%2Fwp%2Fv2%2Fcomments&post=39267"}],"version-history":[{"count":1,"href":"https:\/\/radiorevelacionfm.cl\/index.php?rest_route=\/wp\/v2\/posts\/39267\/revisions"}],"predecessor-version":[{"id":39269,"href":"https:\/\/radiorevelacionfm.cl\/index.php?rest_route=\/wp\/v2\/posts\/39267\/revisions\/39269"}],"wp:featuredmedia":[{"embeddable":true,"href":"https:\/\/radiorevelacionfm.cl\/index.php?rest_route=\/wp\/v2\/media\/39268"}],"wp:attachment":[{"href":"https:\/\/radiorevelacionfm.cl\/index.php?rest_route=%2Fwp%2Fv2%2Fmedia&parent=39267"}],"wp:term":[{"taxonomy":"category","embeddable":true,"href":"https:\/\/radiorevelacionfm.cl\/index.php?rest_route=%2Fwp%2Fv2%2Fcategories&post=39267"},{"taxonomy":"post_tag","embeddable":true,"href":"https:\/\/radiorevelacionfm.cl\/index.php?rest_route=%2Fwp%2Fv2%2Ftags&post=39267"}],"curies":[{"name":"wp","href":"https:\/\/api.w.org\/{rel}","templated":true}]}}