{"id":39264,"date":"2024-01-29T16:07:05","date_gmt":"2024-01-29T19:07:05","guid":{"rendered":"https:\/\/radiorevelacionfm.cl\/?p=39264"},"modified":"2024-01-29T16:07:05","modified_gmt":"2024-01-29T19:07:05","slug":"leda-andrade-es-coronada-bella-mujer-de-aysen-concurso-unio-generaciones-y-recupero-el-trabajo-en-comunidad","status":"publish","type":"post","link":"https:\/\/radiorevelacionfm.cl\/?p=39264","title":{"rendered":"Leda Andrade es coronada \u201cBella Mujer de Ays\u00e9n\u201d concurso uni\u00f3 generaciones y recuper\u00f3 el trabajo en comunidad"},"content":{"rendered":"<div class=\"flex_column av_one_full  flex_column_div av-zero-column-padding first  avia-builder-el-0  el_before_av_one_full  avia-builder-el-first  \" style='border-radius:0px; '><div  class='avia-image-container  av-styling-    avia-builder-el-1  avia-builder-el-no-sibling  avia-align-center '  itemprop=\"image\" itemscope=\"itemscope\" itemtype=\"https:\/\/schema.org\/ImageObject\"  ><div class='avia-image-container-inner'><div class='avia-image-overlay-wrap'><img decoding=\"async\" class='wp-image-39265 avia-img-lazy-loading-not-39265 avia_image' src=\"https:\/\/radiorevelacionfm.cl\/wp-content\/uploads\/2024\/01\/reina-2-1_optimized.jpg\" alt='' title='reina-2-(1)_optimized' height=\"600\" width=\"1068\"  itemprop=\"thumbnailUrl\" srcset=\"https:\/\/radiorevelacionfm.cl\/wp-content\/uploads\/2024\/01\/reina-2-1_optimized.jpg 1068w, https:\/\/radiorevelacionfm.cl\/wp-content\/uploads\/2024\/01\/reina-2-1_optimized-300x169.jpg 300w, https:\/\/radiorevelacionfm.cl\/wp-content\/uploads\/2024\/01\/reina-2-1_optimized-1030x579.jpg 1030w, https:\/\/radiorevelacionfm.cl\/wp-content\/uploads\/2024\/01\/reina-2-1_optimized-768x431.jpg 768w, https:\/\/radiorevelacionfm.cl\/wp-content\/uploads\/2024\/01\/reina-2-1_optimized-705x396.jpg 705w, https:\/\/radiorevelacionfm.cl\/wp-content\/uploads\/2024\/01\/reina-2-1_optimized-450x253.jpg 450w, https:\/\/radiorevelacionfm.cl\/wp-content\/uploads\/2024\/01\/reina-2-1_optimized-600x337.jpg 600w\" sizes=\"(max-width: 1068px) 100vw, 1068px\" \/><\/div><\/div><\/div><\/div><div class=\"flex_column av_one_full  flex_column_div av-zero-column-padding first  avia-builder-el-2  el_after_av_one_full  el_before_av_one_full  column-top-margin\" style='border-radius:0px; '><section class=\"av_textblock_section \"  itemscope=\"itemscope\" itemtype=\"https:\/\/schema.org\/BlogPosting\" itemprop=\"blogPost\" ><div class='avia_textblock  '   itemprop=\"text\" ><p style=\"text-align: center;\"><strong><span style=\"font-size: 18pt;\">Leda Andrade es coronada \u201cBella Mujer de Ays\u00e9n\u201d concurso uni\u00f3 generaciones y recuper\u00f3 el trabajo en comunidad<\/span><\/strong><\/p>\n<div id=\"gtx-trans\" style=\"position: absolute; left: -50px; top: 4.31534px;\">\n<div class=\"gtx-trans-icon\"><\/div>\n<\/div>\n<\/div><\/section><\/div><div class=\"flex_column av_one_full  flex_column_div av-zero-column-padding first  avia-builder-el-4  el_after_av_one_full  el_before_av_hr  column-top-margin\" style='border-radius:0px; '><section class=\"av_textblock_section \"  itemscope=\"itemscope\" itemtype=\"https:\/\/schema.org\/BlogPosting\" itemprop=\"blogPost\" ><div class='avia_textblock  '   itemprop=\"text\" ><p style=\"text-align: justify;\"><em>La Virreina Eliza Jacob agradeci\u00f3 el apoyo de sus vecinos, amigos y familiares, enfatizando que el recuperar el formato donde participan las juntas de vecinos, debe continuar.<\/em><\/p>\n<p style=\"text-align: justify;\">En el aniversario 96 de Puerto Ays\u00e9n se realiz\u00f3 el lanzamiento del concurso \u201cBella Mujer de Ays\u00e9n\u201d, iniciativa que ven\u00eda a cambiar radicalmente los cert\u00e1menes anteriores, donde primaban los atributos f\u00edsicos. Hoy en cambio, se valor\u00f3 su cercan\u00eda con la comunidad, su aporte como dirigente social y la trayectoria en bien de la ciudadan\u00eda y el crecimiento de Puerto Ays\u00e9n, independiente de las caracter\u00edsticas f\u00edsicas y la edad.<\/p>\n<p style=\"text-align: justify;\">Es as\u00ed que, tras la convocatoria se presentaron dos candidatas representando a sus respectivas juntas de vecinos, Eliza Jacob (18) a la Villa Cerro Cord\u00f3n del sector Ribera Sur y Leda Andrade (74) al sector Pedro Aguirre Cerda. Ambas, participaron activamente en cada una de las actividades que la comisi\u00f3n organizadora del aniversario les ten\u00eda preparadas, en sus sectores el apoyo de los vecinos, familiares y amigos se hizo notar, llegando con gran respaldo comunitario, por ejemplo, al concurso de carros aleg\u00f3ricos.<\/p>\n<p style=\"text-align: justify;\">Finalmente, y con una diferencia muy menor en los porcentajes, se convirti\u00f3 en \u201cBella Mujer de Ays\u00e9n\u201d, Leda Andrade, quien no ocult\u00f3 su emoci\u00f3n, ya que, fue la primera vez que se enfrentaba a un desaf\u00edo como este, pero el respaldo ciudadano fue primordial, remarc\u00f3.<\/p>\n<p style=\"text-align: justify;\">\u201cPrimera vez en mi vida que participaba en algo as\u00ed, para m\u00ed es un sue\u00f1o fabuloso y nunca lo esperaba, estoy totalmente emocionada. Lo m\u00e1s lindo fue compartir, juntarnos todos los d\u00edas como junta de vecinos con muchas personas trabajando durante las tardes, eso es algo que hace muchos a\u00f1os no se ve\u00eda. As\u00ed es que, ojal\u00e1 que el pr\u00f3ximo a\u00f1o se sumen m\u00e1s juntas de vecinos, porque yo esperaba que hubiesen sido al menos cuatro este a\u00f1o, pero no fue as\u00ed, fuimos dos, pero buenas. Tuvimos mucho apoyo de los vecinos, de lo contrario, no se habr\u00eda logrado lo que hicimos, me apoyaron mucho, estoy agradecida de todos mis vecinos y de todas las personas que ayudaron, hubo tambi\u00e9n mucha gente particular apoyando\u201d.<\/p>\n<p style=\"text-align: justify;\">Para Eliza Jacob, Virreina del concurso \u201cBella Mujer de Ays\u00e9n\u201d, esta fue una linda experiencia y al concluir la competencia, \u201cestaba muy emocionada, siempre hab\u00eda querido participar en esto, siempre ha sido mi sue\u00f1o y ahora lo logre. Tuve harto apoyo, no solamente de la junta de vecinos, de mis pap\u00e1s sobretodo y que siempre me han apoyado, de la junta de vecinos que estaban s\u00faper organizados y en todas las actividades siempre apoyando, dando ideas, mis amigos igual, aunque son poquitos yo s\u00e9 que me apoyan, yo los aprecio y los quiero harto\u201d.<\/p>\n<p style=\"text-align: justify;\">El Alcalde de la comuna de Ays\u00e9n, Julio Uribe, manifest\u00f3 que el trabajar con las juntas de vecinos y retomar esto que antiguamente se realizaba para el aniversario de la ciudad, ha sido un acierto.<\/p>\n<p style=\"text-align: justify;\">\u201cYo creo que ha sido un total acierto esta candidatura a reina, donde se pone en valor a la mujer como persona y creo que las dos candidatas han llenado por completo las expectativas, en el sentido que son grandes personas y que son destacadas representantes de los ayseninos. Son dirigentes sociales, son esforzadas, entregadas hacia sus vecinos, las dos por igual, por lo tanto, me llena de alegr\u00eda estar junto a Eliza de 18 a\u00f1os y la se\u00f1ora Leda de 74 con un mismo enfoque, que es lo que nos caracteriza como ayseninos, el poder ayudar a la gente, ser dirigente social, abrazar a nuestra comuna en las diferentes materias y ese es el gran valor que tenemos que sacar a relucir y felicitar a las dos por supuesto\u201d.<\/p>\n<p style=\"text-align: justify;\">En esta primera versi\u00f3n del concurso \u201cBella Mujer de Ays\u00e9n\u201d, las candidatas ten\u00edan tem\u00e1ticas a desarrollar junto a sus equipos de trabajo, en el caso de Eliza, tenencia responsable de mascota y Leda, cuidado del medio ambiente.<\/p>\n<\/div><\/section><\/div><div  style='height:50px' class='hr hr-invisible   avia-builder-el-6  el_after_av_one_full  el_before_av_social_share '><span class='hr-inner ' ><span class='hr-inner-style'><\/span><\/span><\/div><\/p>\n<div  class='av-social-sharing-box  avia-builder-el-7  el_after_av_hr  el_before_av_hr  '><div class='av-share-box'><h5 class='av-share-link-description av-no-toc '>Compartir esta noticia<\/h5><ul class='av-share-box-list noLightbox'><li class='av-share-link av-social-link-facebook' ><a target=\"_blank\" aria-label=\"Compartir en Facebook\" href='https:\/\/www.facebook.com\/sharer.php?u=https:\/\/radiorevelacionfm.cl\/?p=39264&#038;t=Leda%20Andrade%20es%20coronada%20%E2%80%9CBella%20Mujer%20de%20Ays%C3%A9n%E2%80%9D%20concurso%20uni%C3%B3%20generaciones%20y%20recuper%C3%B3%20el%20trabajo%20en%20comunidad' aria-hidden='false' data-av_icon='\ue8f3' data-av_iconfont='entypo-fontello' title='' data-avia-related-tooltip='Compartir en Facebook' rel=\"noopener\"><span class='avia_hidden_link_text'>Compartir en Facebook<\/span><\/a><\/li><li class='av-share-link av-social-link-twitter' ><a target=\"_blank\" aria-label=\"Compartir en Twitter\" href='https:\/\/twitter.com\/share?text=Leda%20Andrade%20es%20coronada%20%E2%80%9CBella%20Mujer%20de%20Ays%C3%A9n%E2%80%9D%20concurso%20uni%C3%B3%20generaciones%20y%20recuper%C3%B3%20el%20trabajo%20en%20comunidad&#038;url=https:\/\/radiorevelacionfm.cl\/?p=39264' aria-hidden='false' data-av_icon='\ue8f1' data-av_iconfont='entypo-fontello' title='' data-avia-related-tooltip='Compartir en Twitter' rel=\"noopener\"><span class='avia_hidden_link_text'>Compartir en Twitter<\/span><\/a><\/li><li class='av-share-link av-social-link-whatsapp' ><a target=\"_blank\" aria-label=\"Compartir en Whatsapp\" href='https:\/\/api.whatsapp.com\/send?text=https:\/\/radiorevelacionfm.cl\/?p=39264' aria-hidden='false' data-av_icon='\uf232' data-av_iconfont='entypo-fontello' title='' data-avia-related-tooltip='Compartir en Whatsapp' rel=\"noopener\"><span class='avia_hidden_link_text'>Compartir en Whatsapp<\/span><\/a><\/li><li class='av-share-link av-social-link-linkedin' ><a target=\"_blank\" aria-label=\"Compartir en LinkedIn\" href='https:\/\/linkedin.com\/shareArticle?mini=true&#038;title=Leda%20Andrade%20es%20coronada%20%E2%80%9CBella%20Mujer%20de%20Ays%C3%A9n%E2%80%9D%20concurso%20uni%C3%B3%20generaciones%20y%20recuper%C3%B3%20el%20trabajo%20en%20comunidad&#038;url=https:\/\/radiorevelacionfm.cl\/?p=39264' aria-hidden='false' data-av_icon='\ue8fc' data-av_iconfont='entypo-fontello' title='' data-avia-related-tooltip='Compartir en LinkedIn' rel=\"noopener\"><span class='avia_hidden_link_text'>Compartir en LinkedIn<\/span><\/a><\/li><li class='av-share-link av-social-link-mail' ><a  aria-label=\"Compartir por correo\" href='mailto:?subject=Leda%20Andrade%20es%20coronada%20%E2%80%9CBella%20Mujer%20de%20Ays%C3%A9n%E2%80%9D%20concurso%20uni%C3%B3%20generaciones%20y%20recuper%C3%B3%20el%20trabajo%20en%20comunidad&#038;body=https:\/\/radiorevelacionfm.cl\/?p=39264' aria-hidden='false' data-av_icon='\ue805' data-av_iconfont='entypo-fontello' title='' data-avia-related-tooltip='Compartir por correo'><span class='avia_hidden_link_text'>Compartir por correo<\/span><\/a><\/li><\/ul><\/div><\/div>\n<div  style='height:50px' class='hr hr-invisible   avia-builder-el-8  el_after_av_social_share  el_before_av_comments_list '><span class='hr-inner ' ><span class='hr-inner-style'><\/span><\/span><\/div>\n<div  class='av-buildercomment  av-blog-meta-html-info-disabled av-blog-meta-tag-disabled  '><\/div>\n","protected":false},"excerpt":{"rendered":"","protected":false},"author":1,"featured_media":39265,"comment_status":"open","ping_status":"open","sticky":false,"template":"","format":"standard","meta":{"footnotes":""},"categories":[38],"tags":[],"class_list":["post-39264","post","type-post","status-publish","format-standard","has-post-thumbnail","hentry","category-regional"],"jetpack_featured_media_url":"https:\/\/radiorevelacionfm.cl\/wp-content\/uploads\/2024\/01\/reina-2-1_optimized.jpg","_links":{"self":[{"href":"https:\/\/radiorevelacionfm.cl\/index.php?rest_route=\/wp\/v2\/posts\/39264","targetHints":{"allow":["GET"]}}],"collection":[{"href":"https:\/\/radiorevelacionfm.cl\/index.php?rest_route=\/wp\/v2\/posts"}],"about":[{"href":"https:\/\/radiorevelacionfm.cl\/index.php?rest_route=\/wp\/v2\/types\/post"}],"author":[{"embeddable":true,"href":"https:\/\/radiorevelacionfm.cl\/index.php?rest_route=\/wp\/v2\/users\/1"}],"replies":[{"embeddable":true,"href":"https:\/\/radiorevelacionfm.cl\/index.php?rest_route=%2Fwp%2Fv2%2Fcomments&post=39264"}],"version-history":[{"count":1,"href":"https:\/\/radiorevelacionfm.cl\/index.php?rest_route=\/wp\/v2\/posts\/39264\/revisions"}],"predecessor-version":[{"id":39266,"href":"https:\/\/radiorevelacionfm.cl\/index.php?rest_route=\/wp\/v2\/posts\/39264\/revisions\/39266"}],"wp:featuredmedia":[{"embeddable":true,"href":"https:\/\/radiorevelacionfm.cl\/index.php?rest_route=\/wp\/v2\/media\/39265"}],"wp:attachment":[{"href":"https:\/\/radiorevelacionfm.cl\/index.php?rest_route=%2Fwp%2Fv2%2Fmedia&parent=39264"}],"wp:term":[{"taxonomy":"category","embeddable":true,"href":"https:\/\/radiorevelacionfm.cl\/index.php?rest_route=%2Fwp%2Fv2%2Fcategories&post=39264"},{"taxonomy":"post_tag","embeddable":true,"href":"https:\/\/radiorevelacionfm.cl\/index.php?rest_route=%2Fwp%2Fv2%2Ftags&post=39264"}],"curies":[{"name":"wp","href":"https:\/\/api.w.org\/{rel}","templated":true}]}}