{"id":39261,"date":"2024-01-29T15:43:40","date_gmt":"2024-01-29T18:43:40","guid":{"rendered":"https:\/\/radiorevelacionfm.cl\/?p=39261"},"modified":"2024-01-29T15:43:40","modified_gmt":"2024-01-29T18:43:40","slug":"instituciones-se-unen-para-incentivar-la-prevencion-de-incendios-forestales","status":"publish","type":"post","link":"https:\/\/radiorevelacionfm.cl\/?p=39261","title":{"rendered":"Instituciones se unen para incentivar la prevenci\u00f3n de Incendios Forestales"},"content":{"rendered":"<div class=\"flex_column av_one_full  flex_column_div av-zero-column-padding first  avia-builder-el-0  el_before_av_one_full  avia-builder-el-first  \" style='border-radius:0px; '><div  class='avia-image-container  av-styling-    avia-builder-el-1  avia-builder-el-no-sibling  avia-align-center '  itemprop=\"image\" itemscope=\"itemscope\" itemtype=\"https:\/\/schema.org\/ImageObject\"  ><div class='avia-image-container-inner'><div class='avia-image-overlay-wrap'><img decoding=\"async\" class='wp-image-39262 avia-img-lazy-loading-not-39262 avia_image' src=\"https:\/\/radiorevelacionfm.cl\/wp-content\/uploads\/2024\/01\/instituciones-participantes-en-encuentro-prevencion-inecendios-forestales-villa-manihuales-1_optimized-1.jpg\" alt='' title='instituciones-participantes-en-encuentro-prevenci\u00f3n-inecendios-forestales-villa-ma\u00f1ihuales-(1)_optimized (1)' height=\"600\" width=\"967\"  itemprop=\"thumbnailUrl\" srcset=\"https:\/\/radiorevelacionfm.cl\/wp-content\/uploads\/2024\/01\/instituciones-participantes-en-encuentro-prevencion-inecendios-forestales-villa-manihuales-1_optimized-1.jpg 967w, https:\/\/radiorevelacionfm.cl\/wp-content\/uploads\/2024\/01\/instituciones-participantes-en-encuentro-prevencion-inecendios-forestales-villa-manihuales-1_optimized-1-300x186.jpg 300w, https:\/\/radiorevelacionfm.cl\/wp-content\/uploads\/2024\/01\/instituciones-participantes-en-encuentro-prevencion-inecendios-forestales-villa-manihuales-1_optimized-1-768x477.jpg 768w, https:\/\/radiorevelacionfm.cl\/wp-content\/uploads\/2024\/01\/instituciones-participantes-en-encuentro-prevencion-inecendios-forestales-villa-manihuales-1_optimized-1-705x437.jpg 705w, https:\/\/radiorevelacionfm.cl\/wp-content\/uploads\/2024\/01\/instituciones-participantes-en-encuentro-prevencion-inecendios-forestales-villa-manihuales-1_optimized-1-450x279.jpg 450w, https:\/\/radiorevelacionfm.cl\/wp-content\/uploads\/2024\/01\/instituciones-participantes-en-encuentro-prevencion-inecendios-forestales-villa-manihuales-1_optimized-1-600x372.jpg 600w\" sizes=\"(max-width: 967px) 100vw, 967px\" \/><\/div><\/div><\/div><\/div><div class=\"flex_column av_one_full  flex_column_div av-zero-column-padding first  avia-builder-el-2  el_after_av_one_full  el_before_av_one_full  column-top-margin\" style='border-radius:0px; '><section class=\"av_textblock_section \"  itemscope=\"itemscope\" itemtype=\"https:\/\/schema.org\/BlogPosting\" itemprop=\"blogPost\" ><div class='avia_textblock  '   itemprop=\"text\" ><p style=\"text-align: center;\"><strong><span style=\"font-size: 18pt;\">Instituciones se unen para incentivar la prevenci\u00f3n de Incendios Forestales<\/span><\/strong><\/p>\n<div id=\"gtx-trans\" style=\"position: absolute; left: -50px; top: 4.31534px;\">\n<div class=\"gtx-trans-icon\"><\/div>\n<\/div>\n<\/div><\/section><\/div><div class=\"flex_column av_one_full  flex_column_div av-zero-column-padding first  avia-builder-el-4  el_after_av_one_full  el_before_av_hr  column-top-margin\" style='border-radius:0px; '><section class=\"av_textblock_section \"  itemscope=\"itemscope\" itemtype=\"https:\/\/schema.org\/BlogPosting\" itemprop=\"blogPost\" ><div class='avia_textblock  '   itemprop=\"text\" ><p style=\"text-align: justify;\">En la localidad de Villa Ma\u00f1ihuales se desarroll\u00f3 recientemente una importante actividad orientada a fortalecer la preparaci\u00f3n y respuesta ante posibles emergencias naturales, en especial los incendios forestales que cada a\u00f1o causan graves da\u00f1os en todo el pa\u00eds. Esta iniciativa, liderada por el Ministerio de Vivienda y Urbanismo (Minvu) en el marco del programa nacional #ChileSePrepara, cont\u00f3 con la activa participaci\u00f3n de varias instituciones, como Conaf, Municipio de Ays\u00e9n y Polic\u00eda de Investigaciones, adem\u00e1s de dirigentes y vecinos de la localidad.<\/p>\n<p style=\"text-align: justify;\">Durante la actividad realizada en el parque Las Lavanderas se instalaron puestos de informaci\u00f3n y se brindaron consejos pr\u00e1cticos adaptados a la realidad local para la preparaci\u00f3n ante emergencias, incluyendo una muestra en terreno del trabajo que realizan los brigadistas de Conaf en cuanto a la prevenci\u00f3n y combate de incendios forestales.<\/p>\n<p style=\"text-align: justify;\">Desde 2019, el Minvu ha priorizado la formaci\u00f3n de capacidades comunitarias para la prevenci\u00f3n de riesgos y la preparaci\u00f3n ante emergencias. Esto se ha materializado a trav\u00e9s de diversas acciones, como la definici\u00f3n de contenidos y metodolog\u00edas para la elaboraci\u00f3n de planes de emergencia, as\u00ed como capacitaciones dirigidas a dirigentes sociales de toda la regi\u00f3n.<\/p>\n<p style=\"text-align: justify;\">En ese contexto la Seremi de Vivienda, Paulina Ruz, destac\u00f3 la actividad realizada en el marco del Programa Quiero Mi Barrio, donde se privilegia la participaci\u00f3n ciudadana y un trabajo directo con la comunidad. \u201cLa importancia de esto es entender que durante esta \u00e9poca estival aumenta considerablemente la ocurrencia de este tipo de hechos como es los incendios forestales y tambi\u00e9n los incendios en vivienda. Por eso queremos concientizar durante todo el a\u00f1o a la comunidad, entendiendo que ellos son los primeros que tienen que tener informaci\u00f3n respecto a la prevenci\u00f3n, a c\u00f3mo actuar frente a este tipo de hechos y tambi\u00e9n a c\u00f3mo elaborar ciertos planes de emergencia\u201d, afirm\u00f3.<\/p>\n<p style=\"text-align: justify;\">Por su parte, el Director Interino de Conaf, Ronald Valenzuela, enfatiz\u00f3 en la necesidad de considerar incluso las acciones de prevenci\u00f3n que pueden parecer peque\u00f1as, como no tirar colillas de cigarro, no hacer fogatas o evitar al m\u00e1ximo el uso del fuego, ya que est\u00e1 demostrado que es mucho m\u00e1s f\u00e1cil prevenir un incendio que combatirlo. \u201cEsta es una instancia muy complementaria, necesaria y deseada. En cuanto a la prevenci\u00f3n, reiterar el llamado de la comunidad a extremar las medidas, sobre todo para la segunda mitad del verano, que es el periodo de m\u00e1xima ocurrencia de incendios forestales, porque se esperan condiciones meteorol\u00f3gicas muy adversas, lo que quiere decir que aumenta significativamente la probabilidad de ocurrencia de incendios, con disminuci\u00f3n en las precipitaciones, estr\u00e9s de la vegetaci\u00f3n y aumento de las temperaturas\u201d, advirti\u00f3.<\/p>\n<p style=\"text-align: justify;\">Similares palabras tuvieron la delegada municipal de Ays\u00e9n, Beatriz Oyarzo; el Director de Seguridad P\u00fablica, Marcos Co\u00f1oecar y el Supbrefecto de la Polic\u00eda de Investigaciones, Claudio Reyes; quienes enfatizaron en la necesidad de mantener un trabajo coordinado y conjunto para llegar con mayor fuerza a la comunidad en la gran tarea de prevenir y enfrentar los incendios forestales, adem\u00e1s de otras emergencias que pongan en riesgo la vida y la integridad de las personas y el medio ambiente.<\/p>\n<p style=\"text-align: justify;\">Cabe consignar que en el marco del programa #ChileSePrepara, desde el Minvu regional se han implementado medidas espec\u00edficas para fortalecer la capacidad de respuesta de la comunidad ante posibles emergencias naturales. Entre estas se incluye la activaci\u00f3n de capacidades socio comunitarias, la realizaci\u00f3n de recorridos para identificar posibles riesgos en el territorio y la promoci\u00f3n de la limpieza y cuidado del entorno.<\/p>\n<\/div><\/section><\/div><div  style='height:50px' class='hr hr-invisible   avia-builder-el-6  el_after_av_one_full  el_before_av_social_share '><span class='hr-inner ' ><span class='hr-inner-style'><\/span><\/span><\/div><\/p>\n<div  class='av-social-sharing-box  avia-builder-el-7  el_after_av_hr  el_before_av_hr  '><div class='av-share-box'><h5 class='av-share-link-description av-no-toc '>Compartir esta noticia<\/h5><ul class='av-share-box-list noLightbox'><li class='av-share-link av-social-link-facebook' ><a target=\"_blank\" aria-label=\"Compartir en Facebook\" href='https:\/\/www.facebook.com\/sharer.php?u=https:\/\/radiorevelacionfm.cl\/?p=39261&#038;t=Instituciones%20se%20unen%20para%20incentivar%20la%20prevenci%C3%B3n%20de%20Incendios%20Forestales' aria-hidden='false' data-av_icon='\ue8f3' data-av_iconfont='entypo-fontello' title='' data-avia-related-tooltip='Compartir en Facebook' rel=\"noopener\"><span class='avia_hidden_link_text'>Compartir en Facebook<\/span><\/a><\/li><li class='av-share-link av-social-link-twitter' ><a target=\"_blank\" aria-label=\"Compartir en Twitter\" href='https:\/\/twitter.com\/share?text=Instituciones%20se%20unen%20para%20incentivar%20la%20prevenci%C3%B3n%20de%20Incendios%20Forestales&#038;url=https:\/\/radiorevelacionfm.cl\/?p=39261' aria-hidden='false' data-av_icon='\ue8f1' data-av_iconfont='entypo-fontello' title='' data-avia-related-tooltip='Compartir en Twitter' rel=\"noopener\"><span class='avia_hidden_link_text'>Compartir en Twitter<\/span><\/a><\/li><li class='av-share-link av-social-link-whatsapp' ><a target=\"_blank\" aria-label=\"Compartir en Whatsapp\" href='https:\/\/api.whatsapp.com\/send?text=https:\/\/radiorevelacionfm.cl\/?p=39261' aria-hidden='false' data-av_icon='\uf232' data-av_iconfont='entypo-fontello' title='' data-avia-related-tooltip='Compartir en Whatsapp' rel=\"noopener\"><span class='avia_hidden_link_text'>Compartir en Whatsapp<\/span><\/a><\/li><li class='av-share-link av-social-link-linkedin' ><a target=\"_blank\" aria-label=\"Compartir en LinkedIn\" href='https:\/\/linkedin.com\/shareArticle?mini=true&#038;title=Instituciones%20se%20unen%20para%20incentivar%20la%20prevenci%C3%B3n%20de%20Incendios%20Forestales&#038;url=https:\/\/radiorevelacionfm.cl\/?p=39261' aria-hidden='false' data-av_icon='\ue8fc' data-av_iconfont='entypo-fontello' title='' data-avia-related-tooltip='Compartir en LinkedIn' rel=\"noopener\"><span class='avia_hidden_link_text'>Compartir en LinkedIn<\/span><\/a><\/li><li class='av-share-link av-social-link-mail' ><a  aria-label=\"Compartir por correo\" href='mailto:?subject=Instituciones%20se%20unen%20para%20incentivar%20la%20prevenci%C3%B3n%20de%20Incendios%20Forestales&#038;body=https:\/\/radiorevelacionfm.cl\/?p=39261' aria-hidden='false' data-av_icon='\ue805' data-av_iconfont='entypo-fontello' title='' data-avia-related-tooltip='Compartir por correo'><span class='avia_hidden_link_text'>Compartir por correo<\/span><\/a><\/li><\/ul><\/div><\/div>\n<div  style='height:50px' class='hr hr-invisible   avia-builder-el-8  el_after_av_social_share  el_before_av_comments_list '><span class='hr-inner ' ><span class='hr-inner-style'><\/span><\/span><\/div>\n<div  class='av-buildercomment  av-blog-meta-html-info-disabled av-blog-meta-tag-disabled  '><\/div>\n","protected":false},"excerpt":{"rendered":"","protected":false},"author":1,"featured_media":39262,"comment_status":"open","ping_status":"open","sticky":false,"template":"","format":"standard","meta":{"footnotes":""},"categories":[38],"tags":[],"class_list":["post-39261","post","type-post","status-publish","format-standard","has-post-thumbnail","hentry","category-regional"],"jetpack_featured_media_url":"https:\/\/radiorevelacionfm.cl\/wp-content\/uploads\/2024\/01\/instituciones-participantes-en-encuentro-prevencion-inecendios-forestales-villa-manihuales-1_optimized-1.jpg","_links":{"self":[{"href":"https:\/\/radiorevelacionfm.cl\/index.php?rest_route=\/wp\/v2\/posts\/39261","targetHints":{"allow":["GET"]}}],"collection":[{"href":"https:\/\/radiorevelacionfm.cl\/index.php?rest_route=\/wp\/v2\/posts"}],"about":[{"href":"https:\/\/radiorevelacionfm.cl\/index.php?rest_route=\/wp\/v2\/types\/post"}],"author":[{"embeddable":true,"href":"https:\/\/radiorevelacionfm.cl\/index.php?rest_route=\/wp\/v2\/users\/1"}],"replies":[{"embeddable":true,"href":"https:\/\/radiorevelacionfm.cl\/index.php?rest_route=%2Fwp%2Fv2%2Fcomments&post=39261"}],"version-history":[{"count":1,"href":"https:\/\/radiorevelacionfm.cl\/index.php?rest_route=\/wp\/v2\/posts\/39261\/revisions"}],"predecessor-version":[{"id":39263,"href":"https:\/\/radiorevelacionfm.cl\/index.php?rest_route=\/wp\/v2\/posts\/39261\/revisions\/39263"}],"wp:featuredmedia":[{"embeddable":true,"href":"https:\/\/radiorevelacionfm.cl\/index.php?rest_route=\/wp\/v2\/media\/39262"}],"wp:attachment":[{"href":"https:\/\/radiorevelacionfm.cl\/index.php?rest_route=%2Fwp%2Fv2%2Fmedia&parent=39261"}],"wp:term":[{"taxonomy":"category","embeddable":true,"href":"https:\/\/radiorevelacionfm.cl\/index.php?rest_route=%2Fwp%2Fv2%2Fcategories&post=39261"},{"taxonomy":"post_tag","embeddable":true,"href":"https:\/\/radiorevelacionfm.cl\/index.php?rest_route=%2Fwp%2Fv2%2Ftags&post=39261"}],"curies":[{"name":"wp","href":"https:\/\/api.w.org\/{rel}","templated":true}]}}