{"id":39259,"date":"2024-01-29T15:23:21","date_gmt":"2024-01-29T18:23:21","guid":{"rendered":"https:\/\/radiorevelacionfm.cl\/?p=39259"},"modified":"2024-01-29T15:23:21","modified_gmt":"2024-01-29T18:23:21","slug":"condenan-a-penas-de-4-anos-de-presidio-a-autores-de-tenencia-ilegal-de-armas-de-fuego","status":"publish","type":"post","link":"https:\/\/radiorevelacionfm.cl\/?p=39259","title":{"rendered":"Condenan a penas de 4 a\u00f1os de presidio a autores de tenencia ilegal de armas de fuego"},"content":{"rendered":"<div class=\"flex_column av_one_full  flex_column_div av-zero-column-padding first  avia-builder-el-0  el_before_av_one_full  avia-builder-el-first  \" style='border-radius:0px; '><div  class='avia-image-container  av-styling-    avia-builder-el-1  avia-builder-el-no-sibling  avia-align-center '  itemprop=\"image\" itemscope=\"itemscope\" itemtype=\"https:\/\/schema.org\/ImageObject\"  ><div class='avia-image-container-inner'><div class='avia-image-overlay-wrap'><img decoding=\"async\" class='wp-image-13477 avia-img-lazy-loading-not-13477 avia_image' src=\"https:\/\/radiorevelacionfm.cl\/wp-content\/uploads\/2022\/02\/foto-1-top-4-1_optimized.jpg\" alt='' title='foto-1-top-4-1_optimized' height=\"573\" width=\"860\"  itemprop=\"thumbnailUrl\" srcset=\"https:\/\/radiorevelacionfm.cl\/wp-content\/uploads\/2022\/02\/foto-1-top-4-1_optimized.jpg 860w, https:\/\/radiorevelacionfm.cl\/wp-content\/uploads\/2022\/02\/foto-1-top-4-1_optimized-300x200.jpg 300w, https:\/\/radiorevelacionfm.cl\/wp-content\/uploads\/2022\/02\/foto-1-top-4-1_optimized-768x512.jpg 768w, https:\/\/radiorevelacionfm.cl\/wp-content\/uploads\/2022\/02\/foto-1-top-4-1_optimized-705x470.jpg 705w, https:\/\/radiorevelacionfm.cl\/wp-content\/uploads\/2022\/02\/foto-1-top-4-1_optimized-600x400.jpg 600w\" sizes=\"(max-width: 860px) 100vw, 860px\" \/><\/div><\/div><\/div><\/div><div class=\"flex_column av_one_full  flex_column_div av-zero-column-padding first  avia-builder-el-2  el_after_av_one_full  el_before_av_one_full  column-top-margin\" style='border-radius:0px; '><section class=\"av_textblock_section \"  itemscope=\"itemscope\" itemtype=\"https:\/\/schema.org\/BlogPosting\" itemprop=\"blogPost\" ><div class='avia_textblock  '   itemprop=\"text\" ><p style=\"text-align: center;\"><strong><span style=\"font-size: 18pt;\">Condenan a penas de 4 a\u00f1os de presidio a autores de tenencia ilegal de armas de fuego<\/span><\/strong><\/p>\n<div id=\"gtx-trans\" style=\"position: absolute; left: -50px; top: 4.31534px;\">\n<div class=\"gtx-trans-icon\"><\/div>\n<\/div>\n<\/div><\/section><\/div><div class=\"flex_column av_one_full  flex_column_div av-zero-column-padding first  avia-builder-el-4  el_after_av_one_full  el_before_av_hr  column-top-margin\" style='border-radius:0px; '><section class=\"av_textblock_section \"  itemscope=\"itemscope\" itemtype=\"https:\/\/schema.org\/BlogPosting\" itemprop=\"blogPost\" ><div class='avia_textblock  '   itemprop=\"text\" ><p class=\"v1MsoNormal\" style=\"text-align: justify;\">El Tribunal de Juicio Oral en lo Penal de Coyhaique conden\u00f3 a\u00a0Basti\u00e1n Alejandro Haro V\u00e1squez y Benjam\u00edn Ignacio Fuentes Cerna a dos penas de 4 a\u00f1os de presidio efectivo, m\u00e1s las accesorias legales\u00a0<span lang=\"ES-TRAD\">inhabilitaci\u00f3n absoluta perpetua para derechos pol\u00edticos y la inhabilitaci\u00f3n absoluta para cargos y oficios p\u00fablicos durante el tiempo de las condenas,\u00a0<\/span>en calidad de autores de los delitos consumados de tenencia ilegal de arma de fuego y tenencia ilegal de arma de fuego prohibida. Il\u00edcitos perpetrados en agosto del a\u00f1o pasado, en la ciudad.<\/p>\n<p class=\"v1MsoNormal\" style=\"text-align: justify;\">En fallo dividido, el tribunal \u2013integrado por los magistrados M\u00f3nica Coloma Pulgar (presidenta), Rosal\u00eda Mansilla Quiroz y Patricio Z\u00fa\u00f1iga Valenzuela (redactor)\u2013 aplic\u00f3 al adolescente\u00a0M.E.H.V.\u00a0la sanci\u00f3n\u00a0de 4 a\u00f1os de internaci\u00f3n de r\u00e9gimen cerrado con programa de reinserci\u00f3n social y la obligaci\u00f3n de someterse a tratamiento de rehabilitaci\u00f3n por adicci\u00f3n a las drogas y al alcohol, como coautor de los delitos.<\/p>\n<p class=\"v1MsoNormal\" style=\"text-align: justify;\">El tribunal, orden\u00f3 el comiso de las armas de fuego y municiones incautadas, especies que deber\u00e1n ser remitidas a Carabineros para su destrucci\u00f3n.<\/p>\n<p class=\"v1MsoNormal\" style=\"text-align: justify;\">El tribunal dio por acreditado, m\u00e1s all\u00e1 de toda duda razonable, que el 26 de agosto de 2023, funcionarios de\u00a0Carabineros, fueron alertados de una denuncia por disparos en el interior de una f\u00e1brica de ladrillos y hormigones.<\/p>\n<p class=\"v1MsoNormal\" style=\"text-align: justify;\">\u00ab<span lang=\"ES-TRAD\">Es as\u00ed que al llegar a calle Thomas Anderson frente al N\u00b03002, comuna de Coyhaique, carabineros se encuentra con el autom\u00f3vil marca Suzuki, modelo Swift, el cual era conducido por Benjam\u00edn Fuentes Cerna, en el lado del copiloto se encontraba\u00a0<\/span>M.E.H.V.\u00a0<span lang=\"ES-TRAD\">y en el asiento trasero Basti\u00e1n Haro V\u00e1squez,\u00a0 en cuyo interior manten\u00edan un rev\u00f3lver, marca Italo Gra, calibre .32, serie 8481 cargado con un cartucho calibre .32; un rev\u00f3lver marca Iver Johnson, calibre .38, serie 26269, cargado con tres cartuchos calibre 9 por 19 mm y un rev\u00f3lver, marca Tango, calibre .32, sin n\u00famero de serie cargado con siete cartuchos calibre .32.<\/span><\/p>\n<p class=\"v1MsoNormal\" style=\"text-align: justify;\"><span lang=\"ES-TRAD\">Y conminados\u00a0los sujetos por carabineros a la detenci\u00f3n del m\u00f3vil,\u00a0<\/span>M.E.H.V.<span lang=\"ES-TRAD\">, abre la puerta del veh\u00edculo, dirigi\u00e9ndose al sector de la le\u00f1era del domicilio ubicado en Thomas Anderson 3002, lugar donde deja las armas de fuego.<\/span><\/p>\n<p class=\"v1MsoNormal\" style=\"text-align: justify;\"><span lang=\"ES-TRAD\">Que en el registro de las inmediaciones de la le\u00f1era funcionarios de Carabineros encontraron las tres armas que momentos antes los tres acusados manten\u00edan al interior del veh\u00edculo antes se\u00f1alado.<\/span><\/p>\n<p class=\"v1MsoNormal\" style=\"text-align: justify;\"><span lang=\"ES-TRAD\">Los imputados no cuentan con autorizaci\u00f3n para la tenencia ni porte de armas de fuego ni municiones\u00bb.<\/span><\/p>\n<p class=\"v1MsoNormal\" style=\"text-align: justify;\">Decisi\u00f3n a<span lang=\"ES-TRAD\">cordada con el voto en contra del magistrado Z\u00fa\u00f1iga Valenzuela.<\/span><\/p>\n<\/div><\/section><\/div><div  style='height:50px' class='hr hr-invisible   avia-builder-el-6  el_after_av_one_full  el_before_av_social_share '><span class='hr-inner ' ><span class='hr-inner-style'><\/span><\/span><\/div><\/p>\n<div  class='av-social-sharing-box  avia-builder-el-7  el_after_av_hr  el_before_av_hr  '><div class='av-share-box'><h5 class='av-share-link-description av-no-toc '>Compartir esta noticia<\/h5><ul class='av-share-box-list noLightbox'><li class='av-share-link av-social-link-facebook' ><a target=\"_blank\" aria-label=\"Compartir en Facebook\" href='https:\/\/www.facebook.com\/sharer.php?u=https:\/\/radiorevelacionfm.cl\/?p=39259&#038;t=Condenan%20a%20penas%20de%204%20a%C3%B1os%20de%20presidio%20a%20autores%20de%20tenencia%20ilegal%20de%20armas%20de%20fuego' aria-hidden='false' data-av_icon='\ue8f3' data-av_iconfont='entypo-fontello' title='' data-avia-related-tooltip='Compartir en Facebook' rel=\"noopener\"><span class='avia_hidden_link_text'>Compartir en Facebook<\/span><\/a><\/li><li class='av-share-link av-social-link-twitter' ><a target=\"_blank\" aria-label=\"Compartir en Twitter\" href='https:\/\/twitter.com\/share?text=Condenan%20a%20penas%20de%204%20a%C3%B1os%20de%20presidio%20a%20autores%20de%20tenencia%20ilegal%20de%20armas%20de%20fuego&#038;url=https:\/\/radiorevelacionfm.cl\/?p=39259' aria-hidden='false' data-av_icon='\ue8f1' data-av_iconfont='entypo-fontello' title='' data-avia-related-tooltip='Compartir en Twitter' rel=\"noopener\"><span class='avia_hidden_link_text'>Compartir en Twitter<\/span><\/a><\/li><li class='av-share-link av-social-link-whatsapp' ><a target=\"_blank\" aria-label=\"Compartir en Whatsapp\" href='https:\/\/api.whatsapp.com\/send?text=https:\/\/radiorevelacionfm.cl\/?p=39259' aria-hidden='false' data-av_icon='\uf232' data-av_iconfont='entypo-fontello' title='' data-avia-related-tooltip='Compartir en Whatsapp' rel=\"noopener\"><span class='avia_hidden_link_text'>Compartir en Whatsapp<\/span><\/a><\/li><li class='av-share-link av-social-link-linkedin' ><a target=\"_blank\" aria-label=\"Compartir en LinkedIn\" href='https:\/\/linkedin.com\/shareArticle?mini=true&#038;title=Condenan%20a%20penas%20de%204%20a%C3%B1os%20de%20presidio%20a%20autores%20de%20tenencia%20ilegal%20de%20armas%20de%20fuego&#038;url=https:\/\/radiorevelacionfm.cl\/?p=39259' aria-hidden='false' data-av_icon='\ue8fc' data-av_iconfont='entypo-fontello' title='' data-avia-related-tooltip='Compartir en LinkedIn' rel=\"noopener\"><span class='avia_hidden_link_text'>Compartir en LinkedIn<\/span><\/a><\/li><li class='av-share-link av-social-link-mail' ><a  aria-label=\"Compartir por correo\" href='mailto:?subject=Condenan%20a%20penas%20de%204%20a%C3%B1os%20de%20presidio%20a%20autores%20de%20tenencia%20ilegal%20de%20armas%20de%20fuego&#038;body=https:\/\/radiorevelacionfm.cl\/?p=39259' aria-hidden='false' data-av_icon='\ue805' data-av_iconfont='entypo-fontello' title='' data-avia-related-tooltip='Compartir por correo'><span class='avia_hidden_link_text'>Compartir por correo<\/span><\/a><\/li><\/ul><\/div><\/div>\n<div  style='height:50px' class='hr hr-invisible   avia-builder-el-8  el_after_av_social_share  el_before_av_comments_list '><span class='hr-inner ' ><span class='hr-inner-style'><\/span><\/span><\/div>\n<div  class='av-buildercomment  av-blog-meta-html-info-disabled av-blog-meta-tag-disabled  '><\/div>\n","protected":false},"excerpt":{"rendered":"","protected":false},"author":1,"featured_media":13477,"comment_status":"open","ping_status":"open","sticky":false,"template":"","format":"standard","meta":{"footnotes":""},"categories":[55],"tags":[],"class_list":["post-39259","post","type-post","status-publish","format-standard","has-post-thumbnail","hentry","category-justicia"],"jetpack_featured_media_url":"https:\/\/radiorevelacionfm.cl\/wp-content\/uploads\/2022\/02\/foto-1-top-4-1_optimized.jpg","_links":{"self":[{"href":"https:\/\/radiorevelacionfm.cl\/index.php?rest_route=\/wp\/v2\/posts\/39259","targetHints":{"allow":["GET"]}}],"collection":[{"href":"https:\/\/radiorevelacionfm.cl\/index.php?rest_route=\/wp\/v2\/posts"}],"about":[{"href":"https:\/\/radiorevelacionfm.cl\/index.php?rest_route=\/wp\/v2\/types\/post"}],"author":[{"embeddable":true,"href":"https:\/\/radiorevelacionfm.cl\/index.php?rest_route=\/wp\/v2\/users\/1"}],"replies":[{"embeddable":true,"href":"https:\/\/radiorevelacionfm.cl\/index.php?rest_route=%2Fwp%2Fv2%2Fcomments&post=39259"}],"version-history":[{"count":1,"href":"https:\/\/radiorevelacionfm.cl\/index.php?rest_route=\/wp\/v2\/posts\/39259\/revisions"}],"predecessor-version":[{"id":39260,"href":"https:\/\/radiorevelacionfm.cl\/index.php?rest_route=\/wp\/v2\/posts\/39259\/revisions\/39260"}],"wp:featuredmedia":[{"embeddable":true,"href":"https:\/\/radiorevelacionfm.cl\/index.php?rest_route=\/wp\/v2\/media\/13477"}],"wp:attachment":[{"href":"https:\/\/radiorevelacionfm.cl\/index.php?rest_route=%2Fwp%2Fv2%2Fmedia&parent=39259"}],"wp:term":[{"taxonomy":"category","embeddable":true,"href":"https:\/\/radiorevelacionfm.cl\/index.php?rest_route=%2Fwp%2Fv2%2Fcategories&post=39259"},{"taxonomy":"post_tag","embeddable":true,"href":"https:\/\/radiorevelacionfm.cl\/index.php?rest_route=%2Fwp%2Fv2%2Ftags&post=39259"}],"curies":[{"name":"wp","href":"https:\/\/api.w.org\/{rel}","templated":true}]}}