{"id":39256,"date":"2024-01-29T10:07:11","date_gmt":"2024-01-29T13:07:11","guid":{"rendered":"https:\/\/radiorevelacionfm.cl\/?p=39256"},"modified":"2024-01-29T10:07:11","modified_gmt":"2024-01-29T13:07:11","slug":"consejero-abello-cuestiona-ejecucion-presupuestaria-2023-advierte-falta-de-dialogo-y-decisiones-tardias-por-parte-de-la-gobernadora-para-abordar-los-desafios-financieros-en-la-region","status":"publish","type":"post","link":"https:\/\/radiorevelacionfm.cl\/?p=39256","title":{"rendered":"Consejero Abello cuestiona Ejecuci\u00f3n Presupuestaria 2023: Advierte falta de di\u00e1logo y decisiones tard\u00edas por parte de la Gobernadora, para abordar los desaf\u00edos financieros en la regi\u00f3n"},"content":{"rendered":"<div class=\"flex_column av_one_full  flex_column_div av-zero-column-padding first  avia-builder-el-0  el_before_av_one_full  avia-builder-el-first  \" style='border-radius:0px; '><div  class='avia-image-container  av-styling-    avia-builder-el-1  avia-builder-el-no-sibling  avia-align-center '  itemprop=\"image\" itemscope=\"itemscope\" itemtype=\"https:\/\/schema.org\/ImageObject\"  ><div class='avia-image-container-inner'><div class='avia-image-overlay-wrap'><img decoding=\"async\" class='wp-image-39257 avia-img-lazy-loading-not-39257 avia_image' src=\"https:\/\/radiorevelacionfm.cl\/wp-content\/uploads\/2024\/01\/foto-core-1-1.jpg\" alt='' title='foto core (1) (1)' height=\"600\" width=\"818\"  itemprop=\"thumbnailUrl\" srcset=\"https:\/\/radiorevelacionfm.cl\/wp-content\/uploads\/2024\/01\/foto-core-1-1.jpg 818w, https:\/\/radiorevelacionfm.cl\/wp-content\/uploads\/2024\/01\/foto-core-1-1-300x220.jpg 300w, https:\/\/radiorevelacionfm.cl\/wp-content\/uploads\/2024\/01\/foto-core-1-1-768x563.jpg 768w, https:\/\/radiorevelacionfm.cl\/wp-content\/uploads\/2024\/01\/foto-core-1-1-705x517.jpg 705w, https:\/\/radiorevelacionfm.cl\/wp-content\/uploads\/2024\/01\/foto-core-1-1-450x330.jpg 450w, https:\/\/radiorevelacionfm.cl\/wp-content\/uploads\/2024\/01\/foto-core-1-1-600x440.jpg 600w\" sizes=\"(max-width: 818px) 100vw, 818px\" \/><\/div><\/div><\/div><\/div><div class=\"flex_column av_one_full  flex_column_div av-zero-column-padding first  avia-builder-el-2  el_after_av_one_full  el_before_av_one_full  column-top-margin\" style='border-radius:0px; '><section class=\"av_textblock_section \"  itemscope=\"itemscope\" itemtype=\"https:\/\/schema.org\/BlogPosting\" itemprop=\"blogPost\" ><div class='avia_textblock  '   itemprop=\"text\" ><p style=\"text-align: center;\"><strong><span style=\"font-size: 18pt;\">Consejero Abello cuestiona Ejecuci\u00f3n Presupuestaria 2023: Advierte falta de di\u00e1logo y decisiones tard\u00edas por parte de la Gobernadora, para abordar los desaf\u00edos financieros en la regi\u00f3n<\/span><\/strong><\/p>\n<div id=\"gtx-trans\" style=\"position: absolute; left: -50px; top: 4.31534px;\">\n<div class=\"gtx-trans-icon\"><\/div>\n<\/div>\n<\/div><\/section><\/div><div class=\"flex_column av_one_full  flex_column_div av-zero-column-padding first  avia-builder-el-4  el_after_av_one_full  el_before_av_hr  column-top-margin\" style='border-radius:0px; '><section class=\"av_textblock_section \"  itemscope=\"itemscope\" itemtype=\"https:\/\/schema.org\/BlogPosting\" itemprop=\"blogPost\" ><div class='avia_textblock  '   itemprop=\"text\" ><p style=\"text-align: justify;\">El Consejero Jorge Abello, representante de la Provincia Capit\u00e1n Prat, expres\u00f3 su descontento ante la baja ejecuci\u00f3n presupuestaria del Gobierno Regional (Gore) de Ays\u00e9n para el a\u00f1o 2023. Calific\u00f3 la situaci\u00f3n como \u00abdecepcionante\u00bb y se\u00f1al\u00f3 la falta de informaci\u00f3n formal al Consejo Regional sobre el tema.<\/p>\n<p style=\"text-align: justify;\">Seg\u00fan Abello, la ejecuci\u00f3n presupuestaria reportada por SUBDERE en noviembre alcanzaba solo el 59,4%, mientras que la presentaci\u00f3n p\u00fablica de la Gobernadora indicaba un 90% de ejecuci\u00f3n al cierre del a\u00f1o. El Consejero destac\u00f3 la importancia de estos recursos regionales para la reactivaci\u00f3n econ\u00f3mica y la soluci\u00f3n de problemas b\u00e1sicos planteados por la comunidad.<\/p>\n<p style=\"text-align: justify;\">En esa l\u00ednea Abello coment\u00f3,\u00a0 \u201clamento la falta de decisiones certeras y oportunas, principalmente en el caso de los mil beneficiarios\/as del programa Fortalece Mype Ays\u00e9n, quienes a\u00fan esperan con incertidumbre una resoluci\u00f3n de contralor\u00eda.<\/p>\n<p style=\"text-align: justify;\">Por otra parte agreg\u00f3 el Consejero Abello, \u201csi bien el caso fundaciones a nivel nacional gener\u00f3 atrasos a nivel central, lentitud de la Direcci\u00f3n de Presupuestos (Dipres), observaciones de Contralor\u00eda y nuevas exigencias a partir de la Circular N\u00ba 20, todo ello se subsana con mayor di\u00e1logo constructivo.<\/p>\n<p style=\"text-align: justify;\">El Consejero expres\u00f3 su esperanza de que en las pr\u00f3ximas semanas se presente el informe final de la ejecuci\u00f3n presupuestaria 2023 en el pleno del Consejo Regional. Asimismo, espera que el a\u00f1o 2024 marque el camino hacia una inversi\u00f3n m\u00e1s eficiente de los recursos regionales.<\/p>\n<\/div><\/section><\/div><div  style='height:50px' class='hr hr-invisible   avia-builder-el-6  el_after_av_one_full  el_before_av_social_share '><span class='hr-inner ' ><span class='hr-inner-style'><\/span><\/span><\/div><\/p>\n<div  class='av-social-sharing-box  avia-builder-el-7  el_after_av_hr  el_before_av_hr  '><div class='av-share-box'><h5 class='av-share-link-description av-no-toc '>Compartir esta noticia<\/h5><ul class='av-share-box-list noLightbox'><li class='av-share-link av-social-link-facebook' ><a target=\"_blank\" aria-label=\"Compartir en Facebook\" href='https:\/\/www.facebook.com\/sharer.php?u=https:\/\/radiorevelacionfm.cl\/?p=39256&#038;t=Consejero%20Abello%20cuestiona%20Ejecuci%C3%B3n%20Presupuestaria%202023%3A%20Advierte%20falta%20de%20di%C3%A1logo%20y%20decisiones%20tard%C3%ADas%20por%20parte%20de%20la%20Gobernadora%2C%20para%20abordar%20los%20desaf%C3%ADos%20financieros%20en%20la%20regi%C3%B3n' aria-hidden='false' data-av_icon='\ue8f3' data-av_iconfont='entypo-fontello' title='' data-avia-related-tooltip='Compartir en Facebook' rel=\"noopener\"><span class='avia_hidden_link_text'>Compartir en Facebook<\/span><\/a><\/li><li class='av-share-link av-social-link-twitter' ><a target=\"_blank\" aria-label=\"Compartir en Twitter\" href='https:\/\/twitter.com\/share?text=Consejero%20Abello%20cuestiona%20Ejecuci%C3%B3n%20Presupuestaria%202023%3A%20Advierte%20falta%20de%20di%C3%A1logo%20y%20decisiones%20tard%C3%ADas%20por%20parte%20de%20la%20Gobernadora%2C%20para%20abordar%20los%20desaf%C3%ADos%20financieros%20en%20la%20regi%C3%B3n&#038;url=https:\/\/radiorevelacionfm.cl\/?p=39256' aria-hidden='false' data-av_icon='\ue8f1' data-av_iconfont='entypo-fontello' title='' data-avia-related-tooltip='Compartir en Twitter' rel=\"noopener\"><span class='avia_hidden_link_text'>Compartir en Twitter<\/span><\/a><\/li><li class='av-share-link av-social-link-whatsapp' ><a target=\"_blank\" aria-label=\"Compartir en Whatsapp\" href='https:\/\/api.whatsapp.com\/send?text=https:\/\/radiorevelacionfm.cl\/?p=39256' aria-hidden='false' data-av_icon='\uf232' data-av_iconfont='entypo-fontello' title='' data-avia-related-tooltip='Compartir en Whatsapp' rel=\"noopener\"><span class='avia_hidden_link_text'>Compartir en Whatsapp<\/span><\/a><\/li><li class='av-share-link av-social-link-linkedin' ><a target=\"_blank\" aria-label=\"Compartir en LinkedIn\" href='https:\/\/linkedin.com\/shareArticle?mini=true&#038;title=Consejero%20Abello%20cuestiona%20Ejecuci%C3%B3n%20Presupuestaria%202023%3A%20Advierte%20falta%20de%20di%C3%A1logo%20y%20decisiones%20tard%C3%ADas%20por%20parte%20de%20la%20Gobernadora%2C%20para%20abordar%20los%20desaf%C3%ADos%20financieros%20en%20la%20regi%C3%B3n&#038;url=https:\/\/radiorevelacionfm.cl\/?p=39256' aria-hidden='false' data-av_icon='\ue8fc' data-av_iconfont='entypo-fontello' title='' data-avia-related-tooltip='Compartir en LinkedIn' rel=\"noopener\"><span class='avia_hidden_link_text'>Compartir en LinkedIn<\/span><\/a><\/li><li class='av-share-link av-social-link-mail' ><a  aria-label=\"Compartir por correo\" href='mailto:?subject=Consejero%20Abello%20cuestiona%20Ejecuci%C3%B3n%20Presupuestaria%202023%3A%20Advierte%20falta%20de%20di%C3%A1logo%20y%20decisiones%20tard%C3%ADas%20por%20parte%20de%20la%20Gobernadora%2C%20para%20abordar%20los%20desaf%C3%ADos%20financieros%20en%20la%20regi%C3%B3n&#038;body=https:\/\/radiorevelacionfm.cl\/?p=39256' aria-hidden='false' data-av_icon='\ue805' data-av_iconfont='entypo-fontello' title='' data-avia-related-tooltip='Compartir por correo'><span class='avia_hidden_link_text'>Compartir por correo<\/span><\/a><\/li><\/ul><\/div><\/div>\n<div  style='height:50px' class='hr hr-invisible   avia-builder-el-8  el_after_av_social_share  el_before_av_comments_list '><span class='hr-inner ' ><span class='hr-inner-style'><\/span><\/span><\/div>\n<div  class='av-buildercomment  av-blog-meta-html-info-disabled av-blog-meta-tag-disabled  '><\/div>\n","protected":false},"excerpt":{"rendered":"","protected":false},"author":1,"featured_media":39257,"comment_status":"open","ping_status":"open","sticky":false,"template":"","format":"standard","meta":{"footnotes":""},"categories":[38],"tags":[],"class_list":["post-39256","post","type-post","status-publish","format-standard","has-post-thumbnail","hentry","category-regional"],"jetpack_featured_media_url":"https:\/\/radiorevelacionfm.cl\/wp-content\/uploads\/2024\/01\/foto-core-1-1.jpg","_links":{"self":[{"href":"https:\/\/radiorevelacionfm.cl\/index.php?rest_route=\/wp\/v2\/posts\/39256","targetHints":{"allow":["GET"]}}],"collection":[{"href":"https:\/\/radiorevelacionfm.cl\/index.php?rest_route=\/wp\/v2\/posts"}],"about":[{"href":"https:\/\/radiorevelacionfm.cl\/index.php?rest_route=\/wp\/v2\/types\/post"}],"author":[{"embeddable":true,"href":"https:\/\/radiorevelacionfm.cl\/index.php?rest_route=\/wp\/v2\/users\/1"}],"replies":[{"embeddable":true,"href":"https:\/\/radiorevelacionfm.cl\/index.php?rest_route=%2Fwp%2Fv2%2Fcomments&post=39256"}],"version-history":[{"count":1,"href":"https:\/\/radiorevelacionfm.cl\/index.php?rest_route=\/wp\/v2\/posts\/39256\/revisions"}],"predecessor-version":[{"id":39258,"href":"https:\/\/radiorevelacionfm.cl\/index.php?rest_route=\/wp\/v2\/posts\/39256\/revisions\/39258"}],"wp:featuredmedia":[{"embeddable":true,"href":"https:\/\/radiorevelacionfm.cl\/index.php?rest_route=\/wp\/v2\/media\/39257"}],"wp:attachment":[{"href":"https:\/\/radiorevelacionfm.cl\/index.php?rest_route=%2Fwp%2Fv2%2Fmedia&parent=39256"}],"wp:term":[{"taxonomy":"category","embeddable":true,"href":"https:\/\/radiorevelacionfm.cl\/index.php?rest_route=%2Fwp%2Fv2%2Fcategories&post=39256"},{"taxonomy":"post_tag","embeddable":true,"href":"https:\/\/radiorevelacionfm.cl\/index.php?rest_route=%2Fwp%2Fv2%2Ftags&post=39256"}],"curies":[{"name":"wp","href":"https:\/\/api.w.org\/{rel}","templated":true}]}}