{"id":39252,"date":"2024-01-28T22:44:05","date_gmt":"2024-01-29T01:44:05","guid":{"rendered":"https:\/\/radiorevelacionfm.cl\/?p=39252"},"modified":"2024-01-28T22:52:20","modified_gmt":"2024-01-29T01:52:20","slug":"alerta-preventiva-para-comuna-de-tortel-por-amenaza-de-desborde-de-rio-huemules","status":"publish","type":"post","link":"https:\/\/radiorevelacionfm.cl\/?p=39252","title":{"rendered":"Alerta Preventiva para comuna de Tortel por Amenaza de Desborde de R\u00edo Huemules"},"content":{"rendered":"<div class=\"flex_column av_one_full  flex_column_div av-zero-column-padding first  avia-builder-el-0  el_before_av_one_full  avia-builder-el-first  \" style='border-radius:0px; '><div  class='avia-image-container  av-styling-    avia-builder-el-1  avia-builder-el-no-sibling  avia-align-center '  itemprop=\"image\" itemscope=\"itemscope\" itemtype=\"https:\/\/schema.org\/ImageObject\"  ><div class='avia-image-container-inner'><div class='avia-image-overlay-wrap'><img decoding=\"async\" class='wp-image-39253 avia-img-lazy-loading-not-39253 avia_image' src=\"https:\/\/radiorevelacionfm.cl\/wp-content\/uploads\/2024\/01\/Glaciar_Tortel-1-1.jpeg\" alt='' title='Glaciar_Tortel (1) (1)' height=\"600\" width=\"846\"  itemprop=\"thumbnailUrl\" srcset=\"https:\/\/radiorevelacionfm.cl\/wp-content\/uploads\/2024\/01\/Glaciar_Tortel-1-1.jpeg 846w, https:\/\/radiorevelacionfm.cl\/wp-content\/uploads\/2024\/01\/Glaciar_Tortel-1-1-300x213.jpeg 300w, https:\/\/radiorevelacionfm.cl\/wp-content\/uploads\/2024\/01\/Glaciar_Tortel-1-1-768x545.jpeg 768w, https:\/\/radiorevelacionfm.cl\/wp-content\/uploads\/2024\/01\/Glaciar_Tortel-1-1-260x185.jpeg 260w, https:\/\/radiorevelacionfm.cl\/wp-content\/uploads\/2024\/01\/Glaciar_Tortel-1-1-705x500.jpeg 705w, https:\/\/radiorevelacionfm.cl\/wp-content\/uploads\/2024\/01\/Glaciar_Tortel-1-1-450x319.jpeg 450w, https:\/\/radiorevelacionfm.cl\/wp-content\/uploads\/2024\/01\/Glaciar_Tortel-1-1-600x426.jpeg 600w\" sizes=\"(max-width: 846px) 100vw, 846px\" \/><\/div><\/div><\/div><\/div>\n<div class=\"flex_column av_one_full  flex_column_div av-zero-column-padding first  avia-builder-el-2  el_after_av_one_full  el_before_av_one_full  column-top-margin\" style='border-radius:0px; '><section class=\"av_textblock_section \"  itemscope=\"itemscope\" itemtype=\"https:\/\/schema.org\/BlogPosting\" itemprop=\"blogPost\" ><div class='avia_textblock  '   itemprop=\"text\" ><p style=\"text-align: center;\"><strong><span style=\"font-size: 18pt;\">Alerta Preventiva para comuna de Tortel por Amenaza de Desborde de R\u00edo Huemules<\/span><\/strong><\/p>\n<div id=\"gtx-trans\" style=\"position: absolute; left: -50px; top: 4.31534px;\">\n<div class=\"gtx-trans-icon\"><\/div>\n<\/div>\n<\/div><\/section><\/div>\n<div class=\"flex_column av_one_full  flex_column_div av-zero-column-padding first  avia-builder-el-4  el_after_av_one_full  el_before_av_hr  column-top-margin\" style='border-radius:0px; '><section class=\"av_textblock_section \"  itemscope=\"itemscope\" itemtype=\"https:\/\/schema.org\/BlogPosting\" itemprop=\"blogPost\" ><div class='avia_textblock  '   itemprop=\"text\" ><p style=\"text-align: justify;\">De acuerdo con la minuta T\u00e9cnica N\u00b002 del d\u00eda 27 de Enero del 2024, emitida por la Direcci\u00f3n General de Aguas la cual se desarrolla a fin describir la situaci\u00f3n actual de niveles de agua en el r\u00edo Huemules, localizado en el sur de Campo de Hielo Norte, comuna de Tortel. Lo anterior en base a la informaci\u00f3n levantada en sobre vuelo realizado el d\u00eda de ayer 27 de enero de 2024 y la obtenida del Sistema Hidrom\u00e9trico Nacional.<\/p>\n<p style=\"text-align: justify;\">En el extremo sur de Campo de Hielo Norte (CHN) se ubica el glaciar Steffen, el \u00faltimo efluente meridional, perteneciente a la comuna de Tortel, provincia Capit\u00e1n Prat, Regi\u00f3n de Ays\u00e9n. En la cuenca del glaciar Steffen existe un sistema compuesto por varios lagos glaciares que drenan al r\u00edo Huemules, el cual desag\u00fca a su vez al fiordo Steffen en el Oc\u00e9ano Pac\u00edfico.<\/p>\n<p style=\"text-align: justify;\">En el \u00e1rea de estudio se observan 5 lagos glaciares principales aguas arriba del frente del glaciar Steffen, todos ellos represados por hielo, tres en la vertiente occidental del glaciar Steffen y dos en la periferia oriental.<\/p>\n<p style=\"text-align: justify;\">La DGA mantiene en el r\u00edo Huemules una estaci\u00f3n fluviom\u00e9trica. Esta recibe la descarga de los glaciares Steffen y HPN4, por lo que ante eventos de descargas abruptas de las aguas del lago HPN4, laguna T\u00e9mpanos, lago Steffen N\u00b01, u otros represados por el glaciar Steffen, las que son registradas por esta estaci\u00f3n.<\/p>\n<p style=\"text-align: justify;\">En los dos \u00faltimos d\u00edas se han registrado elevados niveles de agua en el r\u00edo Huemules, registrando un su valor peak (5.44 m) alrededor de la 1 de la madrugada del d\u00eda 27 de enero 2024, acumulando un incremento de aproximadamente 4.5 m respecto de la situaci\u00f3n previa a la crecida.<\/p>\n<p style=\"text-align: justify;\">La crecida observada en el r\u00edo Huemules se explica por a la descarga abrupta de las aguas de la Laguna de los T\u00e9mpanos.<\/p>\n<p style=\"text-align: justify;\">Se evidenci\u00f3 que los lagos HPN4, Steffen N\u00b01 y lago Huemules, mantienen elevados niveles de acumulaci\u00f3n de agua. La Direcci\u00f3n General de Aguas, Regi\u00f3n de Ays\u00e9n, continuar\u00e1 el monitoreo de los niveles de agua en el sistema en estudio, por lo que se recomienda mantener en condici\u00f3n de Alerta el sector del valle Huemules.<\/p>\n<p style=\"text-align: justify;\">En consideraci\u00f3n a estos antecedentes, es que el Servicio Nacional de Prevenci\u00f3n y respuesta ante Desastres (SENAPRED), ACTUALIZA ALERTA VERDE TEMPRANA PREVENTIVA, vigente desde el 11 de septiembre de 2023, para la comuna de Tortel en la Provincia de Capit\u00e1n Prat, por Amenaza de Desborde.<\/p>\n<p style=\"text-align: justify;\">Para ello se han definido los siguientes cursos de acci\u00f3n:<\/p>\n<p style=\"text-align: justify;\">* Radio Estaci\u00f3n Comunal de Tortel mantendr\u00e1 constante comunicaci\u00f3n con familias de pobladores del sector.<br \/>\n* Difusi\u00f3n de la presente extensi\u00f3n de Alerta Temprana Preventiva a integrantes del Sistema regional de prevenci\u00f3n y respuesta ante desastres.<br \/>\n* Activaci\u00f3n preventiva del Comit\u00e9 para la Gesti\u00f3n del Riesgo de Desastre, de la Provincia de Capit\u00e1n Prat.<br \/>\n* Mantener activados e informados a los Sistemas Comunales de prevenci\u00f3n y respuesta ante desastres y a sus niveles Provinciales y Regionales, de manera de poder activar los recursos necesarios para el control inmediato de cualquier situaci\u00f3n de emergencia que pudiera producirse.<br \/>\n* Monitoreo permanente en puntos cr\u00edticos, por parte de todos los niveles de gesti\u00f3n de prevenci\u00f3n y respuesta ante desastres; comunal, provincial y regional.<br \/>\n* Puesta a punto (verificaci\u00f3n \u2013 chequeo) de enlaces de coordinaci\u00f3n y planificaci\u00f3n de operaciones\u00a0 de emergencia.<br \/>\n* Mantener activos los enlaces comunicacionales de todos los organismos integrantes de sistema regional de prevenci\u00f3n y respuesta ante desastres en sus niveles comunales, provinciales y regional.<br \/>\n* Revisi\u00f3n de albergues por parte de los niveles comunales en caso de ser utilizados.<br \/>\n* Detecci\u00f3n de zonas de riesgo y vulnerabilidades asociadas.<br \/>\n* Catastro de recursos actualizado.<br \/>\n* Monitoreo constante de las estaciones por parte de la Direcci\u00f3n Regional de la DGA.<\/p>\n<\/div><\/section><\/div><div  style='height:50px' class='hr hr-invisible   avia-builder-el-6  el_after_av_one_full  el_before_av_social_share '><span class='hr-inner ' ><span class='hr-inner-style'><\/span><\/span><\/div><\/p>\n<div  class='av-social-sharing-box  avia-builder-el-7  el_after_av_hr  el_before_av_hr  '><div class='av-share-box'><h5 class='av-share-link-description av-no-toc '>Compartir esta noticia<\/h5><ul class='av-share-box-list noLightbox'><li class='av-share-link av-social-link-facebook' ><a target=\"_blank\" aria-label=\"Compartir en Facebook\" href='https:\/\/www.facebook.com\/sharer.php?u=https:\/\/radiorevelacionfm.cl\/?p=39252&#038;t=Alerta%20Preventiva%20para%20comuna%20de%20Tortel%20por%20Amenaza%20de%20Desborde%20de%20R%C3%ADo%20Huemules' aria-hidden='false' data-av_icon='\ue8f3' data-av_iconfont='entypo-fontello' title='' data-avia-related-tooltip='Compartir en Facebook' rel=\"noopener\"><span class='avia_hidden_link_text'>Compartir en Facebook<\/span><\/a><\/li><li class='av-share-link av-social-link-twitter' ><a target=\"_blank\" aria-label=\"Compartir en Twitter\" href='https:\/\/twitter.com\/share?text=Alerta%20Preventiva%20para%20comuna%20de%20Tortel%20por%20Amenaza%20de%20Desborde%20de%20R%C3%ADo%20Huemules&#038;url=https:\/\/radiorevelacionfm.cl\/?p=39252' aria-hidden='false' data-av_icon='\ue8f1' data-av_iconfont='entypo-fontello' title='' data-avia-related-tooltip='Compartir en Twitter' rel=\"noopener\"><span class='avia_hidden_link_text'>Compartir en Twitter<\/span><\/a><\/li><li class='av-share-link av-social-link-whatsapp' ><a target=\"_blank\" aria-label=\"Compartir en Whatsapp\" href='https:\/\/api.whatsapp.com\/send?text=https:\/\/radiorevelacionfm.cl\/?p=39252' aria-hidden='false' data-av_icon='\uf232' data-av_iconfont='entypo-fontello' title='' data-avia-related-tooltip='Compartir en Whatsapp' rel=\"noopener\"><span class='avia_hidden_link_text'>Compartir en Whatsapp<\/span><\/a><\/li><li class='av-share-link av-social-link-linkedin' ><a target=\"_blank\" aria-label=\"Compartir en LinkedIn\" href='https:\/\/linkedin.com\/shareArticle?mini=true&#038;title=Alerta%20Preventiva%20para%20comuna%20de%20Tortel%20por%20Amenaza%20de%20Desborde%20de%20R%C3%ADo%20Huemules&#038;url=https:\/\/radiorevelacionfm.cl\/?p=39252' aria-hidden='false' data-av_icon='\ue8fc' data-av_iconfont='entypo-fontello' title='' data-avia-related-tooltip='Compartir en LinkedIn' rel=\"noopener\"><span class='avia_hidden_link_text'>Compartir en LinkedIn<\/span><\/a><\/li><li class='av-share-link av-social-link-mail' ><a  aria-label=\"Compartir por correo\" href='mailto:?subject=Alerta%20Preventiva%20para%20comuna%20de%20Tortel%20por%20Amenaza%20de%20Desborde%20de%20R%C3%ADo%20Huemules&#038;body=https:\/\/radiorevelacionfm.cl\/?p=39252' aria-hidden='false' data-av_icon='\ue805' data-av_iconfont='entypo-fontello' title='' data-avia-related-tooltip='Compartir por correo'><span class='avia_hidden_link_text'>Compartir por correo<\/span><\/a><\/li><\/ul><\/div><\/div>\n<div  style='height:50px' class='hr hr-invisible   avia-builder-el-8  el_after_av_social_share  el_before_av_comments_list '><span class='hr-inner ' ><span class='hr-inner-style'><\/span><\/span><\/div>\n<div  class='av-buildercomment  av-blog-meta-html-info-disabled av-blog-meta-tag-disabled  '><\/div>\n","protected":false},"excerpt":{"rendered":"","protected":false},"author":1,"featured_media":39253,"comment_status":"open","ping_status":"open","sticky":false,"template":"","format":"standard","meta":{"footnotes":""},"categories":[38],"tags":[],"class_list":["post-39252","post","type-post","status-publish","format-standard","has-post-thumbnail","hentry","category-regional"],"jetpack_featured_media_url":"https:\/\/radiorevelacionfm.cl\/wp-content\/uploads\/2024\/01\/Glaciar_Tortel-1-1.jpeg","_links":{"self":[{"href":"https:\/\/radiorevelacionfm.cl\/index.php?rest_route=\/wp\/v2\/posts\/39252","targetHints":{"allow":["GET"]}}],"collection":[{"href":"https:\/\/radiorevelacionfm.cl\/index.php?rest_route=\/wp\/v2\/posts"}],"about":[{"href":"https:\/\/radiorevelacionfm.cl\/index.php?rest_route=\/wp\/v2\/types\/post"}],"author":[{"embeddable":true,"href":"https:\/\/radiorevelacionfm.cl\/index.php?rest_route=\/wp\/v2\/users\/1"}],"replies":[{"embeddable":true,"href":"https:\/\/radiorevelacionfm.cl\/index.php?rest_route=%2Fwp%2Fv2%2Fcomments&post=39252"}],"version-history":[{"count":2,"href":"https:\/\/radiorevelacionfm.cl\/index.php?rest_route=\/wp\/v2\/posts\/39252\/revisions"}],"predecessor-version":[{"id":39255,"href":"https:\/\/radiorevelacionfm.cl\/index.php?rest_route=\/wp\/v2\/posts\/39252\/revisions\/39255"}],"wp:featuredmedia":[{"embeddable":true,"href":"https:\/\/radiorevelacionfm.cl\/index.php?rest_route=\/wp\/v2\/media\/39253"}],"wp:attachment":[{"href":"https:\/\/radiorevelacionfm.cl\/index.php?rest_route=%2Fwp%2Fv2%2Fmedia&parent=39252"}],"wp:term":[{"taxonomy":"category","embeddable":true,"href":"https:\/\/radiorevelacionfm.cl\/index.php?rest_route=%2Fwp%2Fv2%2Fcategories&post=39252"},{"taxonomy":"post_tag","embeddable":true,"href":"https:\/\/radiorevelacionfm.cl\/index.php?rest_route=%2Fwp%2Fv2%2Ftags&post=39252"}],"curies":[{"name":"wp","href":"https:\/\/api.w.org\/{rel}","templated":true}]}}