{"id":39249,"date":"2024-01-28T21:20:28","date_gmt":"2024-01-29T00:20:28","guid":{"rendered":"https:\/\/radiorevelacionfm.cl\/?p=39249"},"modified":"2024-01-28T21:20:28","modified_gmt":"2024-01-29T00:20:28","slug":"impecable-desfile-civico-militar-por-los-96-anos-de-puerto-aysen","status":"publish","type":"post","link":"https:\/\/radiorevelacionfm.cl\/?p=39249","title":{"rendered":"Impecable desfile C\u00edvico \u2013 Militar por los 96 a\u00f1os de Puerto Ays\u00e9n"},"content":{"rendered":"<div class=\"flex_column av_one_full  flex_column_div av-zero-column-padding first  avia-builder-el-0  el_before_av_one_full  avia-builder-el-first  \" style='border-radius:0px; '><div  class='avia-image-container  av-styling-    avia-builder-el-1  avia-builder-el-no-sibling  avia-align-center '  itemprop=\"image\" itemscope=\"itemscope\" itemtype=\"https:\/\/schema.org\/ImageObject\"  ><div class='avia-image-container-inner'><div class='avia-image-overlay-wrap'><img decoding=\"async\" class='wp-image-39250 avia-img-lazy-loading-not-39250 avia_image' src=\"https:\/\/radiorevelacionfm.cl\/wp-content\/uploads\/2024\/01\/desfile-96-aysen-12-1_optimized-1.jpg\" alt='' title='desfile-96-aysen-12-(1)_optimized (1)' height=\"600\" width=\"1066\"  itemprop=\"thumbnailUrl\" srcset=\"https:\/\/radiorevelacionfm.cl\/wp-content\/uploads\/2024\/01\/desfile-96-aysen-12-1_optimized-1.jpg 1066w, https:\/\/radiorevelacionfm.cl\/wp-content\/uploads\/2024\/01\/desfile-96-aysen-12-1_optimized-1-300x169.jpg 300w, https:\/\/radiorevelacionfm.cl\/wp-content\/uploads\/2024\/01\/desfile-96-aysen-12-1_optimized-1-1030x580.jpg 1030w, https:\/\/radiorevelacionfm.cl\/wp-content\/uploads\/2024\/01\/desfile-96-aysen-12-1_optimized-1-768x432.jpg 768w, https:\/\/radiorevelacionfm.cl\/wp-content\/uploads\/2024\/01\/desfile-96-aysen-12-1_optimized-1-705x397.jpg 705w, https:\/\/radiorevelacionfm.cl\/wp-content\/uploads\/2024\/01\/desfile-96-aysen-12-1_optimized-1-450x253.jpg 450w, https:\/\/radiorevelacionfm.cl\/wp-content\/uploads\/2024\/01\/desfile-96-aysen-12-1_optimized-1-600x338.jpg 600w\" sizes=\"(max-width: 1066px) 100vw, 1066px\" \/><\/div><\/div><\/div><\/div><div class=\"flex_column av_one_full  flex_column_div av-zero-column-padding first  avia-builder-el-2  el_after_av_one_full  el_before_av_one_full  column-top-margin\" style='border-radius:0px; '><section class=\"av_textblock_section \"  itemscope=\"itemscope\" itemtype=\"https:\/\/schema.org\/BlogPosting\" itemprop=\"blogPost\" ><div class='avia_textblock  '   itemprop=\"text\" ><p style=\"text-align: center;\"><strong><span style=\"font-size: 18pt;\">Impecable desfile C\u00edvico \u2013 Militar por los 96 a\u00f1os de Puerto Ays\u00e9n<\/span><\/strong><\/p>\n<div id=\"gtx-trans\" style=\"position: absolute; left: -50px; top: 4.31534px;\">\n<div class=\"gtx-trans-icon\"><\/div>\n<\/div>\n<\/div><\/section><\/div><div class=\"flex_column av_one_full  flex_column_div av-zero-column-padding first  avia-builder-el-4  el_after_av_one_full  el_before_av_hr  column-top-margin\" style='border-radius:0px; '><section class=\"av_textblock_section \"  itemscope=\"itemscope\" itemtype=\"https:\/\/schema.org\/BlogPosting\" itemprop=\"blogPost\" ><div class='avia_textblock  '   itemprop=\"text\" ><p style=\"text-align: justify;\">Al amparo de un bello d\u00eda, la Plaza de Armas de Puerto Ays\u00e9n fue el punto central del desfile C\u00edvico \u2013 Militar por el aniversario n\u00famero 96 de la ciudad, en actividad participaron las distintas ramas de las Fuerzas Armadas, los voluntariados, organizaciones folcl\u00f3ricas, clubes de adultos mayores, agrupaciones y entidades deportivas, culturales y musicales, que se sumaron a esta ceremonia.<\/p>\n<p style=\"text-align: justify;\">La jornada tuvo tambi\u00e9n un minuto de silencio en nombre de don, Jos\u00e9 Cay\u00fan Paillacar, funcionario municipal, antiguo dirigente del deportivo Ays\u00e9n, dirigente social y conocido vecino de la ciudad, quien falleci\u00f3 durante la noche del d\u00eda s\u00e1bado, aquejado por una delicada enfermedad.<\/p>\n<p style=\"text-align: justify;\">La ceremonia estuvo encabezada por el Alcalde de la comuna de Ays\u00e9n, Julio Uribe y cont\u00f3 con la presencia de los Senadores David Sandoval y Ximena Ordenes, la Gobernadora Regional Andrea Mac\u00edas, el Delegado Presidencial Provincial Jorge D\u00edaz, representantes del Ejercito, la Armada, Carabineros, PDI, Concejales y Concejalas de la comuna, entre otras autoridades del territorio.<\/p>\n<p style=\"text-align: justify;\">El Alcalde Julio Uribe, comenz\u00f3 lamentando el fallecimiento de don Jos\u00e9 Cay\u00fan, pero tambi\u00e9n, felicit\u00f3 el impecable desfile realizado por la comunidad, sus voluntariados y las Fuerzas Armadas, donde se cont\u00f3 con un importante apoyo del Ejercito. Adem\u00e1s, tuvo palabras de agradecimiento para todos quienes acompa\u00f1aron esta ceremonia en los 96 a\u00f1os de Puerto Ays\u00e9n, en particular para la Gobernadora Andrea Mac\u00edas y su Consejo, por estar siempre apoyando las iniciativas y proyectos de la comuna, en bien de toda su gente.<\/p>\n<p style=\"text-align: justify;\">De igual forma, la Gobernadora Regional, Andrea Mac\u00edas, tuvo un mensaje para la comunidad, felicitando a cada uno de los ayseninos y ayseninas por el aniversario y reafirmando su compromiso de respaldar cada uno de los proyectos que signifiquen el crecimiento y el apoyo a las distintas localidades de la comuna de Ays\u00e9n, haciendo hincapi\u00e9 en la destacada agenda de proyectos que ha presentado la Municipalidad.<\/p>\n<p style=\"text-align: justify;\">Hasta la Plaza de Armas llegaron muchas familias a presenciar esta tradicional actividad, que se desarrolla por los 96 a\u00f1os de Puerto Ays\u00e9n.<\/p>\n<\/div><\/section><\/div><div  style='height:50px' class='hr hr-invisible   avia-builder-el-6  el_after_av_one_full  el_before_av_social_share '><span class='hr-inner ' ><span class='hr-inner-style'><\/span><\/span><\/div><\/p>\n<div  class='av-social-sharing-box  avia-builder-el-7  el_after_av_hr  el_before_av_hr  '><div class='av-share-box'><h5 class='av-share-link-description av-no-toc '>Compartir esta noticia<\/h5><ul class='av-share-box-list noLightbox'><li class='av-share-link av-social-link-facebook' ><a target=\"_blank\" aria-label=\"Compartir en Facebook\" href='https:\/\/www.facebook.com\/sharer.php?u=https:\/\/radiorevelacionfm.cl\/?p=39249&#038;t=Impecable%20desfile%20C%C3%ADvico%20%E2%80%93%20Militar%20por%20los%2096%20a%C3%B1os%20de%20Puerto%20Ays%C3%A9n' aria-hidden='false' data-av_icon='\ue8f3' data-av_iconfont='entypo-fontello' title='' data-avia-related-tooltip='Compartir en Facebook' rel=\"noopener\"><span class='avia_hidden_link_text'>Compartir en Facebook<\/span><\/a><\/li><li class='av-share-link av-social-link-twitter' ><a target=\"_blank\" aria-label=\"Compartir en Twitter\" href='https:\/\/twitter.com\/share?text=Impecable%20desfile%20C%C3%ADvico%20%E2%80%93%20Militar%20por%20los%2096%20a%C3%B1os%20de%20Puerto%20Ays%C3%A9n&#038;url=https:\/\/radiorevelacionfm.cl\/?p=39249' aria-hidden='false' data-av_icon='\ue8f1' data-av_iconfont='entypo-fontello' title='' data-avia-related-tooltip='Compartir en Twitter' rel=\"noopener\"><span class='avia_hidden_link_text'>Compartir en Twitter<\/span><\/a><\/li><li class='av-share-link av-social-link-whatsapp' ><a target=\"_blank\" aria-label=\"Compartir en Whatsapp\" href='https:\/\/api.whatsapp.com\/send?text=https:\/\/radiorevelacionfm.cl\/?p=39249' aria-hidden='false' data-av_icon='\uf232' data-av_iconfont='entypo-fontello' title='' data-avia-related-tooltip='Compartir en Whatsapp' rel=\"noopener\"><span class='avia_hidden_link_text'>Compartir en Whatsapp<\/span><\/a><\/li><li class='av-share-link av-social-link-linkedin' ><a target=\"_blank\" aria-label=\"Compartir en LinkedIn\" href='https:\/\/linkedin.com\/shareArticle?mini=true&#038;title=Impecable%20desfile%20C%C3%ADvico%20%E2%80%93%20Militar%20por%20los%2096%20a%C3%B1os%20de%20Puerto%20Ays%C3%A9n&#038;url=https:\/\/radiorevelacionfm.cl\/?p=39249' aria-hidden='false' data-av_icon='\ue8fc' data-av_iconfont='entypo-fontello' title='' data-avia-related-tooltip='Compartir en LinkedIn' rel=\"noopener\"><span class='avia_hidden_link_text'>Compartir en LinkedIn<\/span><\/a><\/li><li class='av-share-link av-social-link-mail' ><a  aria-label=\"Compartir por correo\" href='mailto:?subject=Impecable%20desfile%20C%C3%ADvico%20%E2%80%93%20Militar%20por%20los%2096%20a%C3%B1os%20de%20Puerto%20Ays%C3%A9n&#038;body=https:\/\/radiorevelacionfm.cl\/?p=39249' aria-hidden='false' data-av_icon='\ue805' data-av_iconfont='entypo-fontello' title='' data-avia-related-tooltip='Compartir por correo'><span class='avia_hidden_link_text'>Compartir por correo<\/span><\/a><\/li><\/ul><\/div><\/div>\n<div  style='height:50px' class='hr hr-invisible   avia-builder-el-8  el_after_av_social_share  el_before_av_comments_list '><span class='hr-inner ' ><span class='hr-inner-style'><\/span><\/span><\/div>\n<div  class='av-buildercomment  av-blog-meta-html-info-disabled av-blog-meta-tag-disabled  '><\/div>\n","protected":false},"excerpt":{"rendered":"","protected":false},"author":1,"featured_media":39250,"comment_status":"open","ping_status":"open","sticky":false,"template":"","format":"standard","meta":{"footnotes":""},"categories":[38],"tags":[],"class_list":["post-39249","post","type-post","status-publish","format-standard","has-post-thumbnail","hentry","category-regional"],"jetpack_featured_media_url":"https:\/\/radiorevelacionfm.cl\/wp-content\/uploads\/2024\/01\/desfile-96-aysen-12-1_optimized-1.jpg","_links":{"self":[{"href":"https:\/\/radiorevelacionfm.cl\/index.php?rest_route=\/wp\/v2\/posts\/39249","targetHints":{"allow":["GET"]}}],"collection":[{"href":"https:\/\/radiorevelacionfm.cl\/index.php?rest_route=\/wp\/v2\/posts"}],"about":[{"href":"https:\/\/radiorevelacionfm.cl\/index.php?rest_route=\/wp\/v2\/types\/post"}],"author":[{"embeddable":true,"href":"https:\/\/radiorevelacionfm.cl\/index.php?rest_route=\/wp\/v2\/users\/1"}],"replies":[{"embeddable":true,"href":"https:\/\/radiorevelacionfm.cl\/index.php?rest_route=%2Fwp%2Fv2%2Fcomments&post=39249"}],"version-history":[{"count":1,"href":"https:\/\/radiorevelacionfm.cl\/index.php?rest_route=\/wp\/v2\/posts\/39249\/revisions"}],"predecessor-version":[{"id":39251,"href":"https:\/\/radiorevelacionfm.cl\/index.php?rest_route=\/wp\/v2\/posts\/39249\/revisions\/39251"}],"wp:featuredmedia":[{"embeddable":true,"href":"https:\/\/radiorevelacionfm.cl\/index.php?rest_route=\/wp\/v2\/media\/39250"}],"wp:attachment":[{"href":"https:\/\/radiorevelacionfm.cl\/index.php?rest_route=%2Fwp%2Fv2%2Fmedia&parent=39249"}],"wp:term":[{"taxonomy":"category","embeddable":true,"href":"https:\/\/radiorevelacionfm.cl\/index.php?rest_route=%2Fwp%2Fv2%2Fcategories&post=39249"},{"taxonomy":"post_tag","embeddable":true,"href":"https:\/\/radiorevelacionfm.cl\/index.php?rest_route=%2Fwp%2Fv2%2Ftags&post=39249"}],"curies":[{"name":"wp","href":"https:\/\/api.w.org\/{rel}","templated":true}]}}