{"id":39247,"date":"2024-01-28T15:52:28","date_gmt":"2024-01-28T18:52:28","guid":{"rendered":"https:\/\/radiorevelacionfm.cl\/?p=39247"},"modified":"2024-01-28T15:52:28","modified_gmt":"2024-01-28T18:52:28","slug":"calisto-pide-agilizar-solucion-definitiva-para-rotonda-de-acceso-a-puerto-aysen-es-importante-que-obras-que-contaron-con-recursos-publicos-no-queden-abandonadas","status":"publish","type":"post","link":"https:\/\/radiorevelacionfm.cl\/?p=39247","title":{"rendered":"Calisto pide agilizar soluci\u00f3n definitiva para rotonda de acceso a Puerto Ays\u00e9n: \u201cEs importante que obras que contaron con recursos p\u00fablicos no queden abandonadas\u201d"},"content":{"rendered":"<div class=\"flex_column av_one_full  flex_column_div av-zero-column-padding first  avia-builder-el-0  el_before_av_one_full  avia-builder-el-first  \" style='border-radius:0px; '><div  class='avia-image-container  av-styling-    avia-builder-el-1  avia-builder-el-no-sibling  avia-align-center '  itemprop=\"image\" itemscope=\"itemscope\" itemtype=\"https:\/\/schema.org\/ImageObject\"  ><div class='avia-image-container-inner'><div class='avia-image-overlay-wrap'><img decoding=\"async\" class='wp-image-19740 avia-img-lazy-loading-not-19740 avia_image' src=\"https:\/\/radiorevelacionfm.cl\/wp-content\/uploads\/2022\/07\/CALISTO3-1-1.jpg\" alt='' title='CALISTO3 (1) (1)' height=\"600\" width=\"1095\"  itemprop=\"thumbnailUrl\" srcset=\"https:\/\/radiorevelacionfm.cl\/wp-content\/uploads\/2022\/07\/CALISTO3-1-1.jpg 1095w, https:\/\/radiorevelacionfm.cl\/wp-content\/uploads\/2022\/07\/CALISTO3-1-1-300x164.jpg 300w, https:\/\/radiorevelacionfm.cl\/wp-content\/uploads\/2022\/07\/CALISTO3-1-1-1030x564.jpg 1030w, https:\/\/radiorevelacionfm.cl\/wp-content\/uploads\/2022\/07\/CALISTO3-1-1-768x421.jpg 768w, https:\/\/radiorevelacionfm.cl\/wp-content\/uploads\/2022\/07\/CALISTO3-1-1-705x386.jpg 705w, https:\/\/radiorevelacionfm.cl\/wp-content\/uploads\/2022\/07\/CALISTO3-1-1-600x329.jpg 600w\" sizes=\"(max-width: 1095px) 100vw, 1095px\" \/><\/div><\/div><\/div><\/div><div class=\"flex_column av_one_full  flex_column_div av-zero-column-padding first  avia-builder-el-2  el_after_av_one_full  el_before_av_one_full  column-top-margin\" style='border-radius:0px; '><section class=\"av_textblock_section \"  itemscope=\"itemscope\" itemtype=\"https:\/\/schema.org\/BlogPosting\" itemprop=\"blogPost\" ><div class='avia_textblock  '   itemprop=\"text\" ><p style=\"font-weight: 400; text-align: center;\"><span style=\"font-size: 18pt;\"><strong>Calisto pide agilizar soluci\u00f3n definitiva para rotonda de acceso a Puerto Ays\u00e9n: <\/strong><strong>\u201cEs importante que obras que contaron con recursos p\u00fablicos no queden abandonadas\u201d<\/strong><\/span><\/p>\n<div id=\"gtx-trans\" style=\"position: absolute; left: -50px; top: 4.31534px;\">\n<div class=\"gtx-trans-icon\"><\/div>\n<\/div>\n<\/div><\/section><\/div><div class=\"flex_column av_one_full  flex_column_div av-zero-column-padding first  avia-builder-el-4  el_after_av_one_full  el_before_av_hr  column-top-margin\" style='border-radius:0px; '><section class=\"av_textblock_section \"  itemscope=\"itemscope\" itemtype=\"https:\/\/schema.org\/BlogPosting\" itemprop=\"blogPost\" ><div class='avia_textblock  '   itemprop=\"text\" ><p style=\"font-weight: 400; text-align: justify;\">Luego del accidente que le quit\u00f3 la vida a un transportista en las cercan\u00edas de la rotonda de ingreso de Puerto Ays\u00e9n, ruta que lleva cerca de dos a\u00f1os sin pavimento, el diputado Miguel \u00c1ngel Calisto inst\u00f3 a las autoridades regionales a agilizar la soluci\u00f3n a esta problem\u00e1tica, asegurando adem\u00e1s que \u201ces importante que obras que contaron con recursos p\u00fablicos no queden abandonadas\u201d.<\/p>\n<p style=\"font-weight: 400; text-align: justify;\">Seg\u00fan el diputado Calisto, \u201cnuevamente tenemos problemas en los accesos de Puerto Ays\u00e9n y Coyhaique. Se trata de obras que tuvieron los recursos asignados, pero que lamentablemente las obras quedaron abandonadas por empresas que quebraron. Ese problema ha generado graves situaciones, como lo que sucedi\u00f3 en Puerto Ays\u00e9n hace pocos d\u00edas donde falleci\u00f3 una persona en un accidente de tr\u00e1nsito producto de las malas condiciones del camino\u201d.<\/p>\n<p style=\"font-weight: 400; text-align: justify;\">\u201cHemos conversado con el director de vialidad, quien nos se\u00f1ala que hay procedimientos que ya est\u00e1n en curso para poder garantizar que el acceso a Puerto Ays\u00e9n se resuelva lo antes posible, mediante de una reevaluaci\u00f3n del proyecto, de tal manera de poder avanzar en la concreci\u00f3n de esta obra y terminarla definitivamente\u201d, indic\u00f3.<\/p>\n<p style=\"font-weight: 400; text-align: justify;\">El legislador indic\u00f3 que \u201cen relaci\u00f3n a Coyhaique, hay una situaci\u00f3n similar, pero ya estar\u00eda un poco m\u00e1s adelantada la mejora del camino. Para nosotros es importante que obras que contaron con recursos p\u00fablicos, no queden abandonadas.\u00a0 Aqu\u00ed debe haber una fiscalizaci\u00f3n permanente de los entes que aportan los recursos. Nosotros ya hemos oficiado a la Contralor\u00eda y a las instituciones de fiscalizaci\u00f3n, para que este tipo de situaciones no sigan ocurriendo en la regi\u00f3n\u201d.<\/p>\n<p style=\"font-weight: 400; text-align: justify;\">\u201cSe tienen que aprobar los recursos necesarios para que estos proyectos no queden a la mitad, porque despu\u00e9s los problemas son mayores, incluso con personas fallecidas producto de estas demoras. Esperamos que el MOP Y Vialidad r\u00e1pidamente respondan a esta situaci\u00f3n y sobre todo terminen las obras, que es lo que a todos nos interesa\u201d, asegur\u00f3 el parlamentario.<\/p>\n<p style=\"font-weight: 400; text-align: justify;\"><strong>El malestar de los usuarios<\/strong><\/p>\n<p style=\"font-weight: 400; text-align: justify;\">Para Cristian Vargas, transportista y vecino de Puerto Ays\u00e9n, \u201cestamos frente a una problem\u00e1tica por m\u00e1s de tres a\u00f1os con la rotonda de acceso. La desarmaron y ah\u00ed qued\u00f3 tirada. Las motoniveladoras pasan una vez al mes. Ha habido accidentes, y un sinn\u00famero de veh\u00edculos con problemas mec\u00e1nicos, que producto de la calamina y los hoyos se echan a perder\u201d.<\/p>\n<p style=\"font-weight: 400; text-align: justify;\">Finalmente, Cristian Vargas indic\u00f3 que \u201cesto ya pas\u00f3 a ser una problem\u00e1tica tremenda para la comuna. Miles de usuarios de la comuna o la regi\u00f3n, ocupamos esta rotonda, y est\u00e1 en p\u00e9simas condiciones. Nuestra autoridad comunal tampoco se ha pronunciado., hace una semana hubo un accidente con causas fatales, entonces, \u00bfqu\u00e9 estamos esperando, otro fallecimiento para que se tomen acciones concretas?<\/p>\n<\/div><\/section><\/div><div  style='height:50px' class='hr hr-invisible   avia-builder-el-6  el_after_av_one_full  el_before_av_social_share '><span class='hr-inner ' ><span class='hr-inner-style'><\/span><\/span><\/div><\/p>\n<div  class='av-social-sharing-box  avia-builder-el-7  el_after_av_hr  el_before_av_hr  '><div class='av-share-box'><h5 class='av-share-link-description av-no-toc '>Compartir esta noticia<\/h5><ul class='av-share-box-list noLightbox'><li class='av-share-link av-social-link-facebook' ><a target=\"_blank\" aria-label=\"Compartir en Facebook\" href='https:\/\/www.facebook.com\/sharer.php?u=https:\/\/radiorevelacionfm.cl\/?p=39247&#038;t=Calisto%20pide%20agilizar%20soluci%C3%B3n%20definitiva%20para%20rotonda%20de%20acceso%20a%20Puerto%20Ays%C3%A9n%3A%20%E2%80%9CEs%20importante%20que%20obras%20que%20contaron%20con%20recursos%20p%C3%BAblicos%20no%20queden%20abandonadas%E2%80%9D' aria-hidden='false' data-av_icon='\ue8f3' data-av_iconfont='entypo-fontello' title='' data-avia-related-tooltip='Compartir en Facebook' rel=\"noopener\"><span class='avia_hidden_link_text'>Compartir en Facebook<\/span><\/a><\/li><li class='av-share-link av-social-link-twitter' ><a target=\"_blank\" aria-label=\"Compartir en Twitter\" href='https:\/\/twitter.com\/share?text=Calisto%20pide%20agilizar%20soluci%C3%B3n%20definitiva%20para%20rotonda%20de%20acceso%20a%20Puerto%20Ays%C3%A9n%3A%20%E2%80%9CEs%20importante%20que%20obras%20que%20contaron%20con%20recursos%20p%C3%BAblicos%20no%20queden%20abandonadas%E2%80%9D&#038;url=https:\/\/radiorevelacionfm.cl\/?p=39247' aria-hidden='false' data-av_icon='\ue8f1' data-av_iconfont='entypo-fontello' title='' data-avia-related-tooltip='Compartir en Twitter' rel=\"noopener\"><span class='avia_hidden_link_text'>Compartir en Twitter<\/span><\/a><\/li><li class='av-share-link av-social-link-whatsapp' ><a target=\"_blank\" aria-label=\"Compartir en Whatsapp\" href='https:\/\/api.whatsapp.com\/send?text=https:\/\/radiorevelacionfm.cl\/?p=39247' aria-hidden='false' data-av_icon='\uf232' data-av_iconfont='entypo-fontello' title='' data-avia-related-tooltip='Compartir en Whatsapp' rel=\"noopener\"><span class='avia_hidden_link_text'>Compartir en Whatsapp<\/span><\/a><\/li><li class='av-share-link av-social-link-linkedin' ><a target=\"_blank\" aria-label=\"Compartir en LinkedIn\" href='https:\/\/linkedin.com\/shareArticle?mini=true&#038;title=Calisto%20pide%20agilizar%20soluci%C3%B3n%20definitiva%20para%20rotonda%20de%20acceso%20a%20Puerto%20Ays%C3%A9n%3A%20%E2%80%9CEs%20importante%20que%20obras%20que%20contaron%20con%20recursos%20p%C3%BAblicos%20no%20queden%20abandonadas%E2%80%9D&#038;url=https:\/\/radiorevelacionfm.cl\/?p=39247' aria-hidden='false' data-av_icon='\ue8fc' data-av_iconfont='entypo-fontello' title='' data-avia-related-tooltip='Compartir en LinkedIn' rel=\"noopener\"><span class='avia_hidden_link_text'>Compartir en LinkedIn<\/span><\/a><\/li><li class='av-share-link av-social-link-mail' ><a  aria-label=\"Compartir por correo\" href='mailto:?subject=Calisto%20pide%20agilizar%20soluci%C3%B3n%20definitiva%20para%20rotonda%20de%20acceso%20a%20Puerto%20Ays%C3%A9n%3A%20%E2%80%9CEs%20importante%20que%20obras%20que%20contaron%20con%20recursos%20p%C3%BAblicos%20no%20queden%20abandonadas%E2%80%9D&#038;body=https:\/\/radiorevelacionfm.cl\/?p=39247' aria-hidden='false' data-av_icon='\ue805' data-av_iconfont='entypo-fontello' title='' data-avia-related-tooltip='Compartir por correo'><span class='avia_hidden_link_text'>Compartir por correo<\/span><\/a><\/li><\/ul><\/div><\/div>\n<div  style='height:50px' class='hr hr-invisible   avia-builder-el-8  el_after_av_social_share  el_before_av_comments_list '><span class='hr-inner ' ><span class='hr-inner-style'><\/span><\/span><\/div>\n<div  class='av-buildercomment  av-blog-meta-html-info-disabled av-blog-meta-tag-disabled  '><\/div>\n","protected":false},"excerpt":{"rendered":"","protected":false},"author":1,"featured_media":19740,"comment_status":"open","ping_status":"open","sticky":false,"template":"","format":"standard","meta":{"footnotes":""},"categories":[35],"tags":[],"class_list":["post-39247","post","type-post","status-publish","format-standard","has-post-thumbnail","hentry","category-politica"],"jetpack_featured_media_url":"https:\/\/radiorevelacionfm.cl\/wp-content\/uploads\/2022\/07\/CALISTO3-1-1.jpg","_links":{"self":[{"href":"https:\/\/radiorevelacionfm.cl\/index.php?rest_route=\/wp\/v2\/posts\/39247","targetHints":{"allow":["GET"]}}],"collection":[{"href":"https:\/\/radiorevelacionfm.cl\/index.php?rest_route=\/wp\/v2\/posts"}],"about":[{"href":"https:\/\/radiorevelacionfm.cl\/index.php?rest_route=\/wp\/v2\/types\/post"}],"author":[{"embeddable":true,"href":"https:\/\/radiorevelacionfm.cl\/index.php?rest_route=\/wp\/v2\/users\/1"}],"replies":[{"embeddable":true,"href":"https:\/\/radiorevelacionfm.cl\/index.php?rest_route=%2Fwp%2Fv2%2Fcomments&post=39247"}],"version-history":[{"count":1,"href":"https:\/\/radiorevelacionfm.cl\/index.php?rest_route=\/wp\/v2\/posts\/39247\/revisions"}],"predecessor-version":[{"id":39248,"href":"https:\/\/radiorevelacionfm.cl\/index.php?rest_route=\/wp\/v2\/posts\/39247\/revisions\/39248"}],"wp:featuredmedia":[{"embeddable":true,"href":"https:\/\/radiorevelacionfm.cl\/index.php?rest_route=\/wp\/v2\/media\/19740"}],"wp:attachment":[{"href":"https:\/\/radiorevelacionfm.cl\/index.php?rest_route=%2Fwp%2Fv2%2Fmedia&parent=39247"}],"wp:term":[{"taxonomy":"category","embeddable":true,"href":"https:\/\/radiorevelacionfm.cl\/index.php?rest_route=%2Fwp%2Fv2%2Fcategories&post=39247"},{"taxonomy":"post_tag","embeddable":true,"href":"https:\/\/radiorevelacionfm.cl\/index.php?rest_route=%2Fwp%2Fv2%2Ftags&post=39247"}],"curies":[{"name":"wp","href":"https:\/\/api.w.org\/{rel}","templated":true}]}}