{"id":39244,"date":"2024-01-28T21:42:52","date_gmt":"2024-01-29T00:42:52","guid":{"rendered":"https:\/\/radiorevelacionfm.cl\/?p=39244"},"modified":"2024-01-28T21:42:52","modified_gmt":"2024-01-29T00:42:52","slug":"sandoval-valora-interes-y-motivacion-de-pescadores-artesanales-de-la-region-en-tramite-de-proyecto-que-busca-perfeccionar-implementacion-de-ley-lafkenche","status":"publish","type":"post","link":"https:\/\/radiorevelacionfm.cl\/?p=39244","title":{"rendered":"Sandoval valora inter\u00e9s y motivaci\u00f3n de pescadores artesanales de la regi\u00f3n en tr\u00e1mite de proyecto que busca perfeccionar implementaci\u00f3n de Ley Lafkenche"},"content":{"rendered":"<div class=\"flex_column av_one_full  flex_column_div av-zero-column-padding first  avia-builder-el-0  el_before_av_one_full  avia-builder-el-first  \" style='border-radius:0px; '><div  class='avia-image-container  av-styling-    avia-builder-el-1  avia-builder-el-no-sibling  avia-align-center '  itemprop=\"image\" itemscope=\"itemscope\" itemtype=\"https:\/\/schema.org\/ImageObject\"  ><div class='avia-image-container-inner'><div class='avia-image-overlay-wrap'><img decoding=\"async\" class='wp-image-39245 avia-img-lazy-loading-not-39245 avia_image' src=\"https:\/\/radiorevelacionfm.cl\/wp-content\/uploads\/2024\/01\/sandoval-con-pescadores-de-la-zona-sur-austral-1-1-1.jpg\" alt='' title='sandoval con pescadores de la zona sur austral (1) (1) (1)' height=\"600\" width=\"800\"  itemprop=\"thumbnailUrl\" srcset=\"https:\/\/radiorevelacionfm.cl\/wp-content\/uploads\/2024\/01\/sandoval-con-pescadores-de-la-zona-sur-austral-1-1-1.jpg 800w, https:\/\/radiorevelacionfm.cl\/wp-content\/uploads\/2024\/01\/sandoval-con-pescadores-de-la-zona-sur-austral-1-1-1-300x225.jpg 300w, https:\/\/radiorevelacionfm.cl\/wp-content\/uploads\/2024\/01\/sandoval-con-pescadores-de-la-zona-sur-austral-1-1-1-768x576.jpg 768w, https:\/\/radiorevelacionfm.cl\/wp-content\/uploads\/2024\/01\/sandoval-con-pescadores-de-la-zona-sur-austral-1-1-1-705x529.jpg 705w, https:\/\/radiorevelacionfm.cl\/wp-content\/uploads\/2024\/01\/sandoval-con-pescadores-de-la-zona-sur-austral-1-1-1-450x338.jpg 450w, https:\/\/radiorevelacionfm.cl\/wp-content\/uploads\/2024\/01\/sandoval-con-pescadores-de-la-zona-sur-austral-1-1-1-600x450.jpg 600w\" sizes=\"(max-width: 800px) 100vw, 800px\" \/><\/div><\/div><\/div><\/div><div class=\"flex_column av_one_full  flex_column_div av-zero-column-padding first  avia-builder-el-2  el_after_av_one_full  el_before_av_one_full  column-top-margin\" style='border-radius:0px; '><section class=\"av_textblock_section \"  itemscope=\"itemscope\" itemtype=\"https:\/\/schema.org\/BlogPosting\" itemprop=\"blogPost\" ><div class='avia_textblock  '   itemprop=\"text\" ><p style=\"text-align: center;\"><span style=\"font-size: 18pt;\"><strong>Sandoval valora inter\u00e9s y motivaci\u00f3n de pescadores artesanales de la regi\u00f3n en tr\u00e1mite de proyecto que busca perfeccionar implementaci\u00f3n de Ley Lafkenche <\/strong><\/span><\/p>\n<div id=\"gtx-trans\" style=\"position: absolute; left: -50px; top: 4.31534px;\">\n<div class=\"gtx-trans-icon\"><\/div>\n<\/div>\n<\/div><\/section><\/div><div class=\"flex_column av_one_full  flex_column_div av-zero-column-padding first  avia-builder-el-4  el_after_av_one_full  el_before_av_hr  column-top-margin\" style='border-radius:0px; '><section class=\"av_textblock_section \"  itemscope=\"itemscope\" itemtype=\"https:\/\/schema.org\/BlogPosting\" itemprop=\"blogPost\" ><div class='avia_textblock  '   itemprop=\"text\" ><p style=\"text-align: justify;\"><em>Parlamentario enfatiz\u00f3 que \u201cnadie tiene un conflicto con los pueblos originarios\u201d sino que, por el contrario, lo que se busca es compatibilizar y resguardar los intereses de todos.<\/em><\/p>\n<p style=\"text-align: justify;\">\u201cNadie tiene un conflicto con el mundo de los pueblos originarios\u201d. As\u00ed lo se\u00f1al\u00f3 el senador David Sandoval durante el debate del proyecto de ley que introduce diversas modificaciones en la ley N\u00b0 20.249, que crea el espacio costero de los pueblos originarios, para perfeccionar su implementaci\u00f3n.<\/p>\n<p style=\"text-align: justify;\">Al respecto, el parlamentario se\u00f1al\u00f3 que \u201cel tema est\u00e1 en que una ley no puede ser instrumento de uso que termine por afectar a quienes son precisamente los beneficiarios\u201d, valorando por lo mismo la preocupaci\u00f3n que pescadores artesanales de la regi\u00f3n han manifestado sobre la materia, quienes participaron, junto a dirigentes de Los Lagos y Magallanes, en la \u00faltima sesi\u00f3n de la comisi\u00f3n de Intereses Mar\u00edtimos del Senado.<\/p>\n<p style=\"text-align: justify;\">\u201cLos pescadores estuvieron en la comisi\u00f3n de Pesca exponiendo esta situaci\u00f3n y es una preocupaci\u00f3n que tiene una serie de temas que es necesario de analizar\u201d, se\u00f1al\u00f3.<\/p>\n<p style=\"text-align: justify;\">Y esto, pues el legislador record\u00f3 que en la regi\u00f3n de Los Lagos hay 59 solicitudes de espacios mar\u00edtimos costeros, que involucra 1,6 millones de hect\u00e1reas; mientras que en la regi\u00f3n de Ays\u00e9n hay 3 solicitudes, que implican m\u00e1s de 1,1 millones de hect\u00e1reas. \u201cEs decir, alguien est\u00e1 utilizando esta norma, no para beneficiar a los pescadores artesanales. Yo creo que hay que regularlo y eso es lo que estamos discutiendo en esta moci\u00f3n\u201d, explic\u00f3.<\/p>\n<p style=\"text-align: justify;\">En ese contexto, Sandoval indic\u00f3 que la iniciativa que se tramita en la C\u00e1mara Alta apunta a resolver algunas materias de orden pr\u00e1ctico, \u201cdado que cualquier tramitaci\u00f3n de espacios mar\u00edtimos costeros pr\u00e1cticamente congela otra vinculaci\u00f3n en materia de tratamiento de normas orientadas hacia la pesca, lo que evidentemente puede atentar contra nosotros mismos como regi\u00f3n\u201d.<\/p>\n<p style=\"text-align: justify;\">Por lo mismo, enfatiz\u00f3 que hay que compatibilizar y resguardar los intereses de los pueblos originarios, los leg\u00edtimos intereses de los pescadores artesanales, as\u00ed como tambi\u00e9n a quienes tienen \u00e1reas de manejo y a quienes tienen \u00e1reas acu\u00edcolas. \u201cEsto es lo que persigue esta ley y valoramos el enorme inter\u00e9s y motivaci\u00f3n de los pescadores de nuestra regi\u00f3n\u201d, recalc\u00f3.<\/p>\n<p style=\"text-align: justify;\">Finalmente, el senador Sandoval espera arribar a la mejor soluci\u00f3n durante este proceso de tr\u00e1mite, para as\u00ed dar certezas a los involucrados.<\/p>\n<\/div><\/section><\/div><div  style='height:50px' class='hr hr-invisible   avia-builder-el-6  el_after_av_one_full  el_before_av_social_share '><span class='hr-inner ' ><span class='hr-inner-style'><\/span><\/span><\/div><\/p>\n<div  class='av-social-sharing-box  avia-builder-el-7  el_after_av_hr  el_before_av_hr  '><div class='av-share-box'><h5 class='av-share-link-description av-no-toc '>Compartir esta noticia<\/h5><ul class='av-share-box-list noLightbox'><li class='av-share-link av-social-link-facebook' ><a target=\"_blank\" aria-label=\"Compartir en Facebook\" href='https:\/\/www.facebook.com\/sharer.php?u=https:\/\/radiorevelacionfm.cl\/?p=39244&#038;t=Sandoval%20valora%20inter%C3%A9s%20y%20motivaci%C3%B3n%20de%20pescadores%20artesanales%20de%20la%20regi%C3%B3n%20en%20tr%C3%A1mite%20de%20proyecto%20que%20busca%20perfeccionar%20implementaci%C3%B3n%20de%20Ley%20Lafkenche' aria-hidden='false' data-av_icon='\ue8f3' data-av_iconfont='entypo-fontello' title='' data-avia-related-tooltip='Compartir en Facebook' rel=\"noopener\"><span class='avia_hidden_link_text'>Compartir en Facebook<\/span><\/a><\/li><li class='av-share-link av-social-link-twitter' ><a target=\"_blank\" aria-label=\"Compartir en Twitter\" href='https:\/\/twitter.com\/share?text=Sandoval%20valora%20inter%C3%A9s%20y%20motivaci%C3%B3n%20de%20pescadores%20artesanales%20de%20la%20regi%C3%B3n%20en%20tr%C3%A1mite%20de%20proyecto%20que%20busca%20perfeccionar%20implementaci%C3%B3n%20de%20Ley%20Lafkenche&#038;url=https:\/\/radiorevelacionfm.cl\/?p=39244' aria-hidden='false' data-av_icon='\ue8f1' data-av_iconfont='entypo-fontello' title='' data-avia-related-tooltip='Compartir en Twitter' rel=\"noopener\"><span class='avia_hidden_link_text'>Compartir en Twitter<\/span><\/a><\/li><li class='av-share-link av-social-link-whatsapp' ><a target=\"_blank\" aria-label=\"Compartir en Whatsapp\" href='https:\/\/api.whatsapp.com\/send?text=https:\/\/radiorevelacionfm.cl\/?p=39244' aria-hidden='false' data-av_icon='\uf232' data-av_iconfont='entypo-fontello' title='' data-avia-related-tooltip='Compartir en Whatsapp' rel=\"noopener\"><span class='avia_hidden_link_text'>Compartir en Whatsapp<\/span><\/a><\/li><li class='av-share-link av-social-link-linkedin' ><a target=\"_blank\" aria-label=\"Compartir en LinkedIn\" href='https:\/\/linkedin.com\/shareArticle?mini=true&#038;title=Sandoval%20valora%20inter%C3%A9s%20y%20motivaci%C3%B3n%20de%20pescadores%20artesanales%20de%20la%20regi%C3%B3n%20en%20tr%C3%A1mite%20de%20proyecto%20que%20busca%20perfeccionar%20implementaci%C3%B3n%20de%20Ley%20Lafkenche&#038;url=https:\/\/radiorevelacionfm.cl\/?p=39244' aria-hidden='false' data-av_icon='\ue8fc' data-av_iconfont='entypo-fontello' title='' data-avia-related-tooltip='Compartir en LinkedIn' rel=\"noopener\"><span class='avia_hidden_link_text'>Compartir en LinkedIn<\/span><\/a><\/li><li class='av-share-link av-social-link-mail' ><a  aria-label=\"Compartir por correo\" href='mailto:?subject=Sandoval%20valora%20inter%C3%A9s%20y%20motivaci%C3%B3n%20de%20pescadores%20artesanales%20de%20la%20regi%C3%B3n%20en%20tr%C3%A1mite%20de%20proyecto%20que%20busca%20perfeccionar%20implementaci%C3%B3n%20de%20Ley%20Lafkenche&#038;body=https:\/\/radiorevelacionfm.cl\/?p=39244' aria-hidden='false' data-av_icon='\ue805' data-av_iconfont='entypo-fontello' title='' data-avia-related-tooltip='Compartir por correo'><span class='avia_hidden_link_text'>Compartir por correo<\/span><\/a><\/li><\/ul><\/div><\/div>\n<div  style='height:50px' class='hr hr-invisible   avia-builder-el-8  el_after_av_social_share  el_before_av_comments_list '><span class='hr-inner ' ><span class='hr-inner-style'><\/span><\/span><\/div>\n<div  class='av-buildercomment  av-blog-meta-html-info-disabled av-blog-meta-tag-disabled  '><\/div>\n","protected":false},"excerpt":{"rendered":"","protected":false},"author":1,"featured_media":39245,"comment_status":"open","ping_status":"open","sticky":false,"template":"","format":"standard","meta":{"footnotes":""},"categories":[35],"tags":[],"class_list":["post-39244","post","type-post","status-publish","format-standard","has-post-thumbnail","hentry","category-politica"],"jetpack_featured_media_url":"https:\/\/radiorevelacionfm.cl\/wp-content\/uploads\/2024\/01\/sandoval-con-pescadores-de-la-zona-sur-austral-1-1-1.jpg","_links":{"self":[{"href":"https:\/\/radiorevelacionfm.cl\/index.php?rest_route=\/wp\/v2\/posts\/39244","targetHints":{"allow":["GET"]}}],"collection":[{"href":"https:\/\/radiorevelacionfm.cl\/index.php?rest_route=\/wp\/v2\/posts"}],"about":[{"href":"https:\/\/radiorevelacionfm.cl\/index.php?rest_route=\/wp\/v2\/types\/post"}],"author":[{"embeddable":true,"href":"https:\/\/radiorevelacionfm.cl\/index.php?rest_route=\/wp\/v2\/users\/1"}],"replies":[{"embeddable":true,"href":"https:\/\/radiorevelacionfm.cl\/index.php?rest_route=%2Fwp%2Fv2%2Fcomments&post=39244"}],"version-history":[{"count":1,"href":"https:\/\/radiorevelacionfm.cl\/index.php?rest_route=\/wp\/v2\/posts\/39244\/revisions"}],"predecessor-version":[{"id":39246,"href":"https:\/\/radiorevelacionfm.cl\/index.php?rest_route=\/wp\/v2\/posts\/39244\/revisions\/39246"}],"wp:featuredmedia":[{"embeddable":true,"href":"https:\/\/radiorevelacionfm.cl\/index.php?rest_route=\/wp\/v2\/media\/39245"}],"wp:attachment":[{"href":"https:\/\/radiorevelacionfm.cl\/index.php?rest_route=%2Fwp%2Fv2%2Fmedia&parent=39244"}],"wp:term":[{"taxonomy":"category","embeddable":true,"href":"https:\/\/radiorevelacionfm.cl\/index.php?rest_route=%2Fwp%2Fv2%2Fcategories&post=39244"},{"taxonomy":"post_tag","embeddable":true,"href":"https:\/\/radiorevelacionfm.cl\/index.php?rest_route=%2Fwp%2Fv2%2Ftags&post=39244"}],"curies":[{"name":"wp","href":"https:\/\/api.w.org\/{rel}","templated":true}]}}