{"id":39242,"date":"2024-01-29T09:47:42","date_gmt":"2024-01-29T12:47:42","guid":{"rendered":"https:\/\/radiorevelacionfm.cl\/?p=39242"},"modified":"2024-01-29T09:47:42","modified_gmt":"2024-01-29T12:47:42","slug":"autoridades-regionales-valoran-que-se-aprobara-la-idea-de-legislar-la-reforma-de-pensiones-en-la-camara-de-diputados-y-llaman-a-dialogar-para-avanzar-en-mejores-pensiones","status":"publish","type":"post","link":"https:\/\/radiorevelacionfm.cl\/?p=39242","title":{"rendered":"Autoridades regionales valoran que se aprobara la idea de legislar la Reforma de Pensiones en la C\u00e1mara de Diputados y llaman a dialogar para avanzar en Mejores Pensiones"},"content":{"rendered":"<div class=\"flex_column av_one_full  flex_column_div av-zero-column-padding first  avia-builder-el-0  el_before_av_one_full  avia-builder-el-first  \" style='border-radius:0px; '><div  class='avia-image-container  av-styling-    avia-builder-el-1  avia-builder-el-no-sibling  avia-align-center '  itemprop=\"image\" itemscope=\"itemscope\" itemtype=\"https:\/\/schema.org\/ImageObject\"  ><div class='avia-image-container-inner'><div class='avia-image-overlay-wrap'><img decoding=\"async\" class='wp-image-38746 avia-img-lazy-loading-not-38746 avia_image' src=\"https:\/\/radiorevelacionfm.cl\/wp-content\/uploads\/2024\/01\/DialogoPensiones-2-1-1.jpg\" alt='' title='DialogoPensiones 2 (1) (1)' height=\"600\" width=\"773\"  itemprop=\"thumbnailUrl\" srcset=\"https:\/\/radiorevelacionfm.cl\/wp-content\/uploads\/2024\/01\/DialogoPensiones-2-1-1.jpg 773w, https:\/\/radiorevelacionfm.cl\/wp-content\/uploads\/2024\/01\/DialogoPensiones-2-1-1-300x233.jpg 300w, https:\/\/radiorevelacionfm.cl\/wp-content\/uploads\/2024\/01\/DialogoPensiones-2-1-1-768x596.jpg 768w, https:\/\/radiorevelacionfm.cl\/wp-content\/uploads\/2024\/01\/DialogoPensiones-2-1-1-705x547.jpg 705w, https:\/\/radiorevelacionfm.cl\/wp-content\/uploads\/2024\/01\/DialogoPensiones-2-1-1-450x349.jpg 450w, https:\/\/radiorevelacionfm.cl\/wp-content\/uploads\/2024\/01\/DialogoPensiones-2-1-1-600x466.jpg 600w\" sizes=\"(max-width: 773px) 100vw, 773px\" \/><\/div><\/div><\/div><\/div><div class=\"flex_column av_one_full  flex_column_div av-zero-column-padding first  avia-builder-el-2  el_after_av_one_full  el_before_av_one_full  column-top-margin\" style='border-radius:0px; '><section class=\"av_textblock_section \"  itemscope=\"itemscope\" itemtype=\"https:\/\/schema.org\/BlogPosting\" itemprop=\"blogPost\" ><div class='avia_textblock  '   itemprop=\"text\" ><p style=\"text-align: center;\"><span style=\"font-size: 18pt;\"><b><span lang=\"ES\">Autoridades regionales valoran que se aprobara la idea de legislar la Reforma de Pensiones en la C\u00e1mara de Diputados y llaman a dialogar para avanzar en Mejores Pensiones<\/span><\/b><\/span><\/p>\n<div id=\"gtx-trans\" style=\"position: absolute; left: -50px; top: 4.31534px;\">\n<div class=\"gtx-trans-icon\"><\/div>\n<\/div>\n<\/div><\/section><\/div><div class=\"flex_column av_one_full  flex_column_div av-zero-column-padding first  avia-builder-el-4  el_after_av_one_full  el_before_av_hr  column-top-margin\" style='border-radius:0px; '><section class=\"av_textblock_section \"  itemscope=\"itemscope\" itemtype=\"https:\/\/schema.org\/BlogPosting\" itemprop=\"blogPost\" ><div class='avia_textblock  '   itemprop=\"text\" ><p class=\"v1MsoNormal\" style=\"text-align: justify;\"><span lang=\"ES\">Este mi\u00e9rcoles 24 de enero en la tarde se aprob\u00f3 la idea de legislar la Reforma de Pensiones, luego de 14 meses de ingresado el proyecto de ley, avanzando as\u00ed al Senado. La C\u00e1mara de Diputadas y Diputados vot\u00f3 la iniciativa que busca crear un sistema mixto de pensiones, aprobando la idea de legislar en general, por 84 votos a favor, 64 en contra y 9 abstenciones.<\/span><\/p>\n<p class=\"v1MsoNormal\" style=\"text-align: justify;\"><span lang=\"ES\">Desde la Regi\u00f3n de Ays\u00e9n, las autoridades de Gobierno llamaron a dialogar para avanzar con urgencia en el proyecto de Ley por mejores pensiones, destacando que este es un gran paso y valor\u00e1ndolo positivamente.<\/span><\/p>\n<p class=\"v1MsoNormal\" style=\"text-align: justify;\"><span lang=\"ES\">El Seremi de Trabajo y Previsi\u00f3n Social, Rodrigo D\u00edaz Cordaro\u00a0<\/span><span lang=\"ES\">valor\u00f3 el respaldo de los parlamentarios a la idea de legislar la reforma<\/span><span lang=\"ES\">, \u00abSe aprob\u00f3 en la C\u00e1mara de Diputados la idea de legislar la Reforma de Pensiones, eso es un tremendo avance de nuestro Gobierno para mejorar las pensiones hoy d\u00eda. Consideramos como Ministerio de Trabajo y Previsi\u00f3n Social de la Regi\u00f3n de Ays\u00e9n que \u00e9ste es un gran paso para nuestros pensionados, tambi\u00e9n como Gobierno, fruto del di\u00e1logo y la apertura, sectores que, no pensando como nosotros, se abrieron en esto, reconocer a Dem\u00f3cratas y a la Democracia Cristiana su apoyo, tambi\u00e9n a los parlamentarios de nuestro sector. Tambi\u00e9n debo se\u00f1alar que no podemos seguir esperando, nuestros pensionados no pueden seguir esperando. \u00bfC\u00f3mo como sociedad podemos darle una soluci\u00f3n y que tengan pensiones dignas? Nadie dijo que esto ser\u00eda f\u00e1cil, llevamos 3 gobiernos intent\u00e1ndolo. Vamos a trabajar firmemente para lograrlo y esperamos poder retomar en el Senado con fuerza y vigor esta iniciativa\u00bb.<\/span><\/p>\n<p class=\"v1MsoNormal\" style=\"text-align: justify;\"><span lang=\"ES\">En esta misma l\u00ednea, la Seremi de Gobierno, Tatiana Pl\u00e1 destac\u00f3 sobre la aprobaci\u00f3n, \u00abValoramos enormemente que se haya aprobado la idea de legislar, lo que quiere decir que prim\u00f3 el inter\u00e9s por mejorar la calidad de vida de nuestros adultos y adultas mayores. Creemos que es importante mantener el enfoque en que hay que mejorar las pensiones de las mujeres, ya que, actualmente, la mitad de ellas tiene una pensi\u00f3n de 38 mil pesos o menos, b\u00e1sicamente por vivir m\u00e1s tiempo que los hombres, es decir, el sistema nos castiga por esto\u00bb.\u00a0<\/span><\/p>\n<p class=\"v1MsoNormal\" style=\"text-align: justify;\"><b><u><span lang=\"ES\">Detalles aprobados en la C\u00e1mara de Diputados y Diputadas<\/span><\/u><\/b><\/p>\n<p class=\"v1MsoNormal\" style=\"text-align: justify;\"><span lang=\"ES\">Entre los puntos m\u00e1s relevantes, el Seremi Rodrigo D\u00edaz Cordaro coment\u00f3,<\/span><span lang=\"ES\">\u00a0\u00abDentro de lo que podemos destacar est\u00e1 la creaci\u00f3n del Seguro Social, la separaci\u00f3n de la industria de las AFP, eso es fundamental, tambi\u00e9n la creaci\u00f3n de un seguro para lagunas previsionales y la aprobaci\u00f3n de la PGU en el concepto de la responsabilidad fiscal. Esto son hechos concretos, que como gobierno vamos a seguir trabajando, porque nos interesa relevar y que se entienda que esto es un tema de nuestra sociedad y de nuestro pa\u00eds, que debemos mejorar las pensiones hoy d\u00eda, nuestros pensionados no pueden seguir esperando. Por lo tanto, en el Senado seguiremos trabajando por tener mejores pensiones\u00bb, afirm\u00f3 el titular de Trabajo y Previsi\u00f3n Social.<\/span><\/p>\n<p class=\"v1MsoNormal\" style=\"text-align: justify;\"><span lang=\"ES\">A su vez, la Seremi Tatiana Pl\u00e1 hizo hincapi\u00e9 en la aprobaci\u00f3n del complemento por Cuidado a Terceros y la compensaci\u00f3n por diferentes expectativas de vida en favor de las mujeres: \u00abEl proyecto que ha presentado el Gobierno del Presidente Gabriel Boric tiene el foco puesto en las mujeres, y espec\u00edficamente para las madres y cuidadoras, marcando un hito en el pa\u00eds respecto a reconocer la labor de cuidados como un trabajo remunerado lo cual es sumamente importante, ya que en el sistema actual se indica que las mujeres tienen lagunas \u00abpor no trabajar\u00bb cuando efectivamente eso no es as\u00ed. La reforma hoy quiere hacerse cargo de las causas del por qu\u00e9 las mujeres tienen pensiones de miseria\u00bb<\/span><\/p>\n<p class=\"v1MsoNormal\" style=\"text-align: justify;\"><span lang=\"ES\">Fruto de acuerdos con la Comisi\u00f3n de Hacienda de la C\u00e1mara Baja, se aprobaron cambios relevantes para la Pensi\u00f3n Garantizada Universal (PGU), por ejemplo, la disposici\u00f3n que permite su incremento en un plazo m\u00e1s acotado, resguardando la sostenibilidad de las finanzas p\u00fablicas. En esa l\u00ednea se aprob\u00f3 su aumento a $250.000, la f\u00f3rmula de gradualidad y la universalizaci\u00f3n bajo ciertos par\u00e1metros.<\/span><\/p>\n<p class=\"v1MsoNormal\" style=\"text-align: justify;\"><span lang=\"ES\">En la instancia tambi\u00e9n se dio el vamos a los cambios al decreto de Ley N\u00b03.500, que propician las modificaciones a la industria separando la industria de las AFP, creando los Administradores Previsionales y los Inversores Privados de Pensiones. La ministra Jara lament\u00f3 el rechazo a la creaci\u00f3n del Inversor de Pensiones del Estado.<\/span><\/p>\n<p class=\"v1MsoNormal\" style=\"text-align: justify;\"><span lang=\"ES\">Entre otras normas rechazadas destacan, en primer lugar, el nuevo 6% de cotizaci\u00f3n con cargo al empleador, lo que dejar\u00eda sin financiamiento el Seguro Social y sus beneficios. Tambi\u00e9n rechaz\u00f3 el Fondo Integrado de Pensiones, el Gestor de fondos y el Inversor de Pensiones del Estado.\u00a0<\/span><\/p>\n<p class=\"v1MsoNormal\" style=\"text-align: justify;\"><span lang=\"ES\">Este proyecto se tramit\u00f3 durante 14 meses en la Comisi\u00f3n de Trabajo de la C\u00e1mara donde se lograron algunos acuerdos importantes que propiciaron su avance, fundamentalmente la distribuci\u00f3n del nuevo 6% de cotizaci\u00f3n con cargo al empleador: 3% a cotizaci\u00f3n individual y 3% al Seguro Social, punto que finalmente fue rechazado. Tampoco se aprob\u00f3 el alza del tope imponible para cotizar, que buscaba ser igualado al del Seguro de Cesant\u00eda.<\/span><\/p>\n<p class=\"v1MsoNormal\" style=\"text-align: justify;\"><span lang=\"ES\">Otras iniciativas aprobadas por las diputadas y diputados destacan la creaci\u00f3n de las Cooperativas de Inversi\u00f3n Previsional como alternativa a los Inversores Previsionales para la inversi\u00f3n de los fondos de los afiliados. Estar\u00edan sujetas a las mismas reglas de los IP y fiscalizadas por la Superintendencia de Pensiones. Se termina con la figura de los multifondos para establecer los fondos generacionales. Se regula la renta vitalicia inmediata y reduce su l\u00edmite. Se incorpora el autopr\u00e9stamo que ser\u00eda hasta por un monto equivalente al 5% del total ahorrado en la cuenta individual, con tope de 30 UF (aprox. $1.100.000).<\/span><\/p>\n<p class=\"v1MsoNormal\" style=\"text-align: justify;\"><span lang=\"ES\">Tanto la Ministra de Trabajo y Previsi\u00f3n Social, Jeanette Jara como el Ministro de Hacienda, Mario Marcel anunciaron que iniciar\u00e1n la tramitaci\u00f3n en\u00a0<b>el Senado<\/b>\u00a0con el mismo entusiasmo y la misma disposici\u00f3n a dialogar que han tenido hasta ahora\u00bb.<\/span><\/p>\n<p class=\"v1MsoNormal\" style=\"text-align: justify;\"><span lang=\"ES\">Ahora la propuesta debe discutirse en las comisiones de Trabajo y Hacienda de la C\u00e1mara Alta en su segundo tr\u00e1mite legislativo.<\/span><\/p>\n<\/div><\/section><\/div><div  style='height:50px' class='hr hr-invisible   avia-builder-el-6  el_after_av_one_full  el_before_av_social_share '><span class='hr-inner ' ><span class='hr-inner-style'><\/span><\/span><\/div><\/p>\n<div  class='av-social-sharing-box  avia-builder-el-7  el_after_av_hr  el_before_av_hr  '><div class='av-share-box'><h5 class='av-share-link-description av-no-toc '>Compartir esta noticia<\/h5><ul class='av-share-box-list noLightbox'><li class='av-share-link av-social-link-facebook' ><a target=\"_blank\" aria-label=\"Compartir en Facebook\" href='https:\/\/www.facebook.com\/sharer.php?u=https:\/\/radiorevelacionfm.cl\/?p=39242&#038;t=Autoridades%20regionales%20valoran%20que%20se%20aprobara%20la%20idea%20de%20legislar%20la%20Reforma%20de%20Pensiones%20en%20la%20C%C3%A1mara%20de%20Diputados%20y%20llaman%20a%20dialogar%20para%20avanzar%20en%20Mejores%20Pensiones' aria-hidden='false' data-av_icon='\ue8f3' data-av_iconfont='entypo-fontello' title='' data-avia-related-tooltip='Compartir en Facebook' rel=\"noopener\"><span class='avia_hidden_link_text'>Compartir en Facebook<\/span><\/a><\/li><li class='av-share-link av-social-link-twitter' ><a target=\"_blank\" aria-label=\"Compartir en Twitter\" href='https:\/\/twitter.com\/share?text=Autoridades%20regionales%20valoran%20que%20se%20aprobara%20la%20idea%20de%20legislar%20la%20Reforma%20de%20Pensiones%20en%20la%20C%C3%A1mara%20de%20Diputados%20y%20llaman%20a%20dialogar%20para%20avanzar%20en%20Mejores%20Pensiones&#038;url=https:\/\/radiorevelacionfm.cl\/?p=39242' aria-hidden='false' data-av_icon='\ue8f1' data-av_iconfont='entypo-fontello' title='' data-avia-related-tooltip='Compartir en Twitter' rel=\"noopener\"><span class='avia_hidden_link_text'>Compartir en Twitter<\/span><\/a><\/li><li class='av-share-link av-social-link-whatsapp' ><a target=\"_blank\" aria-label=\"Compartir en Whatsapp\" href='https:\/\/api.whatsapp.com\/send?text=https:\/\/radiorevelacionfm.cl\/?p=39242' aria-hidden='false' data-av_icon='\uf232' data-av_iconfont='entypo-fontello' title='' data-avia-related-tooltip='Compartir en Whatsapp' rel=\"noopener\"><span class='avia_hidden_link_text'>Compartir en Whatsapp<\/span><\/a><\/li><li class='av-share-link av-social-link-linkedin' ><a target=\"_blank\" aria-label=\"Compartir en LinkedIn\" href='https:\/\/linkedin.com\/shareArticle?mini=true&#038;title=Autoridades%20regionales%20valoran%20que%20se%20aprobara%20la%20idea%20de%20legislar%20la%20Reforma%20de%20Pensiones%20en%20la%20C%C3%A1mara%20de%20Diputados%20y%20llaman%20a%20dialogar%20para%20avanzar%20en%20Mejores%20Pensiones&#038;url=https:\/\/radiorevelacionfm.cl\/?p=39242' aria-hidden='false' data-av_icon='\ue8fc' data-av_iconfont='entypo-fontello' title='' data-avia-related-tooltip='Compartir en LinkedIn' rel=\"noopener\"><span class='avia_hidden_link_text'>Compartir en LinkedIn<\/span><\/a><\/li><li class='av-share-link av-social-link-mail' ><a  aria-label=\"Compartir por correo\" href='mailto:?subject=Autoridades%20regionales%20valoran%20que%20se%20aprobara%20la%20idea%20de%20legislar%20la%20Reforma%20de%20Pensiones%20en%20la%20C%C3%A1mara%20de%20Diputados%20y%20llaman%20a%20dialogar%20para%20avanzar%20en%20Mejores%20Pensiones&#038;body=https:\/\/radiorevelacionfm.cl\/?p=39242' aria-hidden='false' data-av_icon='\ue805' data-av_iconfont='entypo-fontello' title='' data-avia-related-tooltip='Compartir por correo'><span class='avia_hidden_link_text'>Compartir por correo<\/span><\/a><\/li><\/ul><\/div><\/div>\n<div  style='height:50px' class='hr hr-invisible   avia-builder-el-8  el_after_av_social_share  el_before_av_comments_list '><span class='hr-inner ' ><span class='hr-inner-style'><\/span><\/span><\/div>\n<div  class='av-buildercomment  av-blog-meta-html-info-disabled av-blog-meta-tag-disabled  '><\/div>\n","protected":false},"excerpt":{"rendered":"","protected":false},"author":1,"featured_media":38746,"comment_status":"open","ping_status":"open","sticky":false,"template":"","format":"standard","meta":{"footnotes":""},"categories":[56],"tags":[],"class_list":["post-39242","post","type-post","status-publish","format-standard","has-post-thumbnail","hentry","category-trabajo"],"jetpack_featured_media_url":"https:\/\/radiorevelacionfm.cl\/wp-content\/uploads\/2024\/01\/DialogoPensiones-2-1-1.jpg","_links":{"self":[{"href":"https:\/\/radiorevelacionfm.cl\/index.php?rest_route=\/wp\/v2\/posts\/39242","targetHints":{"allow":["GET"]}}],"collection":[{"href":"https:\/\/radiorevelacionfm.cl\/index.php?rest_route=\/wp\/v2\/posts"}],"about":[{"href":"https:\/\/radiorevelacionfm.cl\/index.php?rest_route=\/wp\/v2\/types\/post"}],"author":[{"embeddable":true,"href":"https:\/\/radiorevelacionfm.cl\/index.php?rest_route=\/wp\/v2\/users\/1"}],"replies":[{"embeddable":true,"href":"https:\/\/radiorevelacionfm.cl\/index.php?rest_route=%2Fwp%2Fv2%2Fcomments&post=39242"}],"version-history":[{"count":1,"href":"https:\/\/radiorevelacionfm.cl\/index.php?rest_route=\/wp\/v2\/posts\/39242\/revisions"}],"predecessor-version":[{"id":39243,"href":"https:\/\/radiorevelacionfm.cl\/index.php?rest_route=\/wp\/v2\/posts\/39242\/revisions\/39243"}],"wp:featuredmedia":[{"embeddable":true,"href":"https:\/\/radiorevelacionfm.cl\/index.php?rest_route=\/wp\/v2\/media\/38746"}],"wp:attachment":[{"href":"https:\/\/radiorevelacionfm.cl\/index.php?rest_route=%2Fwp%2Fv2%2Fmedia&parent=39242"}],"wp:term":[{"taxonomy":"category","embeddable":true,"href":"https:\/\/radiorevelacionfm.cl\/index.php?rest_route=%2Fwp%2Fv2%2Fcategories&post=39242"},{"taxonomy":"post_tag","embeddable":true,"href":"https:\/\/radiorevelacionfm.cl\/index.php?rest_route=%2Fwp%2Fv2%2Ftags&post=39242"}],"curies":[{"name":"wp","href":"https:\/\/api.w.org\/{rel}","templated":true}]}}