{"id":3924,"date":"2021-05-08T16:43:15","date_gmt":"2021-05-08T19:43:15","guid":{"rendered":"https:\/\/radiorevelacionfm.cl\/?p=3924"},"modified":"2021-05-08T16:46:23","modified_gmt":"2021-05-08T19:46:23","slug":"conaf-destaca-avances-en-areas-silvestres-y-programas-con-enfoque-social-en-aysen","status":"publish","type":"post","link":"https:\/\/radiorevelacionfm.cl\/?p=3924","title":{"rendered":"CONAF destaca avances en \u00e1reas silvestres y programas con enfoque social en Ays\u00e9n"},"content":{"rendered":"<div class=\"flex_column av_one_full  flex_column_div av-zero-column-padding first  avia-builder-el-0  el_before_av_one_full  avia-builder-el-first  \" style='border-radius:0px; '><div  class='avia-image-container  av-styling-    avia-builder-el-1  avia-builder-el-no-sibling  avia-align-center '  itemprop=\"image\" itemscope=\"itemscope\" itemtype=\"https:\/\/schema.org\/ImageObject\"  ><div class='avia-image-container-inner'><div class='avia-image-overlay-wrap'><img decoding=\"async\" class='wp-image-0 avia-img-lazy-loading-not-0 avia_image' src=\"https:\/\/radiorevelacionfm.cl\/wp-content\/uploads\/2021\/05\/Conaf-1.jpg\" alt='' title=''   itemprop=\"thumbnailUrl\"  \/><\/div><\/div><\/div><\/div>\n<div class=\"flex_column av_one_full  flex_column_div av-zero-column-padding first  avia-builder-el-2  el_after_av_one_full  el_before_av_one_full  column-top-margin\" style='border-radius:0px; '><section class=\"av_textblock_section \"  itemscope=\"itemscope\" itemtype=\"https:\/\/schema.org\/BlogPosting\" itemprop=\"blogPost\" ><div class='avia_textblock  '   itemprop=\"text\" ><p style=\"text-align: center;\"><strong><span style=\"font-size: 18pt;\">CONAF destaca avances en \u00e1reas silvestres y programas con enfoque social en Ays\u00e9n<\/span><\/strong><\/p>\n<div id=\"gtx-trans\" style=\"position: absolute; left: -50px; top: 4.31534px;\">\n<div class=\"gtx-trans-icon\"><\/div>\n<\/div>\n<\/div><\/section><\/div>\n<div class=\"flex_column av_one_full  flex_column_div av-zero-column-padding first  avia-builder-el-4  el_after_av_one_full  el_before_av_hr  column-top-margin\" style='border-radius:0px; '><section class=\"av_textblock_section \"  itemscope=\"itemscope\" itemtype=\"https:\/\/schema.org\/BlogPosting\" itemprop=\"blogPost\" ><div class='avia_textblock  '   itemprop=\"text\" ><p style=\"text-align: justify;\">En su reciente visita a la Regi\u00f3n de Ays\u00e9n, el director ejecutivo de CONAF, Rodrigo Munita, comprob\u00f3 en terreno los avances en proyectos que se ejecutan en relaci\u00f3n a la mitigaci\u00f3n de los da\u00f1os causados por incendios, as\u00ed como las proyecciones y potencialidades tur\u00edsticas de las \u00e1reas silvestres protegidas, adem\u00e1s de conocer de primera fuente el trabajo que realiza la Corporaci\u00f3n Nacional Forestal con productores forestales.<\/p>\n<p style=\"text-align: justify;\">Dentro de sus principales actividades, el director visit\u00f3 algunas \u00e1reas silvestres de la zona sur de la regi\u00f3n. En este sentido, se\u00f1al\u00f3 que \u00e9sta \u201cha sido una visita extraordinaria porque hemos recorrido ciudades y parques, corroborando el futuro tur\u00edstico de la Regi\u00f3n de Ays\u00e9n en la Patagonia chilena. Esta regi\u00f3n tiene un invaluable valor tanto en lo natural como en su gente. Yo creo que Ays\u00e9n cuenta con atractivos que entregan mucho valor al visitante. Esperamos que en alg\u00fan momento la gente va a querer salir y tener experiencias inolvidables, y la Regi\u00f3n de Ays\u00e9n ofrece eso\u201d.<\/p>\n<p style=\"text-align: justify;\">La autoridad forestal presenci\u00f3 tambi\u00e9n el trabajo que desarrollan en sus predios algunos propietarios beneficiados con la Ley de Bosque Nativo. Es as\u00ed como se traslad\u00f3 al sector El Furioso de la comuna de Chile Chico para conocer la experiencia de F\u00e9lix Avil\u00e9s y su familia, quienes realizan un manejo en su bosque adulto y renoval de lenga. Este beneficiario destac\u00f3 los aportes de CONAF, principalmente el acompa\u00f1amiento y transferencia tecnol\u00f3gica.<\/p>\n<p style=\"text-align: justify;\">\u201cCONAF me aporta mucho, porque he ido aprendiendo a trabajar a seleccionar un \u00e1rbol, saber cu\u00e1ntos a\u00f1os m\u00e1s ese \u00e1rbol estar\u00e1 vivo. Todas esas cosas CONAF me lo ha ido ense\u00f1ando, porque yo no tuve estudios. Creo que el que no escucha est\u00e1 mal, porque esta instituci\u00f3n nos orienta mucho. Se agradece a toda la gente que ha venido, ya que la verdad de las cosas es que me han guiado muy bien para manejar el bosque que tenemos\u201d, coment\u00f3 F\u00e9lix Avil\u00e9s.<\/p>\n<p style=\"text-align: justify;\">Otras actividades realizadas durante la gira fueron el recorrido en la Reserva Nacional Coyhaique, donde se impuso sobre los proyectos emblem\u00e1ticos de esta unidad, como el Sendero Inclusivo Laguna Verde y el Huerto Clonal Ram\u00f3n Sol\u00eds Figueroa; y la visita, junto a autoridades regionales, a la faena del programa Manejo Integrado de Plantaciones, que tiene un enfoque productivo con beneficio social para las familias m\u00e1s vulnerables de la provincia de Coyhaique.<\/p>\n<\/div><\/section><\/div><div  style='height:50px' class='hr hr-invisible   avia-builder-el-6  el_after_av_one_full  el_before_av_social_share '><span class='hr-inner ' ><span class='hr-inner-style'><\/span><\/span><\/div><\/p>\n<div  class='av-social-sharing-box  avia-builder-el-7  el_after_av_hr  el_before_av_hr  '><div class='av-share-box'><h5 class='av-share-link-description av-no-toc '>Compartir esta noticia<\/h5><ul class='av-share-box-list noLightbox'><li class='av-share-link av-social-link-facebook' ><a target=\"_blank\" aria-label=\"Compartir en Facebook\" href='https:\/\/www.facebook.com\/sharer.php?u=https:\/\/radiorevelacionfm.cl\/?p=3924&#038;t=CONAF%20destaca%20avances%20en%20%C3%A1reas%20silvestres%20y%20programas%20con%20enfoque%20social%20en%20Ays%C3%A9n' aria-hidden='false' data-av_icon='\ue8f3' data-av_iconfont='entypo-fontello' title='' data-avia-related-tooltip='Compartir en Facebook' rel=\"noopener\"><span class='avia_hidden_link_text'>Compartir en Facebook<\/span><\/a><\/li><li class='av-share-link av-social-link-twitter' ><a target=\"_blank\" aria-label=\"Compartir en Twitter\" href='https:\/\/twitter.com\/share?text=CONAF%20destaca%20avances%20en%20%C3%A1reas%20silvestres%20y%20programas%20con%20enfoque%20social%20en%20Ays%C3%A9n&#038;url=https:\/\/radiorevelacionfm.cl\/?p=3924' aria-hidden='false' data-av_icon='\ue8f1' data-av_iconfont='entypo-fontello' title='' data-avia-related-tooltip='Compartir en Twitter' rel=\"noopener\"><span class='avia_hidden_link_text'>Compartir en Twitter<\/span><\/a><\/li><li class='av-share-link av-social-link-whatsapp' ><a target=\"_blank\" aria-label=\"Compartir en Whatsapp\" href='https:\/\/api.whatsapp.com\/send?text=https:\/\/radiorevelacionfm.cl\/?p=3924' aria-hidden='false' data-av_icon='\uf232' data-av_iconfont='entypo-fontello' title='' data-avia-related-tooltip='Compartir en Whatsapp' rel=\"noopener\"><span class='avia_hidden_link_text'>Compartir en Whatsapp<\/span><\/a><\/li><li class='av-share-link av-social-link-linkedin' ><a target=\"_blank\" aria-label=\"Compartir en LinkedIn\" href='https:\/\/linkedin.com\/shareArticle?mini=true&#038;title=CONAF%20destaca%20avances%20en%20%C3%A1reas%20silvestres%20y%20programas%20con%20enfoque%20social%20en%20Ays%C3%A9n&#038;url=https:\/\/radiorevelacionfm.cl\/?p=3924' aria-hidden='false' data-av_icon='\ue8fc' data-av_iconfont='entypo-fontello' title='' data-avia-related-tooltip='Compartir en LinkedIn' rel=\"noopener\"><span class='avia_hidden_link_text'>Compartir en LinkedIn<\/span><\/a><\/li><li class='av-share-link av-social-link-mail' ><a  aria-label=\"Compartir por correo\" href='mailto:?subject=CONAF%20destaca%20avances%20en%20%C3%A1reas%20silvestres%20y%20programas%20con%20enfoque%20social%20en%20Ays%C3%A9n&#038;body=https:\/\/radiorevelacionfm.cl\/?p=3924' aria-hidden='false' data-av_icon='\ue805' data-av_iconfont='entypo-fontello' title='' data-avia-related-tooltip='Compartir por correo'><span class='avia_hidden_link_text'>Compartir por correo<\/span><\/a><\/li><\/ul><\/div><\/div>\n<div  style='height:50px' class='hr hr-invisible   avia-builder-el-8  el_after_av_social_share  el_before_av_comments_list '><span class='hr-inner ' ><span class='hr-inner-style'><\/span><\/span><\/div>\n<div  class='av-buildercomment  av-blog-meta-html-info-disabled av-blog-meta-tag-disabled  '><\/div>\n","protected":false},"excerpt":{"rendered":"","protected":false},"author":1,"featured_media":0,"comment_status":"open","ping_status":"open","sticky":false,"template":"","format":"standard","meta":{"footnotes":""},"categories":[38],"tags":[],"class_list":["post-3924","post","type-post","status-publish","format-standard","hentry","category-regional"],"jetpack_featured_media_url":"","_links":{"self":[{"href":"https:\/\/radiorevelacionfm.cl\/index.php?rest_route=\/wp\/v2\/posts\/3924","targetHints":{"allow":["GET"]}}],"collection":[{"href":"https:\/\/radiorevelacionfm.cl\/index.php?rest_route=\/wp\/v2\/posts"}],"about":[{"href":"https:\/\/radiorevelacionfm.cl\/index.php?rest_route=\/wp\/v2\/types\/post"}],"author":[{"embeddable":true,"href":"https:\/\/radiorevelacionfm.cl\/index.php?rest_route=\/wp\/v2\/users\/1"}],"replies":[{"embeddable":true,"href":"https:\/\/radiorevelacionfm.cl\/index.php?rest_route=%2Fwp%2Fv2%2Fcomments&post=3924"}],"version-history":[{"count":3,"href":"https:\/\/radiorevelacionfm.cl\/index.php?rest_route=\/wp\/v2\/posts\/3924\/revisions"}],"predecessor-version":[{"id":3928,"href":"https:\/\/radiorevelacionfm.cl\/index.php?rest_route=\/wp\/v2\/posts\/3924\/revisions\/3928"}],"wp:attachment":[{"href":"https:\/\/radiorevelacionfm.cl\/index.php?rest_route=%2Fwp%2Fv2%2Fmedia&parent=3924"}],"wp:term":[{"taxonomy":"category","embeddable":true,"href":"https:\/\/radiorevelacionfm.cl\/index.php?rest_route=%2Fwp%2Fv2%2Fcategories&post=3924"},{"taxonomy":"post_tag","embeddable":true,"href":"https:\/\/radiorevelacionfm.cl\/index.php?rest_route=%2Fwp%2Fv2%2Ftags&post=3924"}],"curies":[{"name":"wp","href":"https:\/\/api.w.org\/{rel}","templated":true}]}}