{"id":39239,"date":"2024-01-28T15:30:18","date_gmt":"2024-01-28T18:30:18","guid":{"rendered":"https:\/\/radiorevelacionfm.cl\/?p=39239"},"modified":"2024-01-28T15:30:18","modified_gmt":"2024-01-28T18:30:18","slug":"ocupacion-hotelera-de-dos-destinos-de-la-region-supera-el-70-durante-enero","status":"publish","type":"post","link":"https:\/\/radiorevelacionfm.cl\/?p=39239","title":{"rendered":"Ocupaci\u00f3n Hotelera de dos destinos de la regi\u00f3n supera el 70% durante enero"},"content":{"rendered":"<div class=\"flex_column av_one_full  flex_column_div av-zero-column-padding first  avia-builder-el-0  el_before_av_one_full  avia-builder-el-first  \" style='border-radius:0px; '><div  class='avia-image-container  av-styling-    avia-builder-el-1  avia-builder-el-no-sibling  avia-align-center '  itemprop=\"image\" itemscope=\"itemscope\" itemtype=\"https:\/\/schema.org\/ImageObject\"  ><div class='avia-image-container-inner'><div class='avia-image-overlay-wrap'><img decoding=\"async\" class='wp-image-39240 avia-img-lazy-loading-not-39240 avia_image' src=\"https:\/\/radiorevelacionfm.cl\/wp-content\/uploads\/2024\/01\/establecimientos-hoteleros-1_optimized.jpg\" alt='' title='establecimientos-hoteleros-(1)_optimized' height=\"600\" width=\"800\"  itemprop=\"thumbnailUrl\" srcset=\"https:\/\/radiorevelacionfm.cl\/wp-content\/uploads\/2024\/01\/establecimientos-hoteleros-1_optimized.jpg 800w, https:\/\/radiorevelacionfm.cl\/wp-content\/uploads\/2024\/01\/establecimientos-hoteleros-1_optimized-300x225.jpg 300w, https:\/\/radiorevelacionfm.cl\/wp-content\/uploads\/2024\/01\/establecimientos-hoteleros-1_optimized-768x576.jpg 768w, https:\/\/radiorevelacionfm.cl\/wp-content\/uploads\/2024\/01\/establecimientos-hoteleros-1_optimized-705x529.jpg 705w, https:\/\/radiorevelacionfm.cl\/wp-content\/uploads\/2024\/01\/establecimientos-hoteleros-1_optimized-450x338.jpg 450w, https:\/\/radiorevelacionfm.cl\/wp-content\/uploads\/2024\/01\/establecimientos-hoteleros-1_optimized-600x450.jpg 600w\" sizes=\"(max-width: 800px) 100vw, 800px\" \/><\/div><\/div><\/div><\/div><div class=\"flex_column av_one_full  flex_column_div av-zero-column-padding first  avia-builder-el-2  el_after_av_one_full  el_before_av_one_full  column-top-margin\" style='border-radius:0px; '><section class=\"av_textblock_section \"  itemscope=\"itemscope\" itemtype=\"https:\/\/schema.org\/BlogPosting\" itemprop=\"blogPost\" ><div class='avia_textblock  '   itemprop=\"text\" ><p style=\"text-align: center;\"><strong><span style=\"font-size: 18pt;\">Ocupaci\u00f3n Hotelera de dos destinos de la regi\u00f3n supera el 70% durante enero<\/span><\/strong><\/p>\n<div id=\"gtx-trans\" style=\"position: absolute; left: -50px; top: 4.31534px;\">\n<div class=\"gtx-trans-icon\"><\/div>\n<\/div>\n<\/div><\/section><\/div><div class=\"flex_column av_one_full  flex_column_div av-zero-column-padding first  avia-builder-el-4  el_after_av_one_full  el_before_av_hr  column-top-margin\" style='border-radius:0px; '><section class=\"av_textblock_section \"  itemscope=\"itemscope\" itemtype=\"https:\/\/schema.org\/BlogPosting\" itemprop=\"blogPost\" ><div class='avia_textblock  '   itemprop=\"text\" ><p style=\"text-align: justify;\"><em>Los destinos \u00abCuenca del Lago General Carrera\u00bb y \u00abAys\u00e9n &#8211; Coyhaique\u00bb destacan en el estudio nacional de ocupabilidad de alojamientos tur\u00edsticos.<\/em><\/p>\n<p style=\"text-align: justify;\">La Subsecretar\u00eda de Turismo y el Servicio Nacional de Turismo presentaron el informe \u00abTasa de Ocupabilidad en Establecimientos de Alojamiento Tur\u00edstico\u00bb que proporciona informaci\u00f3n relevante sobre hoteles, caba\u00f1as, hostales y residenciales en las 16 regiones del pa\u00eds. El an\u00e1lisis arroj\u00f3 que la tasa de ocupaci\u00f3n (TO) total para los 49 destinos considerados en este estudio fue del 61,3% a nivel nacional.<\/p>\n<p style=\"text-align: justify;\">Los destinos que obtuvieron una tasa de ocupaci\u00f3n por sobre el 70,0% fueron: \u00abPunta Arenas y Estrecho de Magallanes\u00bb (86,4%), \u00abPN Torres del Paine y Puerto Natales\u00bb (79,4%), \u00abCuenca del Lago General Carrera\u00bb (76,9%), \u00abSan Pedro de Atacama\u00bb (76,5%), \u00abOlmu\u00e9 &#8211; La Campana\u00bb (74,9%), \u00abIquique\u00bb (74,3%), \u00abAys\u00e9n &#8211; Coyhaique\u00bb (73,0%), \u00abAntofagasta\u00bb (72,2%) y \u00abSantiago Urbano\u00bb (70,4%).<\/p>\n<p style=\"text-align: justify;\">El director de Sernatur Ays\u00e9n, Claudio Montecinos indic\u00f3 que \u00abesta medici\u00f3n de ocupaci\u00f3n hotelera, efectivamente nos permite evidenciar para la regi\u00f3n de Ays\u00e9n una importante actividad tur\u00edstica durante el mes de enero, permitiendo activar econom\u00edas locales, visitas a restaurantes, visitas a atractivos tur\u00edsticos durante este per\u00edodo, lo que nos deja muy satisfechos y responde, de alguna manera, al trabajo realizado por Sernatur Ays\u00e9n en materia de promoci\u00f3n tur\u00edstica del destino de Ays\u00e9n Patagonia. Esperamos que para el mes de febrero estos n\u00fameros aumenten y para eso seguiremos trabajando junto a los gremios privados del turismo, a los municipios, al gobierno regional para que efectivamente los n\u00fameros de visitas de turistas a nuestro destino efectivamente vayan aumentando\u00bb.<\/p>\n<p style=\"text-align: justify;\">Se espera que durante el mes de febrero, destinos como \u00abCarretera Austral Norte\u00bb, que registra un 50% de ocupabilidad hotelera en el primer mes del a\u00f1o, aumente la cifra con la llegada de nuevos turistas, especialmente nacionales que prefieren este periodo para tomar sus vacaciones.<\/p>\n<table style=\"width: 100%; height: 858px;\" width=\"604\">\n<tbody>\n<tr style=\"height: 41px;\">\n<td style=\"height: 41px;\" width=\"187\"><strong>Destino<\/strong><\/td>\n<td style=\"height: 41px;\" width=\"37\"><strong>TO<\/strong><\/td>\n<td style=\"height: 41px;\" width=\"126\"><strong>Destino<\/strong><\/td>\n<td style=\"height: 41px;\" width=\"37\"><strong>TO<\/strong><\/td>\n<td style=\"height: 41px;\" width=\"169\"><strong>Destino<\/strong><\/td>\n<td style=\"height: 41px;\" width=\"47\"><strong>TO<\/strong><\/td>\n<\/tr>\n<tr style=\"height: 41px;\">\n<td style=\"height: 41px;\" width=\"187\">Arica<\/td>\n<td style=\"height: 41px;\" width=\"37\">53,8<\/td>\n<td style=\"height: 41px;\" width=\"126\">Santiago Urbano<\/td>\n<td style=\"height: 41px;\" width=\"37\">70,4<\/td>\n<td style=\"height: 41px;\" width=\"169\">Temuco<\/td>\n<td style=\"height: 41px;\" width=\"47\">49,8<\/td>\n<\/tr>\n<tr style=\"height: 41px;\">\n<td style=\"height: 41px;\" width=\"187\">Iquique<\/td>\n<td style=\"height: 41px;\" width=\"37\">74,3<\/td>\n<td style=\"height: 41px;\" width=\"126\">Valle de Colchagua<\/td>\n<td style=\"height: 41px;\" width=\"37\">45,7<\/td>\n<td style=\"height: 41px;\" width=\"169\">Cuenca del Lago Ranco<\/td>\n<td style=\"height: 41px;\" width=\"47\">61,3<\/td>\n<\/tr>\n<tr style=\"height: 41px;\">\n<td style=\"height: 41px;\" width=\"187\">Antofagasta<\/td>\n<td style=\"height: 41px;\" width=\"37\">72,2<\/td>\n<td style=\"height: 41px;\" width=\"126\">Lago Rapel y Navidad<\/td>\n<td style=\"height: 41px;\" width=\"37\">56,7<\/td>\n<td style=\"height: 41px;\" width=\"169\">Siete Lagos<\/td>\n<td style=\"height: 41px;\" width=\"47\">47,3<\/td>\n<\/tr>\n<tr style=\"height: 41px;\">\n<td style=\"height: 41px;\" width=\"187\">San Pedro de Atacama<\/td>\n<td style=\"height: 41px;\" width=\"37\">76,5<\/td>\n<td style=\"height: 41px;\" width=\"126\">Pichilemu<\/td>\n<td style=\"height: 41px;\" width=\"37\">50,1<\/td>\n<td style=\"height: 41px;\" width=\"169\">Valdivia &#8211; Corral<\/td>\n<td style=\"height: 41px;\" width=\"47\">63,5<\/td>\n<\/tr>\n<tr style=\"height: 41px;\">\n<td style=\"height: 41px;\" width=\"187\">Calama<\/td>\n<td style=\"height: 41px;\" width=\"37\">68,1<\/td>\n<td style=\"height: 41px;\" width=\"126\">Chanco &#8211; Pelluhue<\/td>\n<td style=\"height: 41px;\" width=\"37\">44,7<\/td>\n<td style=\"height: 41px;\" width=\"169\">Cuatro R\u00edos<\/td>\n<td style=\"height: 41px;\" width=\"47\">49,1<\/td>\n<\/tr>\n<tr style=\"height: 41px;\">\n<td style=\"height: 41px;\" width=\"187\">Valle de Copiap\u00f3<\/td>\n<td style=\"height: 41px;\" width=\"37\">57,4<\/td>\n<td style=\"height: 41px;\" width=\"126\">Constituci\u00f3n<\/td>\n<td style=\"height: 41px;\" width=\"37\">41,0<\/td>\n<td style=\"height: 41px;\" width=\"169\">Chilo\u00e9<\/td>\n<td style=\"height: 41px;\" width=\"47\">50,9<\/td>\n<\/tr>\n<tr style=\"height: 61px;\">\n<td style=\"height: 61px;\" width=\"187\">Caldera &#8211; Parque Nacional Pan de Az\u00facar<\/td>\n<td style=\"height: 61px;\" width=\"37\">54,6<\/td>\n<td style=\"height: 61px;\" width=\"126\">Iloca &#8211; Vichuqu\u00e9n<\/td>\n<td style=\"height: 61px;\" width=\"37\">35,0<\/td>\n<td style=\"height: 61px;\" width=\"169\">Lago Llanquihue y Todos los Santos<\/td>\n<td style=\"height: 61px;\" width=\"47\">66,9<\/td>\n<\/tr>\n<tr style=\"height: 41px;\">\n<td style=\"height: 41px;\" width=\"187\">Valle del Huasco<\/td>\n<td style=\"height: 41px;\" width=\"37\">44,6<\/td>\n<td style=\"height: 41px;\" width=\"126\">Valle de Curic\u00f3<\/td>\n<td style=\"height: 41px;\" width=\"37\">44,9<\/td>\n<td style=\"height: 41px;\" width=\"169\">Osorno &#8211; Puyehue<\/td>\n<td style=\"height: 41px;\" width=\"47\">58,2<\/td>\n<\/tr>\n<tr style=\"height: 61px;\">\n<td style=\"height: 61px;\" width=\"187\">La Serena y Coquimbo<\/td>\n<td style=\"height: 61px;\" width=\"37\">68,9<\/td>\n<td style=\"height: 61px;\" width=\"126\">Linares Termal y Natural<\/td>\n<td style=\"height: 61px;\" width=\"37\">52,1<\/td>\n<td style=\"height: 61px;\" width=\"169\">Puerto Montt y alrededores<\/td>\n<td style=\"height: 61px;\" width=\"47\">48,9<\/td>\n<\/tr>\n<tr style=\"height: 41px;\">\n<td style=\"height: 41px;\" width=\"187\">Valle del Elqui<\/td>\n<td style=\"height: 41px;\" width=\"37\">57,9<\/td>\n<td style=\"height: 41px;\" width=\"126\">Valle del R\u00edo Maule<\/td>\n<td style=\"height: 41px;\" width=\"37\">53,8<\/td>\n<td style=\"height: 41px;\" width=\"169\">Patagonia Verde<\/td>\n<td style=\"height: 41px;\" width=\"47\">44,9<\/td>\n<\/tr>\n<tr style=\"height: 61px;\">\n<td style=\"height: 61px;\" width=\"187\">Olmu\u00e9 &#8211; La Campana<\/td>\n<td style=\"height: 61px;\" width=\"37\">74,9<\/td>\n<td style=\"height: 61px;\" width=\"126\">Concepci\u00f3n y alrededores<\/td>\n<td style=\"height: 61px;\" width=\"37\">61,1<\/td>\n<td style=\"height: 61px;\" width=\"169\">Ays\u00e9n &#8211; Coyhaique<\/td>\n<td style=\"height: 61px;\" width=\"47\">73,0<\/td>\n<\/tr>\n<tr style=\"height: 61px;\">\n<td style=\"height: 61px;\" width=\"187\">Rapa Nui<\/td>\n<td style=\"height: 61px;\" width=\"37\">44,6<\/td>\n<td style=\"height: 61px;\" width=\"126\">Lago Lanalhue<\/td>\n<td style=\"height: 61px;\" width=\"37\">53,9<\/td>\n<td style=\"height: 61px;\" width=\"169\">Cuenca del Lago General Carrera<\/td>\n<td style=\"height: 61px;\" width=\"47\">76,9<\/td>\n<\/tr>\n<tr style=\"height: 41px;\">\n<td style=\"height: 41px;\" width=\"187\">Litoral de los Poetas<\/td>\n<td style=\"height: 41px;\" width=\"37\">51,6<\/td>\n<td style=\"height: 41px;\" width=\"126\">Saltos del Laja<\/td>\n<td style=\"height: 41px;\" width=\"37\">69,3<\/td>\n<td style=\"height: 41px;\" width=\"169\">Carretera Austral Norte<\/td>\n<td style=\"height: 41px;\" width=\"47\">50,0<\/td>\n<\/tr>\n<tr style=\"height: 61px;\">\n<td style=\"height: 61px;\" width=\"187\">Litoral Norte &#8211; Papudo<\/td>\n<td style=\"height: 61px;\" width=\"37\">62,5<\/td>\n<td style=\"height: 61px;\" width=\"126\">Valle las Trancas<\/td>\n<td style=\"height: 61px;\" width=\"37\">24,8<\/td>\n<td style=\"height: 61px;\" width=\"169\">PN Torres del Paine y Puerto Natales<\/td>\n<td style=\"height: 61px;\" width=\"47\">79,4<\/td>\n<\/tr>\n<tr style=\"height: 61px;\">\n<td style=\"height: 61px;\" width=\"187\">Valpara\u00edso, Vi\u00f1a del Mar y Conc\u00f3n<\/td>\n<td style=\"height: 61px;\" width=\"37\">65,5<\/td>\n<td style=\"height: 61px;\" width=\"126\">Cobquecura<\/td>\n<td style=\"height: 61px;\" width=\"37\">19,3<\/td>\n<td style=\"height: 61px;\" width=\"169\">Punta Arenas y Estrecho de Magallanes<\/td>\n<td style=\"height: 61px;\" width=\"47\">86,4<\/td>\n<\/tr>\n<tr style=\"height: 41px;\">\n<td style=\"height: 41px;\" width=\"187\">Valle del Aconcagua<\/td>\n<td style=\"height: 41px;\" width=\"37\">53,6<\/td>\n<td style=\"height: 41px;\" width=\"126\">Araucan\u00eda Andina<\/td>\n<td style=\"height: 41px;\" width=\"37\">27,5<\/td>\n<td style=\"height: 41px;\" width=\"169\"><\/td>\n<td style=\"height: 41px;\" width=\"47\"><\/td>\n<\/tr>\n<tr style=\"height: 41px;\">\n<td style=\"height: 41px;\" width=\"187\">Caj\u00f3n del Maipo<\/td>\n<td style=\"height: 41px;\" width=\"37\">59,9<\/td>\n<td style=\"height: 41px;\" width=\"126\">Araucan\u00eda Lacustre<\/td>\n<td style=\"height: 41px;\" width=\"37\">61,5<\/td>\n<td style=\"height: 41px;\" width=\"169\"><\/td>\n<td style=\"height: 41px;\" width=\"47\"><\/td>\n<\/tr>\n<\/tbody>\n<\/table>\n<\/div><\/section><\/div><div  style='height:50px' class='hr hr-invisible   avia-builder-el-6  el_after_av_one_full  el_before_av_social_share '><span class='hr-inner ' ><span class='hr-inner-style'><\/span><\/span><\/div><\/p>\n<div  class='av-social-sharing-box  avia-builder-el-7  el_after_av_hr  el_before_av_hr  '><div class='av-share-box'><h5 class='av-share-link-description av-no-toc '>Compartir esta noticia<\/h5><ul class='av-share-box-list noLightbox'><li class='av-share-link av-social-link-facebook' ><a target=\"_blank\" aria-label=\"Compartir en Facebook\" href='https:\/\/www.facebook.com\/sharer.php?u=https:\/\/radiorevelacionfm.cl\/?p=39239&#038;t=Ocupaci%C3%B3n%20Hotelera%20de%20dos%20destinos%20de%20la%20regi%C3%B3n%20supera%20el%2070%25%20durante%20enero' aria-hidden='false' data-av_icon='\ue8f3' data-av_iconfont='entypo-fontello' title='' data-avia-related-tooltip='Compartir en Facebook' rel=\"noopener\"><span class='avia_hidden_link_text'>Compartir en Facebook<\/span><\/a><\/li><li class='av-share-link av-social-link-twitter' ><a target=\"_blank\" aria-label=\"Compartir en Twitter\" href='https:\/\/twitter.com\/share?text=Ocupaci%C3%B3n%20Hotelera%20de%20dos%20destinos%20de%20la%20regi%C3%B3n%20supera%20el%2070%25%20durante%20enero&#038;url=https:\/\/radiorevelacionfm.cl\/?p=39239' aria-hidden='false' data-av_icon='\ue8f1' data-av_iconfont='entypo-fontello' title='' data-avia-related-tooltip='Compartir en Twitter' rel=\"noopener\"><span class='avia_hidden_link_text'>Compartir en Twitter<\/span><\/a><\/li><li class='av-share-link av-social-link-whatsapp' ><a target=\"_blank\" aria-label=\"Compartir en Whatsapp\" href='https:\/\/api.whatsapp.com\/send?text=https:\/\/radiorevelacionfm.cl\/?p=39239' aria-hidden='false' data-av_icon='\uf232' data-av_iconfont='entypo-fontello' title='' data-avia-related-tooltip='Compartir en Whatsapp' rel=\"noopener\"><span class='avia_hidden_link_text'>Compartir en Whatsapp<\/span><\/a><\/li><li class='av-share-link av-social-link-linkedin' ><a target=\"_blank\" aria-label=\"Compartir en LinkedIn\" href='https:\/\/linkedin.com\/shareArticle?mini=true&#038;title=Ocupaci%C3%B3n%20Hotelera%20de%20dos%20destinos%20de%20la%20regi%C3%B3n%20supera%20el%2070%25%20durante%20enero&#038;url=https:\/\/radiorevelacionfm.cl\/?p=39239' aria-hidden='false' data-av_icon='\ue8fc' data-av_iconfont='entypo-fontello' title='' data-avia-related-tooltip='Compartir en LinkedIn' rel=\"noopener\"><span class='avia_hidden_link_text'>Compartir en LinkedIn<\/span><\/a><\/li><li class='av-share-link av-social-link-mail' ><a  aria-label=\"Compartir por correo\" href='mailto:?subject=Ocupaci%C3%B3n%20Hotelera%20de%20dos%20destinos%20de%20la%20regi%C3%B3n%20supera%20el%2070%25%20durante%20enero&#038;body=https:\/\/radiorevelacionfm.cl\/?p=39239' aria-hidden='false' data-av_icon='\ue805' data-av_iconfont='entypo-fontello' title='' data-avia-related-tooltip='Compartir por correo'><span class='avia_hidden_link_text'>Compartir por correo<\/span><\/a><\/li><\/ul><\/div><\/div>\n<div  style='height:50px' class='hr hr-invisible   avia-builder-el-8  el_after_av_social_share  el_before_av_comments_list '><span class='hr-inner ' ><span class='hr-inner-style'><\/span><\/span><\/div>\n<div  class='av-buildercomment  av-blog-meta-html-info-disabled av-blog-meta-tag-disabled  '><\/div>\n","protected":false},"excerpt":{"rendered":"","protected":false},"author":1,"featured_media":39240,"comment_status":"open","ping_status":"open","sticky":false,"template":"","format":"standard","meta":{"footnotes":""},"categories":[54],"tags":[],"class_list":["post-39239","post","type-post","status-publish","format-standard","has-post-thumbnail","hentry","category-turismo"],"jetpack_featured_media_url":"https:\/\/radiorevelacionfm.cl\/wp-content\/uploads\/2024\/01\/establecimientos-hoteleros-1_optimized.jpg","_links":{"self":[{"href":"https:\/\/radiorevelacionfm.cl\/index.php?rest_route=\/wp\/v2\/posts\/39239","targetHints":{"allow":["GET"]}}],"collection":[{"href":"https:\/\/radiorevelacionfm.cl\/index.php?rest_route=\/wp\/v2\/posts"}],"about":[{"href":"https:\/\/radiorevelacionfm.cl\/index.php?rest_route=\/wp\/v2\/types\/post"}],"author":[{"embeddable":true,"href":"https:\/\/radiorevelacionfm.cl\/index.php?rest_route=\/wp\/v2\/users\/1"}],"replies":[{"embeddable":true,"href":"https:\/\/radiorevelacionfm.cl\/index.php?rest_route=%2Fwp%2Fv2%2Fcomments&post=39239"}],"version-history":[{"count":1,"href":"https:\/\/radiorevelacionfm.cl\/index.php?rest_route=\/wp\/v2\/posts\/39239\/revisions"}],"predecessor-version":[{"id":39241,"href":"https:\/\/radiorevelacionfm.cl\/index.php?rest_route=\/wp\/v2\/posts\/39239\/revisions\/39241"}],"wp:featuredmedia":[{"embeddable":true,"href":"https:\/\/radiorevelacionfm.cl\/index.php?rest_route=\/wp\/v2\/media\/39240"}],"wp:attachment":[{"href":"https:\/\/radiorevelacionfm.cl\/index.php?rest_route=%2Fwp%2Fv2%2Fmedia&parent=39239"}],"wp:term":[{"taxonomy":"category","embeddable":true,"href":"https:\/\/radiorevelacionfm.cl\/index.php?rest_route=%2Fwp%2Fv2%2Fcategories&post=39239"},{"taxonomy":"post_tag","embeddable":true,"href":"https:\/\/radiorevelacionfm.cl\/index.php?rest_route=%2Fwp%2Fv2%2Ftags&post=39239"}],"curies":[{"name":"wp","href":"https:\/\/api.w.org\/{rel}","templated":true}]}}