{"id":39228,"date":"2024-01-26T19:59:31","date_gmt":"2024-01-26T22:59:31","guid":{"rendered":"https:\/\/radiorevelacionfm.cl\/?p=39228"},"modified":"2024-01-26T19:59:31","modified_gmt":"2024-01-26T22:59:31","slug":"dos-detenidos-por-microtrafico-de-drogas-en-puerto-aysen-tras-operativo-policial","status":"publish","type":"post","link":"https:\/\/radiorevelacionfm.cl\/?p=39228","title":{"rendered":"Dos detenidos por microtr\u00e1fico de drogas en Puerto Ays\u00e9n tras operativo policial"},"content":{"rendered":"<div class=\"flex_column av_one_full  flex_column_div av-zero-column-padding first  avia-builder-el-0  el_before_av_one_full  avia-builder-el-first  \" style='border-radius:0px; '><div  class='avia-image-container  av-styling-    avia-builder-el-1  avia-builder-el-no-sibling  avia-align-center '  itemprop=\"image\" itemscope=\"itemscope\" itemtype=\"https:\/\/schema.org\/ImageObject\"  ><div class='avia-image-container-inner'><div class='avia-image-overlay-wrap'><img decoding=\"async\" class='wp-image-39229 avia-img-lazy-loading-not-39229 avia_image' src=\"https:\/\/radiorevelacionfm.cl\/wp-content\/uploads\/2024\/01\/whatsapp-image-2024-01-26-at-18_optimized.17.25-1-1.jpeg\" alt='' title='whatsapp-image-2024-01-26-at-18_optimized.17.25-(1)-(1)' height=\"800\" width=\"780\"  itemprop=\"thumbnailUrl\" srcset=\"https:\/\/radiorevelacionfm.cl\/wp-content\/uploads\/2024\/01\/whatsapp-image-2024-01-26-at-18_optimized.17.25-1-1.jpeg 780w, https:\/\/radiorevelacionfm.cl\/wp-content\/uploads\/2024\/01\/whatsapp-image-2024-01-26-at-18_optimized.17.25-1-1-293x300.jpeg 293w, https:\/\/radiorevelacionfm.cl\/wp-content\/uploads\/2024\/01\/whatsapp-image-2024-01-26-at-18_optimized.17.25-1-1-768x788.jpeg 768w, https:\/\/radiorevelacionfm.cl\/wp-content\/uploads\/2024\/01\/whatsapp-image-2024-01-26-at-18_optimized.17.25-1-1-36x36.jpeg 36w, https:\/\/radiorevelacionfm.cl\/wp-content\/uploads\/2024\/01\/whatsapp-image-2024-01-26-at-18_optimized.17.25-1-1-687x705.jpeg 687w, https:\/\/radiorevelacionfm.cl\/wp-content\/uploads\/2024\/01\/whatsapp-image-2024-01-26-at-18_optimized.17.25-1-1-450x462.jpeg 450w, https:\/\/radiorevelacionfm.cl\/wp-content\/uploads\/2024\/01\/whatsapp-image-2024-01-26-at-18_optimized.17.25-1-1-600x615.jpeg 600w\" sizes=\"(max-width: 780px) 100vw, 780px\" \/><\/div><\/div><\/div><\/div><div class=\"flex_column av_one_full  flex_column_div av-zero-column-padding first  avia-builder-el-2  el_after_av_one_full  el_before_av_one_full  column-top-margin\" style='border-radius:0px; '><section class=\"av_textblock_section \"  itemscope=\"itemscope\" itemtype=\"https:\/\/schema.org\/BlogPosting\" itemprop=\"blogPost\" ><div class='avia_textblock  '   itemprop=\"text\" ><p style=\"text-align: center;\"><strong><span style=\"font-size: 18pt;\">Dos detenidos por microtr\u00e1fico de drogas en Puerto Ays\u00e9n tras operativo policial<\/span><\/strong><\/p>\n<div id=\"gtx-trans\" style=\"position: absolute; left: -50px; top: 4.31534px;\">\n<div class=\"gtx-trans-icon\"><\/div>\n<\/div>\n<\/div><\/section><\/div><div class=\"flex_column av_one_full  flex_column_div av-zero-column-padding first  avia-builder-el-4  el_after_av_one_full  el_before_av_hr  column-top-margin\" style='border-radius:0px; '><section class=\"av_textblock_section \"  itemscope=\"itemscope\" itemtype=\"https:\/\/schema.org\/BlogPosting\" itemprop=\"blogPost\" ><div class='avia_textblock  '   itemprop=\"text\" ><p style=\"text-align: justify;\">En una exitosa operaci\u00f3n llevada a cabo por detectives del equipo MT0 de la Brigada de Investigaci\u00f3n Criminal Ays\u00e9n (Bicrim Ays\u00e9n), en colaboraci\u00f3n con el Ministerio P\u00fablico, lograron la detenci\u00f3n de dos individuos de sexo masculino por el delito de tr\u00e1fico de drogas en peque\u00f1as cantidades, en situaci\u00f3n de flagrancia.<\/p>\n<p style=\"text-align: justify;\">La aprehensi\u00f3n se llev\u00f3 a cabo en la v\u00eda p\u00fablica, incautando 14,1 gramos de Cannabis Sativa y un arma cortante que uno de los detenidos portaba. \u201cCabe hacer menci\u00f3n que uno de los imputados corresponde a una persona menor de edad y ambos no cuentan con antecedentes. Los aprehendidos fueron puestos a disposici\u00f3n del Juzgado de Garant\u00eda de Puerto Ays\u00e9n\u201d coment\u00f3 el comisario Marcelo Ladino, jefe de la Bicrim Ays\u00e9n.<\/p>\n<p style=\"text-align: justify;\">Seg\u00fan la investigaci\u00f3n, los detenidos se dedicaban a la venta de drogas, espec\u00edficamente cannabis, en peque\u00f1as bolsas de nylon transparente, a un valor de 10 mil pesos por gramo. La coordinaci\u00f3n de estas transacciones se realizaba a trav\u00e9s de diversas plataformas digitales, como la aplicaci\u00f3n Grindr y la aplicaci\u00f3n de mensajer\u00eda WhatsApp. \u201cLas ventas, se materializaban, en su mayor\u00eda, entre el sector centro, Cerro Mirador y costanera de calle teniente Merino, comuna de Puerto Ays\u00e9n, siempre previa coordinaci\u00f3n con los respectivos compradores\u201d, puntualiz\u00f3 el jefe de la brigada.<\/p>\n<p style=\"text-align: justify;\">Los imputados, tal y como coment\u00f3 el comisario fueron presentados ante el Juzgado de Letras y Garant\u00eda de Puerto Ays\u00e9n, en donde quedaron con la medida cautelar de arraigo nacional.<\/p>\n<\/div><\/section><\/div><div  style='height:50px' class='hr hr-invisible   avia-builder-el-6  el_after_av_one_full  el_before_av_social_share '><span class='hr-inner ' ><span class='hr-inner-style'><\/span><\/span><\/div><\/p>\n<div  class='av-social-sharing-box  avia-builder-el-7  el_after_av_hr  el_before_av_hr  '><div class='av-share-box'><h5 class='av-share-link-description av-no-toc '>Compartir esta noticia<\/h5><ul class='av-share-box-list noLightbox'><li class='av-share-link av-social-link-facebook' ><a target=\"_blank\" aria-label=\"Compartir en Facebook\" href='https:\/\/www.facebook.com\/sharer.php?u=https:\/\/radiorevelacionfm.cl\/?p=39228&#038;t=Dos%20detenidos%20por%20microtr%C3%A1fico%20de%20drogas%20en%20Puerto%20Ays%C3%A9n%20tras%20operativo%20policial' aria-hidden='false' data-av_icon='\ue8f3' data-av_iconfont='entypo-fontello' title='' data-avia-related-tooltip='Compartir en Facebook' rel=\"noopener\"><span class='avia_hidden_link_text'>Compartir en Facebook<\/span><\/a><\/li><li class='av-share-link av-social-link-twitter' ><a target=\"_blank\" aria-label=\"Compartir en Twitter\" href='https:\/\/twitter.com\/share?text=Dos%20detenidos%20por%20microtr%C3%A1fico%20de%20drogas%20en%20Puerto%20Ays%C3%A9n%20tras%20operativo%20policial&#038;url=https:\/\/radiorevelacionfm.cl\/?p=39228' aria-hidden='false' data-av_icon='\ue8f1' data-av_iconfont='entypo-fontello' title='' data-avia-related-tooltip='Compartir en Twitter' rel=\"noopener\"><span class='avia_hidden_link_text'>Compartir en Twitter<\/span><\/a><\/li><li class='av-share-link av-social-link-whatsapp' ><a target=\"_blank\" aria-label=\"Compartir en Whatsapp\" href='https:\/\/api.whatsapp.com\/send?text=https:\/\/radiorevelacionfm.cl\/?p=39228' aria-hidden='false' data-av_icon='\uf232' data-av_iconfont='entypo-fontello' title='' data-avia-related-tooltip='Compartir en Whatsapp' rel=\"noopener\"><span class='avia_hidden_link_text'>Compartir en Whatsapp<\/span><\/a><\/li><li class='av-share-link av-social-link-linkedin' ><a target=\"_blank\" aria-label=\"Compartir en LinkedIn\" href='https:\/\/linkedin.com\/shareArticle?mini=true&#038;title=Dos%20detenidos%20por%20microtr%C3%A1fico%20de%20drogas%20en%20Puerto%20Ays%C3%A9n%20tras%20operativo%20policial&#038;url=https:\/\/radiorevelacionfm.cl\/?p=39228' aria-hidden='false' data-av_icon='\ue8fc' data-av_iconfont='entypo-fontello' title='' data-avia-related-tooltip='Compartir en LinkedIn' rel=\"noopener\"><span class='avia_hidden_link_text'>Compartir en LinkedIn<\/span><\/a><\/li><li class='av-share-link av-social-link-mail' ><a  aria-label=\"Compartir por correo\" href='mailto:?subject=Dos%20detenidos%20por%20microtr%C3%A1fico%20de%20drogas%20en%20Puerto%20Ays%C3%A9n%20tras%20operativo%20policial&#038;body=https:\/\/radiorevelacionfm.cl\/?p=39228' aria-hidden='false' data-av_icon='\ue805' data-av_iconfont='entypo-fontello' title='' data-avia-related-tooltip='Compartir por correo'><span class='avia_hidden_link_text'>Compartir por correo<\/span><\/a><\/li><\/ul><\/div><\/div>\n<div  style='height:50px' class='hr hr-invisible   avia-builder-el-8  el_after_av_social_share  el_before_av_comments_list '><span class='hr-inner ' ><span class='hr-inner-style'><\/span><\/span><\/div>\n<div  class='av-buildercomment  av-blog-meta-html-info-disabled av-blog-meta-tag-disabled  '><\/div>\n","protected":false},"excerpt":{"rendered":"","protected":false},"author":1,"featured_media":39229,"comment_status":"open","ping_status":"open","sticky":false,"template":"","format":"standard","meta":{"footnotes":""},"categories":[36],"tags":[],"class_list":["post-39228","post","type-post","status-publish","format-standard","has-post-thumbnail","hentry","category-policial"],"jetpack_featured_media_url":"https:\/\/radiorevelacionfm.cl\/wp-content\/uploads\/2024\/01\/whatsapp-image-2024-01-26-at-18_optimized.17.25-1-1.jpeg","_links":{"self":[{"href":"https:\/\/radiorevelacionfm.cl\/index.php?rest_route=\/wp\/v2\/posts\/39228","targetHints":{"allow":["GET"]}}],"collection":[{"href":"https:\/\/radiorevelacionfm.cl\/index.php?rest_route=\/wp\/v2\/posts"}],"about":[{"href":"https:\/\/radiorevelacionfm.cl\/index.php?rest_route=\/wp\/v2\/types\/post"}],"author":[{"embeddable":true,"href":"https:\/\/radiorevelacionfm.cl\/index.php?rest_route=\/wp\/v2\/users\/1"}],"replies":[{"embeddable":true,"href":"https:\/\/radiorevelacionfm.cl\/index.php?rest_route=%2Fwp%2Fv2%2Fcomments&post=39228"}],"version-history":[{"count":1,"href":"https:\/\/radiorevelacionfm.cl\/index.php?rest_route=\/wp\/v2\/posts\/39228\/revisions"}],"predecessor-version":[{"id":39230,"href":"https:\/\/radiorevelacionfm.cl\/index.php?rest_route=\/wp\/v2\/posts\/39228\/revisions\/39230"}],"wp:featuredmedia":[{"embeddable":true,"href":"https:\/\/radiorevelacionfm.cl\/index.php?rest_route=\/wp\/v2\/media\/39229"}],"wp:attachment":[{"href":"https:\/\/radiorevelacionfm.cl\/index.php?rest_route=%2Fwp%2Fv2%2Fmedia&parent=39228"}],"wp:term":[{"taxonomy":"category","embeddable":true,"href":"https:\/\/radiorevelacionfm.cl\/index.php?rest_route=%2Fwp%2Fv2%2Fcategories&post=39228"},{"taxonomy":"post_tag","embeddable":true,"href":"https:\/\/radiorevelacionfm.cl\/index.php?rest_route=%2Fwp%2Fv2%2Ftags&post=39228"}],"curies":[{"name":"wp","href":"https:\/\/api.w.org\/{rel}","templated":true}]}}