{"id":39226,"date":"2024-01-26T17:59:26","date_gmt":"2024-01-26T20:59:26","guid":{"rendered":"https:\/\/radiorevelacionfm.cl\/?p=39226"},"modified":"2024-01-26T17:59:26","modified_gmt":"2024-01-26T20:59:26","slug":"detienen-a-quien-seria-el-autor-de-disparo-que-mantiene-hospitalizado-a-joven-de-17-anos-en-coyhaique","status":"publish","type":"post","link":"https:\/\/radiorevelacionfm.cl\/?p=39226","title":{"rendered":"Detienen a quien ser\u00eda el autor de disparo que mantiene hospitalizado a joven de 17 a\u00f1os en Coyhaique"},"content":{"rendered":"<div class=\"flex_column av_one_full  flex_column_div av-zero-column-padding first  avia-builder-el-0  el_before_av_one_full  avia-builder-el-first  \" style='border-radius:0px; '><div  class='avia-image-container  av-styling-    avia-builder-el-1  avia-builder-el-no-sibling  avia-align-center '  itemprop=\"image\" itemscope=\"itemscope\" itemtype=\"https:\/\/schema.org\/ImageObject\"  ><div class='avia-image-container-inner'><div class='avia-image-overlay-wrap'><img decoding=\"async\" class='wp-image-9301 avia-img-lazy-loading-not-9301 avia_image' src=\"https:\/\/radiorevelacionfm.cl\/wp-content\/uploads\/2021\/10\/PDI-GENERICA1-1-1.jpeg\" alt='' title='PDI GENERICA1 (1) (1)' height=\"600\" width=\"1067\"  itemprop=\"thumbnailUrl\" srcset=\"https:\/\/radiorevelacionfm.cl\/wp-content\/uploads\/2021\/10\/PDI-GENERICA1-1-1.jpeg 1067w, https:\/\/radiorevelacionfm.cl\/wp-content\/uploads\/2021\/10\/PDI-GENERICA1-1-1-300x169.jpeg 300w, https:\/\/radiorevelacionfm.cl\/wp-content\/uploads\/2021\/10\/PDI-GENERICA1-1-1-1030x579.jpeg 1030w, https:\/\/radiorevelacionfm.cl\/wp-content\/uploads\/2021\/10\/PDI-GENERICA1-1-1-768x432.jpeg 768w, https:\/\/radiorevelacionfm.cl\/wp-content\/uploads\/2021\/10\/PDI-GENERICA1-1-1-705x396.jpeg 705w, https:\/\/radiorevelacionfm.cl\/wp-content\/uploads\/2021\/10\/PDI-GENERICA1-1-1-600x337.jpeg 600w\" sizes=\"(max-width: 1067px) 100vw, 1067px\" \/><\/div><\/div><\/div><\/div><div class=\"flex_column av_one_full  flex_column_div av-zero-column-padding first  avia-builder-el-2  el_after_av_one_full  el_before_av_one_full  column-top-margin\" style='border-radius:0px; '><section class=\"av_textblock_section \"  itemscope=\"itemscope\" itemtype=\"https:\/\/schema.org\/BlogPosting\" itemprop=\"blogPost\" ><div class='avia_textblock  '   itemprop=\"text\" ><p style=\"text-align: center;\"><strong><span style=\"font-size: 18pt;\">Detienen a quien ser\u00eda el autor de disparo que mantiene hospitalizado a joven de 17 a\u00f1os en Coyhaique<\/span><\/strong><\/p>\n<div id=\"gtx-trans\" style=\"position: absolute; left: -50px; top: 4.31534px;\">\n<div class=\"gtx-trans-icon\"><\/div>\n<\/div>\n<\/div><\/section><\/div><div class=\"flex_column av_one_full  flex_column_div av-zero-column-padding first  avia-builder-el-4  el_after_av_one_full  el_before_av_hr  column-top-margin\" style='border-radius:0px; '><section class=\"av_textblock_section \"  itemscope=\"itemscope\" itemtype=\"https:\/\/schema.org\/BlogPosting\" itemprop=\"blogPost\" ><div class='avia_textblock  '   itemprop=\"text\" ><p style=\"text-align: justify;\">En una operaci\u00f3n llevada a cabo por la Brigada de Homicidios Coyhaique (BHCOY), se logr\u00f3 la detenci\u00f3n del individuo identificado como E.J.V.P., chileno, de 20 a\u00f1os de edad. El arresto se llev\u00f3 a cabo, en relaci\u00f3n con su presunta autor\u00eda en el delito de Lesiones Graves Grav\u00edsimas, el que en la actualidad mantiene a su v\u00edctima hospitalizada. \u201cEl d\u00eda de ayer, oficiales de la Brigada de Homicidio de Coyhaique dieron cumplimiento a una orden de detenci\u00f3n pendiente en contra de un sujeto mayor de edad, conforme a una investigaci\u00f3n que era llevada por esta brigada especializada respecto de las lesiones graves ocurridas el d\u00eda 3 de enero de 2024, en la cual el detenido, mientras compart\u00eda en el domicilio de la v\u00edctima de iniciales S.S.G.G., le propina un disparo en la regi\u00f3n frontal que lo mantiene en estado de gravedad en el hospital de Coyhaique hasta la fecha\u201d, coment\u00f3 el comisario \u00cdtalo Todaka, jefe de la BHCOY.<\/p>\n<p style=\"text-align: justify;\">Los detectives, tras el ingreso al domicilio de la madre de quien ser\u00eda el victimario, lograron incautar una chaqueta negra, la cual presentaba diversas manchas de color pardo rojizas, presumiblemente relacionadas con el incidente. \u201dLuego de un trabajo del sitio de suceso, posicionamiento, utilizando las diversas herramientas tecnol\u00f3gicas con las que cuenta la Polic\u00eda de Investigaciones de Chile, se pudo posicionar al imputado en la localidad de Ma\u00f1ihuales, procediendo a su detenci\u00f3n en horas de la tarde, en la v\u00eda p\u00fablica, sin mayores problemas\u201d, puntualiz\u00f3 el comisario.<\/p>\n<p style=\"text-align: justify;\">Adem\u00e1s, el jefe de la brigada coment\u00f3 que todos los antecedentes fueron entregados al Ministerio P\u00fablico, quien dispuso que el detenido fuera puesto a disposici\u00f3n del juzgado de garant\u00eda de esta ciudad por intermedio de Gendarmer\u00eda para su control de detenci\u00f3n. El imputado qued\u00f3 en prisi\u00f3n preventiva.<\/p>\n<p style=\"text-align: justify;\"><strong>C\u00f3mo habr\u00eda ocurrido el hecho<\/strong><\/p>\n<p style=\"text-align: justify;\">Seg\u00fan el trabajo investigativo, durante la tarde del 02 de enero, la v\u00edctima se encontraba en el domicilio de un amigo en compa\u00f1\u00eda del hijo y uno de los hermanos del propietario de la vivienda. Posteriormente, el imputado, conocido por ser amigo del due\u00f1o de casa, ingres\u00f3 al domicilio por el patio posterior. En la madrugada del 03 de enero, se dirigi\u00f3 al dormitorio donde se encontraba el due\u00f1o de casa con su hermano y la v\u00edctima. Repentinamente, el presunto agresor habr\u00eda extra\u00eddo un arma de fuego, realizando tres disparos, uno de ellos afectando a la v\u00edctima de S.A.G.G.<\/p>\n<p style=\"text-align: justify;\"><strong>\u00a0<\/strong><\/p>\n<\/div><\/section><\/div><div  style='height:50px' class='hr hr-invisible   avia-builder-el-6  el_after_av_one_full  el_before_av_social_share '><span class='hr-inner ' ><span class='hr-inner-style'><\/span><\/span><\/div><\/p>\n<div  class='av-social-sharing-box  avia-builder-el-7  el_after_av_hr  el_before_av_hr  '><div class='av-share-box'><h5 class='av-share-link-description av-no-toc '>Compartir esta noticia<\/h5><ul class='av-share-box-list noLightbox'><li class='av-share-link av-social-link-facebook' ><a target=\"_blank\" aria-label=\"Compartir en Facebook\" href='https:\/\/www.facebook.com\/sharer.php?u=https:\/\/radiorevelacionfm.cl\/?p=39226&#038;t=Detienen%20a%20quien%20ser%C3%ADa%20el%20autor%20de%20disparo%20que%20mantiene%20hospitalizado%20a%20joven%20de%2017%20a%C3%B1os%20en%20Coyhaique' aria-hidden='false' data-av_icon='\ue8f3' data-av_iconfont='entypo-fontello' title='' data-avia-related-tooltip='Compartir en Facebook' rel=\"noopener\"><span class='avia_hidden_link_text'>Compartir en Facebook<\/span><\/a><\/li><li class='av-share-link av-social-link-twitter' ><a target=\"_blank\" aria-label=\"Compartir en Twitter\" href='https:\/\/twitter.com\/share?text=Detienen%20a%20quien%20ser%C3%ADa%20el%20autor%20de%20disparo%20que%20mantiene%20hospitalizado%20a%20joven%20de%2017%20a%C3%B1os%20en%20Coyhaique&#038;url=https:\/\/radiorevelacionfm.cl\/?p=39226' aria-hidden='false' data-av_icon='\ue8f1' data-av_iconfont='entypo-fontello' title='' data-avia-related-tooltip='Compartir en Twitter' rel=\"noopener\"><span class='avia_hidden_link_text'>Compartir en Twitter<\/span><\/a><\/li><li class='av-share-link av-social-link-whatsapp' ><a target=\"_blank\" aria-label=\"Compartir en Whatsapp\" href='https:\/\/api.whatsapp.com\/send?text=https:\/\/radiorevelacionfm.cl\/?p=39226' aria-hidden='false' data-av_icon='\uf232' data-av_iconfont='entypo-fontello' title='' data-avia-related-tooltip='Compartir en Whatsapp' rel=\"noopener\"><span class='avia_hidden_link_text'>Compartir en Whatsapp<\/span><\/a><\/li><li class='av-share-link av-social-link-linkedin' ><a target=\"_blank\" aria-label=\"Compartir en LinkedIn\" href='https:\/\/linkedin.com\/shareArticle?mini=true&#038;title=Detienen%20a%20quien%20ser%C3%ADa%20el%20autor%20de%20disparo%20que%20mantiene%20hospitalizado%20a%20joven%20de%2017%20a%C3%B1os%20en%20Coyhaique&#038;url=https:\/\/radiorevelacionfm.cl\/?p=39226' aria-hidden='false' data-av_icon='\ue8fc' data-av_iconfont='entypo-fontello' title='' data-avia-related-tooltip='Compartir en LinkedIn' rel=\"noopener\"><span class='avia_hidden_link_text'>Compartir en LinkedIn<\/span><\/a><\/li><li class='av-share-link av-social-link-mail' ><a  aria-label=\"Compartir por correo\" href='mailto:?subject=Detienen%20a%20quien%20ser%C3%ADa%20el%20autor%20de%20disparo%20que%20mantiene%20hospitalizado%20a%20joven%20de%2017%20a%C3%B1os%20en%20Coyhaique&#038;body=https:\/\/radiorevelacionfm.cl\/?p=39226' aria-hidden='false' data-av_icon='\ue805' data-av_iconfont='entypo-fontello' title='' data-avia-related-tooltip='Compartir por correo'><span class='avia_hidden_link_text'>Compartir por correo<\/span><\/a><\/li><\/ul><\/div><\/div>\n<div  style='height:50px' class='hr hr-invisible   avia-builder-el-8  el_after_av_social_share  el_before_av_comments_list '><span class='hr-inner ' ><span class='hr-inner-style'><\/span><\/span><\/div>\n<div  class='av-buildercomment  av-blog-meta-html-info-disabled av-blog-meta-tag-disabled  '><\/div>\n","protected":false},"excerpt":{"rendered":"","protected":false},"author":1,"featured_media":9301,"comment_status":"open","ping_status":"open","sticky":false,"template":"","format":"standard","meta":{"footnotes":""},"categories":[36],"tags":[],"class_list":["post-39226","post","type-post","status-publish","format-standard","has-post-thumbnail","hentry","category-policial"],"jetpack_featured_media_url":"https:\/\/radiorevelacionfm.cl\/wp-content\/uploads\/2021\/10\/PDI-GENERICA1-1-1.jpeg","_links":{"self":[{"href":"https:\/\/radiorevelacionfm.cl\/index.php?rest_route=\/wp\/v2\/posts\/39226","targetHints":{"allow":["GET"]}}],"collection":[{"href":"https:\/\/radiorevelacionfm.cl\/index.php?rest_route=\/wp\/v2\/posts"}],"about":[{"href":"https:\/\/radiorevelacionfm.cl\/index.php?rest_route=\/wp\/v2\/types\/post"}],"author":[{"embeddable":true,"href":"https:\/\/radiorevelacionfm.cl\/index.php?rest_route=\/wp\/v2\/users\/1"}],"replies":[{"embeddable":true,"href":"https:\/\/radiorevelacionfm.cl\/index.php?rest_route=%2Fwp%2Fv2%2Fcomments&post=39226"}],"version-history":[{"count":1,"href":"https:\/\/radiorevelacionfm.cl\/index.php?rest_route=\/wp\/v2\/posts\/39226\/revisions"}],"predecessor-version":[{"id":39227,"href":"https:\/\/radiorevelacionfm.cl\/index.php?rest_route=\/wp\/v2\/posts\/39226\/revisions\/39227"}],"wp:featuredmedia":[{"embeddable":true,"href":"https:\/\/radiorevelacionfm.cl\/index.php?rest_route=\/wp\/v2\/media\/9301"}],"wp:attachment":[{"href":"https:\/\/radiorevelacionfm.cl\/index.php?rest_route=%2Fwp%2Fv2%2Fmedia&parent=39226"}],"wp:term":[{"taxonomy":"category","embeddable":true,"href":"https:\/\/radiorevelacionfm.cl\/index.php?rest_route=%2Fwp%2Fv2%2Fcategories&post=39226"},{"taxonomy":"post_tag","embeddable":true,"href":"https:\/\/radiorevelacionfm.cl\/index.php?rest_route=%2Fwp%2Fv2%2Ftags&post=39226"}],"curies":[{"name":"wp","href":"https:\/\/api.w.org\/{rel}","templated":true}]}}