{"id":39220,"date":"2024-01-27T12:33:23","date_gmt":"2024-01-27T15:33:23","guid":{"rendered":"https:\/\/radiorevelacionfm.cl\/?p=39220"},"modified":"2024-01-27T12:33:23","modified_gmt":"2024-01-27T15:33:23","slug":"culturas-aysen-realiza-gira-por-el-sur-de-la-region-para-organizar-trabajo-territorial-2024","status":"publish","type":"post","link":"https:\/\/radiorevelacionfm.cl\/?p=39220","title":{"rendered":"Culturas Ays\u00e9n realiza gira por el sur de la regi\u00f3n para organizar trabajo territorial 2024"},"content":{"rendered":"<div class=\"flex_column av_one_full  flex_column_div av-zero-column-padding first  avia-builder-el-0  el_before_av_one_full  avia-builder-el-first  \" style='border-radius:0px; '><div  class='avia-image-container  av-styling-    avia-builder-el-1  avia-builder-el-no-sibling  avia-align-center '  itemprop=\"image\" itemscope=\"itemscope\" itemtype=\"https:\/\/schema.org\/ImageObject\"  ><div class='avia-image-container-inner'><div class='avia-image-overlay-wrap'><img decoding=\"async\" class='wp-image-39221 avia-img-lazy-loading-not-39221 avia_image' src=\"https:\/\/radiorevelacionfm.cl\/wp-content\/uploads\/2024\/01\/gira-sur-culturas-aysen4-1_optimized.jpeg\" alt='' title='gira-sur-culturas-aysen4-(1)_optimized' height=\"600\" width=\"983\"  itemprop=\"thumbnailUrl\" srcset=\"https:\/\/radiorevelacionfm.cl\/wp-content\/uploads\/2024\/01\/gira-sur-culturas-aysen4-1_optimized.jpeg 983w, https:\/\/radiorevelacionfm.cl\/wp-content\/uploads\/2024\/01\/gira-sur-culturas-aysen4-1_optimized-300x183.jpeg 300w, https:\/\/radiorevelacionfm.cl\/wp-content\/uploads\/2024\/01\/gira-sur-culturas-aysen4-1_optimized-768x469.jpeg 768w, https:\/\/radiorevelacionfm.cl\/wp-content\/uploads\/2024\/01\/gira-sur-culturas-aysen4-1_optimized-705x430.jpeg 705w, https:\/\/radiorevelacionfm.cl\/wp-content\/uploads\/2024\/01\/gira-sur-culturas-aysen4-1_optimized-450x275.jpeg 450w, https:\/\/radiorevelacionfm.cl\/wp-content\/uploads\/2024\/01\/gira-sur-culturas-aysen4-1_optimized-600x366.jpeg 600w\" sizes=\"(max-width: 983px) 100vw, 983px\" \/><\/div><\/div><\/div><\/div><div class=\"flex_column av_one_full  flex_column_div av-zero-column-padding first  avia-builder-el-2  el_after_av_one_full  el_before_av_one_full  column-top-margin\" style='border-radius:0px; '><section class=\"av_textblock_section \"  itemscope=\"itemscope\" itemtype=\"https:\/\/schema.org\/BlogPosting\" itemprop=\"blogPost\" ><div class='avia_textblock  '   itemprop=\"text\" ><p style=\"text-align: center;\"><strong><span style=\"font-size: 18pt;\">Culturas Ays\u00e9n realiza gira por el sur de la regi\u00f3n para organizar trabajo territorial 2024<\/span><\/strong><\/p>\n<div id=\"gtx-trans\" style=\"position: absolute; left: -50px; top: 4.31534px;\">\n<div class=\"gtx-trans-icon\"><\/div>\n<\/div>\n<\/div><\/section><\/div><div class=\"flex_column av_one_full  flex_column_div av-zero-column-padding first  avia-builder-el-4  el_after_av_one_full  el_before_av_hr  column-top-margin\" style='border-radius:0px; '><section class=\"av_textblock_section \"  itemscope=\"itemscope\" itemtype=\"https:\/\/schema.org\/BlogPosting\" itemprop=\"blogPost\" ><div class='avia_textblock  '   itemprop=\"text\" ><p style=\"text-align: justify;\">Con una gira por el sur de la Regi\u00f3n de Ays\u00e9n, el equipo de Ciudadan\u00eda Cultural de la Seremi de Culturas Ays\u00e9n, inici\u00f3 la coordinaci\u00f3n del trabajo territorial en terreno para este 2024.<\/p>\n<p style=\"text-align: justify;\">La encargada de Ciudadan\u00eda Cultural, Karla Achivare, y la del programa Puntos de Cultura Comunitaria en la regi\u00f3n, Camila Garrido, estuvieron en Tortel, Villa O`Higgins y Cochrane trabajando con las y los integrantes de las diferentes mesas art\u00edsticas y los equipos de la Red de Activaci\u00f3n Regional.<\/p>\n<p style=\"text-align: justify;\">El seremi de Culturas Ays\u00e9n, Felipe Quiroz, indic\u00f3 que \u201cestamos ordenando el trabajo territorial para este 2024 directamente en terreno, con nuestros usuarios y usuarias, como siempre lo hemos hecho. De este modo, recogemos las inquietudes del sector y las incorporamos en nuestro plan para desarrollar encuentros, alianzas, ferias, talleres y residencias\u201d.<\/p>\n<p style=\"text-align: justify;\">La gestora cultural Francisca Ram\u00edrez particip\u00f3 en las reuniones en Tortel y dijo que \u201cpara la instituci\u00f3n es siempre superdif\u00edcil llegar a lugares tan distantes como Tortel, as\u00ed que agradecemos el esfuerzo constante que se hace desde la Seremi de Culturas para estar presente en los territorios. Y sobre todo por comprender las particularidades de cada lugar y que cada uno tiene sus propios plazos, sus intereses y sus propias manifestaciones culturales. Ellos (la Seremi) han sido superh\u00e1biles y han estado superinteresados en adaptar los diferentes programas con que cuenta el ministerio. Pudimos revisar lo que se ha hecho en a\u00f1os anteriores, las Iniciativas Culturales Asociativas, la Feria delas Culturas; y tambi\u00e9n proyectar cu\u00e1les son los intereses para este a\u00f1o y hablamos de la necesidad de hacer un diagn\u00f3stico de intereses culturales para fomentar la convocatoria\u201d.<\/p>\n<p style=\"text-align: justify;\">La artesana textil e integrante de la Mesa Art\u00edstica de Villa O\u2019Higgins, Teresa Hern\u00e1ndez, estuvo en los encuentros casi al l\u00edmite sur de la regi\u00f3n: \u201cNosotras estamos tratando de cohesionarnos y avanzar como mesa para hacer de la cultura, como dijo Marcela Stormesan en la reuni\u00f3n, el alma siempre viva de Villa O\u2019Higgins. En ese proceso, nos sentimos apoyados por la Seremi de las Culturas y ha sido muy importante. El hecho de tener ac\u00e1 en el territorio el equipo de la Seremi es demasiado significativo. Nos interesa que nos reconozcan y nos sigan apoyando\u201d.<\/p>\n<p style=\"text-align: justify;\">El equipo de Ciudadan\u00eda Cultural de Culturas Ays\u00e9n particip\u00f3, adem\u00e1s, en las Jornadas del Programa Especial de Desarrollo de Zonas Extremas, Pedze, para recabar informaci\u00f3n y consignar la cultura en esa programaci\u00f3n.<\/p>\n<\/div><\/section><\/div><div  style='height:50px' class='hr hr-invisible   avia-builder-el-6  el_after_av_one_full  el_before_av_social_share '><span class='hr-inner ' ><span class='hr-inner-style'><\/span><\/span><\/div><\/p>\n<div  class='av-social-sharing-box  avia-builder-el-7  el_after_av_hr  el_before_av_hr  '><div class='av-share-box'><h5 class='av-share-link-description av-no-toc '>Compartir esta noticia<\/h5><ul class='av-share-box-list noLightbox'><li class='av-share-link av-social-link-facebook' ><a target=\"_blank\" aria-label=\"Compartir en Facebook\" href='https:\/\/www.facebook.com\/sharer.php?u=https:\/\/radiorevelacionfm.cl\/?p=39220&#038;t=Culturas%20Ays%C3%A9n%20realiza%20gira%20por%20el%20sur%20de%20la%20regi%C3%B3n%20para%20organizar%20trabajo%20territorial%202024' aria-hidden='false' data-av_icon='\ue8f3' data-av_iconfont='entypo-fontello' title='' data-avia-related-tooltip='Compartir en Facebook' rel=\"noopener\"><span class='avia_hidden_link_text'>Compartir en Facebook<\/span><\/a><\/li><li class='av-share-link av-social-link-twitter' ><a target=\"_blank\" aria-label=\"Compartir en Twitter\" href='https:\/\/twitter.com\/share?text=Culturas%20Ays%C3%A9n%20realiza%20gira%20por%20el%20sur%20de%20la%20regi%C3%B3n%20para%20organizar%20trabajo%20territorial%202024&#038;url=https:\/\/radiorevelacionfm.cl\/?p=39220' aria-hidden='false' data-av_icon='\ue8f1' data-av_iconfont='entypo-fontello' title='' data-avia-related-tooltip='Compartir en Twitter' rel=\"noopener\"><span class='avia_hidden_link_text'>Compartir en Twitter<\/span><\/a><\/li><li class='av-share-link av-social-link-whatsapp' ><a target=\"_blank\" aria-label=\"Compartir en Whatsapp\" href='https:\/\/api.whatsapp.com\/send?text=https:\/\/radiorevelacionfm.cl\/?p=39220' aria-hidden='false' data-av_icon='\uf232' data-av_iconfont='entypo-fontello' title='' data-avia-related-tooltip='Compartir en Whatsapp' rel=\"noopener\"><span class='avia_hidden_link_text'>Compartir en Whatsapp<\/span><\/a><\/li><li class='av-share-link av-social-link-linkedin' ><a target=\"_blank\" aria-label=\"Compartir en LinkedIn\" href='https:\/\/linkedin.com\/shareArticle?mini=true&#038;title=Culturas%20Ays%C3%A9n%20realiza%20gira%20por%20el%20sur%20de%20la%20regi%C3%B3n%20para%20organizar%20trabajo%20territorial%202024&#038;url=https:\/\/radiorevelacionfm.cl\/?p=39220' aria-hidden='false' data-av_icon='\ue8fc' data-av_iconfont='entypo-fontello' title='' data-avia-related-tooltip='Compartir en LinkedIn' rel=\"noopener\"><span class='avia_hidden_link_text'>Compartir en LinkedIn<\/span><\/a><\/li><li class='av-share-link av-social-link-mail' ><a  aria-label=\"Compartir por correo\" href='mailto:?subject=Culturas%20Ays%C3%A9n%20realiza%20gira%20por%20el%20sur%20de%20la%20regi%C3%B3n%20para%20organizar%20trabajo%20territorial%202024&#038;body=https:\/\/radiorevelacionfm.cl\/?p=39220' aria-hidden='false' data-av_icon='\ue805' data-av_iconfont='entypo-fontello' title='' data-avia-related-tooltip='Compartir por correo'><span class='avia_hidden_link_text'>Compartir por correo<\/span><\/a><\/li><\/ul><\/div><\/div>\n<div  style='height:50px' class='hr hr-invisible   avia-builder-el-8  el_after_av_social_share  el_before_av_comments_list '><span class='hr-inner ' ><span class='hr-inner-style'><\/span><\/span><\/div>\n<div  class='av-buildercomment  av-blog-meta-html-info-disabled av-blog-meta-tag-disabled  '><\/div>\n","protected":false},"excerpt":{"rendered":"","protected":false},"author":1,"featured_media":39221,"comment_status":"open","ping_status":"open","sticky":false,"template":"","format":"standard","meta":{"footnotes":""},"categories":[52],"tags":[],"class_list":["post-39220","post","type-post","status-publish","format-standard","has-post-thumbnail","hentry","category-cultura"],"jetpack_featured_media_url":"https:\/\/radiorevelacionfm.cl\/wp-content\/uploads\/2024\/01\/gira-sur-culturas-aysen4-1_optimized.jpeg","_links":{"self":[{"href":"https:\/\/radiorevelacionfm.cl\/index.php?rest_route=\/wp\/v2\/posts\/39220","targetHints":{"allow":["GET"]}}],"collection":[{"href":"https:\/\/radiorevelacionfm.cl\/index.php?rest_route=\/wp\/v2\/posts"}],"about":[{"href":"https:\/\/radiorevelacionfm.cl\/index.php?rest_route=\/wp\/v2\/types\/post"}],"author":[{"embeddable":true,"href":"https:\/\/radiorevelacionfm.cl\/index.php?rest_route=\/wp\/v2\/users\/1"}],"replies":[{"embeddable":true,"href":"https:\/\/radiorevelacionfm.cl\/index.php?rest_route=%2Fwp%2Fv2%2Fcomments&post=39220"}],"version-history":[{"count":1,"href":"https:\/\/radiorevelacionfm.cl\/index.php?rest_route=\/wp\/v2\/posts\/39220\/revisions"}],"predecessor-version":[{"id":39222,"href":"https:\/\/radiorevelacionfm.cl\/index.php?rest_route=\/wp\/v2\/posts\/39220\/revisions\/39222"}],"wp:featuredmedia":[{"embeddable":true,"href":"https:\/\/radiorevelacionfm.cl\/index.php?rest_route=\/wp\/v2\/media\/39221"}],"wp:attachment":[{"href":"https:\/\/radiorevelacionfm.cl\/index.php?rest_route=%2Fwp%2Fv2%2Fmedia&parent=39220"}],"wp:term":[{"taxonomy":"category","embeddable":true,"href":"https:\/\/radiorevelacionfm.cl\/index.php?rest_route=%2Fwp%2Fv2%2Fcategories&post=39220"},{"taxonomy":"post_tag","embeddable":true,"href":"https:\/\/radiorevelacionfm.cl\/index.php?rest_route=%2Fwp%2Fv2%2Ftags&post=39220"}],"curies":[{"name":"wp","href":"https:\/\/api.w.org\/{rel}","templated":true}]}}