{"id":3921,"date":"2021-05-08T15:57:12","date_gmt":"2021-05-08T18:57:12","guid":{"rendered":"https:\/\/radiorevelacionfm.cl\/?p=3921"},"modified":"2021-05-08T15:57:12","modified_gmt":"2021-05-08T18:57:12","slug":"vecinos-valoran-presencia-territorial-de-la-red-de-proteccion-social","status":"publish","type":"post","link":"https:\/\/radiorevelacionfm.cl\/?p=3921","title":{"rendered":"Vecinos valoran presencia territorial de la Red de Protecci\u00f3n Social"},"content":{"rendered":"<div class=\"flex_column av_one_full  flex_column_div av-zero-column-padding first  avia-builder-el-0  el_before_av_one_full  avia-builder-el-first  \" style='border-radius:0px; '><div  class='avia-image-container  av-styling-    avia-builder-el-1  avia-builder-el-no-sibling  avia-align-center '  itemprop=\"image\" itemscope=\"itemscope\" itemtype=\"https:\/\/schema.org\/ImageObject\"  ><div class='avia-image-container-inner'><div class='avia-image-overlay-wrap'><img decoding=\"async\" class='wp-image-0 avia-img-lazy-loading-not-0 avia_image' src=\"https:\/\/radiorevelacionfm.cl\/wp-content\/uploads\/2021\/05\/IMG-20210507-WA0036-1.jpg\" alt='' title=''   itemprop=\"thumbnailUrl\"  \/><\/div><\/div><\/div><\/div><div class=\"flex_column av_one_full  flex_column_div av-zero-column-padding first  avia-builder-el-2  el_after_av_one_full  el_before_av_one_full  column-top-margin\" style='border-radius:0px; '><section class=\"av_textblock_section \"  itemscope=\"itemscope\" itemtype=\"https:\/\/schema.org\/BlogPosting\" itemprop=\"blogPost\" ><div class='avia_textblock  '   itemprop=\"text\" ><p style=\"text-align: center;\"><strong><span style=\"font-size: 18pt;\">Vecinos valoran presencia territorial de la Red de Protecci\u00f3n Social<\/span><\/strong><\/p>\n<div id=\"gtx-trans\" style=\"position: absolute; left: -50px; top: 4.31534px;\">\n<div class=\"gtx-trans-icon\"><\/div>\n<\/div>\n<\/div><\/section><\/div><div class=\"flex_column av_one_full  flex_column_div av-zero-column-padding first  avia-builder-el-4  el_after_av_one_full  el_before_av_hr  column-top-margin\" style='border-radius:0px; '><section class=\"av_textblock_section \"  itemscope=\"itemscope\" itemtype=\"https:\/\/schema.org\/BlogPosting\" itemprop=\"blogPost\" ><div class='avia_textblock  '   itemprop=\"text\" ><p style=\"text-align: justify;\">En las sedes de las juntas de vecinos del sector Pedro Aguirre Cerda y en Puerto Chacabuco se realiz\u00f3 el despliegue de la Gobernaci\u00f3n de Ays\u00e9n para explicar y profundizar en todas sus l\u00edneas la Red de Protecci\u00f3n Social impulsada por el Gobierno desde el inicio de esta pandemia.<\/p>\n<p style=\"text-align: justify;\">Manuel Ortiz Gobernador Provincial quien estuviera difundiendo los beneficios de la Red de Protecci\u00f3n Social junto al Seremi de Desarrollo Social Marcelo J\u00e9lvez destacaba el apoyo del Gobierno de Chile en esta pandemia \u201clo m\u00e1s importante de esto es que no es un tema aislado porque desde el momento que somos azotados por esta pandemia nace desde el Gobierno este paquete de medidas dentro de la Red de Protecci\u00f3n Social tan importante que se traduce en el IFE, en el FOGAPE, en el Bono a la Clase Media y otra cosa sumamente importante lo que ha dicho el Presidente, que aquellas personas que no le quedaron recursos en sus cuentas despu\u00e9s de los retiros del 10% el Gobierno le entregar\u00e1 un bono de 200 mil pesos\u201d indicaba la autoridad provincial.<\/p>\n<p style=\"text-align: justify;\">Marcelo J\u00e9lvez Seremi de Desarrollo Social destacaba el despliegue que est\u00e1 realizando la Gobernaci\u00f3n de Ays\u00e9n para ayudar a vecinos y vecinas a postular a los distintos beneficios de la Red de Protecci\u00f3n Social \u201choy estamos reforzando esta Red de Protecci\u00f3n Social que est\u00e1 ayudando a personas en tiempos de pandemia que m\u00e1s lo necesitan, la Gobernaci\u00f3n de Ays\u00e9n ha hecho un tremendo trabajo de despliegue en terreno no solo en los sectores m\u00e1s cercanos a Puerto Ays\u00e9n sino que se ha desplegado por toda la provincia con distintas postulaciones\u201d.<\/p>\n<p style=\"text-align: justify;\">Jos\u00e9 Gueicha vecino del sector Pedro Aguirre Cerda agradec\u00eda este Gobierno en Terreno realizado en su junta de vecinos \u201ces muy bueno que salgan a terreno porque a uno le queda m\u00e1s cerca de su domicilio y uno viene a hacer los tr\u00e1mites que uno no alcanza a realizar en distintas instituciones, vine a actualizar mi c\u00e9dula de identidad y a informarme de los distintos beneficios\u201d.<\/p>\n<p style=\"text-align: justify;\">Mencionar finalmente y destacar la colaboraci\u00f3n del Registro Civil a trav\u00e9s de su Director Regional Rodrigo Aguilera y funcionarios que realizaron obtenci\u00f3n y renovaci\u00f3n de c\u00e9dulas de identidad y claves \u00fanicas.<\/p>\n<\/div><\/section><\/div><div  style='height:50px' class='hr hr-invisible   avia-builder-el-6  el_after_av_one_full  el_before_av_social_share '><span class='hr-inner ' ><span class='hr-inner-style'><\/span><\/span><\/div><\/p>\n<div  class='av-social-sharing-box  avia-builder-el-7  el_after_av_hr  el_before_av_hr  '><div class='av-share-box'><h5 class='av-share-link-description av-no-toc '>Compartir esta noticia<\/h5><ul class='av-share-box-list noLightbox'><li class='av-share-link av-social-link-facebook' ><a target=\"_blank\" aria-label=\"Compartir en Facebook\" href='https:\/\/www.facebook.com\/sharer.php?u=https:\/\/radiorevelacionfm.cl\/?p=3921&#038;t=Vecinos%20valoran%20presencia%20territorial%20de%20la%20Red%20de%20Protecci%C3%B3n%20Social' aria-hidden='false' data-av_icon='\ue8f3' data-av_iconfont='entypo-fontello' title='' data-avia-related-tooltip='Compartir en Facebook' rel=\"noopener\"><span class='avia_hidden_link_text'>Compartir en Facebook<\/span><\/a><\/li><li class='av-share-link av-social-link-twitter' ><a target=\"_blank\" aria-label=\"Compartir en Twitter\" href='https:\/\/twitter.com\/share?text=Vecinos%20valoran%20presencia%20territorial%20de%20la%20Red%20de%20Protecci%C3%B3n%20Social&#038;url=https:\/\/radiorevelacionfm.cl\/?p=3921' aria-hidden='false' data-av_icon='\ue8f1' data-av_iconfont='entypo-fontello' title='' data-avia-related-tooltip='Compartir en Twitter' rel=\"noopener\"><span class='avia_hidden_link_text'>Compartir en Twitter<\/span><\/a><\/li><li class='av-share-link av-social-link-whatsapp' ><a target=\"_blank\" aria-label=\"Compartir en Whatsapp\" href='https:\/\/api.whatsapp.com\/send?text=https:\/\/radiorevelacionfm.cl\/?p=3921' aria-hidden='false' data-av_icon='\uf232' data-av_iconfont='entypo-fontello' title='' data-avia-related-tooltip='Compartir en Whatsapp' rel=\"noopener\"><span class='avia_hidden_link_text'>Compartir en Whatsapp<\/span><\/a><\/li><li class='av-share-link av-social-link-linkedin' ><a target=\"_blank\" aria-label=\"Compartir en LinkedIn\" href='https:\/\/linkedin.com\/shareArticle?mini=true&#038;title=Vecinos%20valoran%20presencia%20territorial%20de%20la%20Red%20de%20Protecci%C3%B3n%20Social&#038;url=https:\/\/radiorevelacionfm.cl\/?p=3921' aria-hidden='false' data-av_icon='\ue8fc' data-av_iconfont='entypo-fontello' title='' data-avia-related-tooltip='Compartir en LinkedIn' rel=\"noopener\"><span class='avia_hidden_link_text'>Compartir en LinkedIn<\/span><\/a><\/li><li class='av-share-link av-social-link-mail' ><a  aria-label=\"Compartir por correo\" href='mailto:?subject=Vecinos%20valoran%20presencia%20territorial%20de%20la%20Red%20de%20Protecci%C3%B3n%20Social&#038;body=https:\/\/radiorevelacionfm.cl\/?p=3921' aria-hidden='false' data-av_icon='\ue805' data-av_iconfont='entypo-fontello' title='' data-avia-related-tooltip='Compartir por correo'><span class='avia_hidden_link_text'>Compartir por correo<\/span><\/a><\/li><\/ul><\/div><\/div>\n<div  style='height:50px' class='hr hr-invisible   avia-builder-el-8  el_after_av_social_share  el_before_av_comments_list '><span class='hr-inner ' ><span class='hr-inner-style'><\/span><\/span><\/div>\n<div  class='av-buildercomment  av-blog-meta-html-info-disabled av-blog-meta-tag-disabled  '><\/div>\n","protected":false},"excerpt":{"rendered":"","protected":false},"author":1,"featured_media":0,"comment_status":"open","ping_status":"open","sticky":false,"template":"","format":"standard","meta":{"footnotes":""},"categories":[38],"tags":[],"class_list":["post-3921","post","type-post","status-publish","format-standard","hentry","category-regional"],"jetpack_featured_media_url":"","_links":{"self":[{"href":"https:\/\/radiorevelacionfm.cl\/index.php?rest_route=\/wp\/v2\/posts\/3921","targetHints":{"allow":["GET"]}}],"collection":[{"href":"https:\/\/radiorevelacionfm.cl\/index.php?rest_route=\/wp\/v2\/posts"}],"about":[{"href":"https:\/\/radiorevelacionfm.cl\/index.php?rest_route=\/wp\/v2\/types\/post"}],"author":[{"embeddable":true,"href":"https:\/\/radiorevelacionfm.cl\/index.php?rest_route=\/wp\/v2\/users\/1"}],"replies":[{"embeddable":true,"href":"https:\/\/radiorevelacionfm.cl\/index.php?rest_route=%2Fwp%2Fv2%2Fcomments&post=3921"}],"version-history":[{"count":1,"href":"https:\/\/radiorevelacionfm.cl\/index.php?rest_route=\/wp\/v2\/posts\/3921\/revisions"}],"predecessor-version":[{"id":3923,"href":"https:\/\/radiorevelacionfm.cl\/index.php?rest_route=\/wp\/v2\/posts\/3921\/revisions\/3923"}],"wp:attachment":[{"href":"https:\/\/radiorevelacionfm.cl\/index.php?rest_route=%2Fwp%2Fv2%2Fmedia&parent=3921"}],"wp:term":[{"taxonomy":"category","embeddable":true,"href":"https:\/\/radiorevelacionfm.cl\/index.php?rest_route=%2Fwp%2Fv2%2Fcategories&post=3921"},{"taxonomy":"post_tag","embeddable":true,"href":"https:\/\/radiorevelacionfm.cl\/index.php?rest_route=%2Fwp%2Fv2%2Ftags&post=3921"}],"curies":[{"name":"wp","href":"https:\/\/api.w.org\/{rel}","templated":true}]}}