{"id":39205,"date":"2024-01-26T10:53:46","date_gmt":"2024-01-26T13:53:46","guid":{"rendered":"https:\/\/radiorevelacionfm.cl\/?p=39205"},"modified":"2024-01-26T10:53:46","modified_gmt":"2024-01-26T13:53:46","slug":"mientras-no-se-logren-avances-en-pavimentar-la-ruta-7-consejeros-escobar-y-rodriguez-plantean-el-sello-asfaltico-como-solucion-para-enfrentar-problemas-de-conectividad-terrestre-regional","status":"publish","type":"post","link":"https:\/\/radiorevelacionfm.cl\/?p=39205","title":{"rendered":"Mientras no se logren avances en pavimentar la ruta 7: Consejeros Escobar y Rodr\u00edguez plantean el sello asf\u00e1ltico como soluci\u00f3n para enfrentar problemas de conectividad terrestre regional"},"content":{"rendered":"<div class=\"flex_column av_one_full  flex_column_div av-zero-column-padding first  avia-builder-el-0  el_before_av_one_full  avia-builder-el-first  \" style='border-radius:0px; '><div  class='avia-image-container  av-styling-    avia-builder-el-1  avia-builder-el-no-sibling  avia-align-center '  itemprop=\"image\" itemscope=\"itemscope\" itemtype=\"https:\/\/schema.org\/ImageObject\"  ><div class='avia-image-container-inner'><div class='avia-image-overlay-wrap'><img decoding=\"async\" class='wp-image-39206 avia-img-lazy-loading-not-39206 avia_image' src=\"https:\/\/radiorevelacionfm.cl\/wp-content\/uploads\/2024\/01\/IMG-20240119-WA0025-1-1.jpg\" alt='' title='IMG-20240119-WA0025 (1) (1)' height=\"600\" width=\"839\"  itemprop=\"thumbnailUrl\" srcset=\"https:\/\/radiorevelacionfm.cl\/wp-content\/uploads\/2024\/01\/IMG-20240119-WA0025-1-1.jpg 839w, https:\/\/radiorevelacionfm.cl\/wp-content\/uploads\/2024\/01\/IMG-20240119-WA0025-1-1-300x215.jpg 300w, https:\/\/radiorevelacionfm.cl\/wp-content\/uploads\/2024\/01\/IMG-20240119-WA0025-1-1-768x549.jpg 768w, https:\/\/radiorevelacionfm.cl\/wp-content\/uploads\/2024\/01\/IMG-20240119-WA0025-1-1-260x185.jpg 260w, https:\/\/radiorevelacionfm.cl\/wp-content\/uploads\/2024\/01\/IMG-20240119-WA0025-1-1-705x504.jpg 705w, https:\/\/radiorevelacionfm.cl\/wp-content\/uploads\/2024\/01\/IMG-20240119-WA0025-1-1-450x322.jpg 450w, https:\/\/radiorevelacionfm.cl\/wp-content\/uploads\/2024\/01\/IMG-20240119-WA0025-1-1-600x429.jpg 600w\" sizes=\"(max-width: 839px) 100vw, 839px\" \/><\/div><\/div><\/div><\/div><div class=\"flex_column av_one_full  flex_column_div av-zero-column-padding first  avia-builder-el-2  el_after_av_one_full  el_before_av_one_full  column-top-margin\" style='border-radius:0px; '><section class=\"av_textblock_section \"  itemscope=\"itemscope\" itemtype=\"https:\/\/schema.org\/BlogPosting\" itemprop=\"blogPost\" ><div class='avia_textblock  '   itemprop=\"text\" ><p style=\"text-align: center;\"><span style=\"font-size: 18pt;\"><strong>Mientras no se logren avances en pavimentar la ruta 7: <\/strong><strong>Consejeros Escobar y Rodr\u00edguez plantean el sello asf\u00e1ltico como soluci\u00f3n para enfrentar problemas de conectividad terrestre regional<\/strong><\/span><\/p>\n<div id=\"gtx-trans\" style=\"position: absolute; left: -50px; top: 4.31534px;\">\n<div class=\"gtx-trans-icon\"><\/div>\n<\/div>\n<\/div><\/section><\/div><div class=\"flex_column av_one_full  flex_column_div av-zero-column-padding first  avia-builder-el-4  el_after_av_one_full  el_before_av_hr  column-top-margin\" style='border-radius:0px; '><section class=\"av_textblock_section \"  itemscope=\"itemscope\" itemtype=\"https:\/\/schema.org\/BlogPosting\" itemprop=\"blogPost\" ><div class='avia_textblock  '   itemprop=\"text\" ><p style=\"text-align: justify;\">Los consejeros regionales Paola Rodr\u00edguez y V\u00edctor Escobar, plantearon en los \u00faltimos que el sello asf\u00e1ltico podr\u00eda ser una soluci\u00f3n para enfrentar los problemas de conectividad terrestre que enfrenta la regi\u00f3n de Ays\u00e9n, mientras no se avance en la pavimentaci\u00f3n de los tramos faltantes de la ruta 7, tanto en su tramo norte y sur.<\/p>\n<p style=\"text-align: justify;\">Ambos Cores coinciden que dicha iniciativa tambi\u00e9n podr\u00eda servir para la propia ruta 265 CH, se\u00f1alando que los trabajos deben ser desarrollados con el esfuerzo p\u00fablico &#8211; privado, liderado por el ministerio de Obras P\u00fablicas (MOP). \u201cCapacitar a las empresas y generar dinamismo econ\u00f3mico debe ser el nuevo desaf\u00edo y estrategia para dar una soluci\u00f3n parcial, pero efectiva, en las rutas de la regi\u00f3n\u201d.<\/p>\n<p style=\"text-align: justify;\">En ese sentido, los representantes de las provincias de Ays\u00e9n y Capit\u00e1n Prat coinciden en que se deben realizar las gestiones para conseguir m\u00e1s recursos y as\u00ed se invierta en caminos con sello asf\u00e1ltico, como una manera de no seguir esperando que cada administraci\u00f3n trate de avanzar con kil\u00f3metros de pavimentaci\u00f3n, pues \u201cclaramente no ser\u00e1n m\u00e1s que una promesa de campa\u00f1a\u201d.<\/p>\n<p style=\"text-align: justify;\">En particular, la consejera Rodr\u00edguez subray\u00f3 que es muy importante invertir recursos en esta soluci\u00f3n para \u201cavanzar en mejorar las rutas mencionadas, continuidad de caminos secundarios\u201d, entre otros, lo cual permitir\u00eda \u201cdejar de gastar miles de millones de pesos en reperfilado y mantenci\u00f3n de caminos\u201d.<\/p>\n<p style=\"text-align: justify;\">Adem\u00e1s, se\u00f1al\u00f3 que la maquinaria de las direcciones provinciales de Vialidad no dan total cobertura \u201cy cada d\u00eda se visualiza mayor cantidad de polvo, calaminas y un camino donde solo se observan las piedras\u201d.<\/p>\n<p style=\"text-align: justify;\">En el\u00a0 mismo sentido, el consejero Escobar recalc\u00f3 que si bien la soluci\u00f3n definitiva es la pavimentaci\u00f3n de las rutas, nada asegura que quienes viven en la zona sur de la regi\u00f3n de Ays\u00e9n \u201cAys\u00e9n se conformen con 17 km de pavimentaci\u00f3n al a\u00f1o\u201d.<\/p>\n<p style=\"text-align: justify;\">Por lo mismo es que se hace necesario avanzar en esta soluci\u00f3n parcial, como es el sello asf\u00e1ltico. \u201cHa dado gran satisfacci\u00f3n a la comunidad y al mismo ministerio, al incorporar en la inversi\u00f3n soluciones a trav\u00e9s de caminos intervenidos con el denominado sello asfaltico, lo cual ya est\u00e1 siendo utilizado en algunos tramos de la ruta 265 y ruta 7, espec\u00edficamente en la comuna de Cochrane, donde el avance diario es muy considerable, permitiendo una soluci\u00f3n que elimina el polvo y mejora eficientemente los caminos en malas condiciones\u201d, puntualiz\u00f3.<\/p>\n<p style=\"text-align: justify;\">Finalmente, los consejeros reiteraron que se deben buscar alternativas acordes a las necesidades de vecinos y as\u00ed dar cierto alivio a quienes transitan por la Carretera Austral, entre otras rutas.<\/p>\n<\/div><\/section><\/div><div  style='height:50px' class='hr hr-invisible   avia-builder-el-6  el_after_av_one_full  el_before_av_social_share '><span class='hr-inner ' ><span class='hr-inner-style'><\/span><\/span><\/div><\/p>\n<div  class='av-social-sharing-box  avia-builder-el-7  el_after_av_hr  el_before_av_hr  '><div class='av-share-box'><h5 class='av-share-link-description av-no-toc '>Compartir esta noticia<\/h5><ul class='av-share-box-list noLightbox'><li class='av-share-link av-social-link-facebook' ><a target=\"_blank\" aria-label=\"Compartir en Facebook\" href='https:\/\/www.facebook.com\/sharer.php?u=https:\/\/radiorevelacionfm.cl\/?p=39205&#038;t=Mientras%20no%20se%20logren%20avances%20en%20pavimentar%20la%20ruta%207%3A%20Consejeros%20Escobar%20y%20Rodr%C3%ADguez%20plantean%20el%20sello%20asf%C3%A1ltico%20como%20soluci%C3%B3n%20para%20enfrentar%20problemas%20de%20conectividad%20terrestre%20regional' aria-hidden='false' data-av_icon='\ue8f3' data-av_iconfont='entypo-fontello' title='' data-avia-related-tooltip='Compartir en Facebook' rel=\"noopener\"><span class='avia_hidden_link_text'>Compartir en Facebook<\/span><\/a><\/li><li class='av-share-link av-social-link-twitter' ><a target=\"_blank\" aria-label=\"Compartir en Twitter\" href='https:\/\/twitter.com\/share?text=Mientras%20no%20se%20logren%20avances%20en%20pavimentar%20la%20ruta%207%3A%20Consejeros%20Escobar%20y%20Rodr%C3%ADguez%20plantean%20el%20sello%20asf%C3%A1ltico%20como%20soluci%C3%B3n%20para%20enfrentar%20problemas%20de%20conectividad%20terrestre%20regional&#038;url=https:\/\/radiorevelacionfm.cl\/?p=39205' aria-hidden='false' data-av_icon='\ue8f1' data-av_iconfont='entypo-fontello' title='' data-avia-related-tooltip='Compartir en Twitter' rel=\"noopener\"><span class='avia_hidden_link_text'>Compartir en Twitter<\/span><\/a><\/li><li class='av-share-link av-social-link-whatsapp' ><a target=\"_blank\" aria-label=\"Compartir en Whatsapp\" href='https:\/\/api.whatsapp.com\/send?text=https:\/\/radiorevelacionfm.cl\/?p=39205' aria-hidden='false' data-av_icon='\uf232' data-av_iconfont='entypo-fontello' title='' data-avia-related-tooltip='Compartir en Whatsapp' rel=\"noopener\"><span class='avia_hidden_link_text'>Compartir en Whatsapp<\/span><\/a><\/li><li class='av-share-link av-social-link-linkedin' ><a target=\"_blank\" aria-label=\"Compartir en LinkedIn\" href='https:\/\/linkedin.com\/shareArticle?mini=true&#038;title=Mientras%20no%20se%20logren%20avances%20en%20pavimentar%20la%20ruta%207%3A%20Consejeros%20Escobar%20y%20Rodr%C3%ADguez%20plantean%20el%20sello%20asf%C3%A1ltico%20como%20soluci%C3%B3n%20para%20enfrentar%20problemas%20de%20conectividad%20terrestre%20regional&#038;url=https:\/\/radiorevelacionfm.cl\/?p=39205' aria-hidden='false' data-av_icon='\ue8fc' data-av_iconfont='entypo-fontello' title='' data-avia-related-tooltip='Compartir en LinkedIn' rel=\"noopener\"><span class='avia_hidden_link_text'>Compartir en LinkedIn<\/span><\/a><\/li><li class='av-share-link av-social-link-mail' ><a  aria-label=\"Compartir por correo\" href='mailto:?subject=Mientras%20no%20se%20logren%20avances%20en%20pavimentar%20la%20ruta%207%3A%20Consejeros%20Escobar%20y%20Rodr%C3%ADguez%20plantean%20el%20sello%20asf%C3%A1ltico%20como%20soluci%C3%B3n%20para%20enfrentar%20problemas%20de%20conectividad%20terrestre%20regional&#038;body=https:\/\/radiorevelacionfm.cl\/?p=39205' aria-hidden='false' data-av_icon='\ue805' data-av_iconfont='entypo-fontello' title='' data-avia-related-tooltip='Compartir por correo'><span class='avia_hidden_link_text'>Compartir por correo<\/span><\/a><\/li><\/ul><\/div><\/div>\n<div  style='height:50px' class='hr hr-invisible   avia-builder-el-8  el_after_av_social_share  el_before_av_comments_list '><span class='hr-inner ' ><span class='hr-inner-style'><\/span><\/span><\/div>\n<div  class='av-buildercomment  av-blog-meta-html-info-disabled av-blog-meta-tag-disabled  '><\/div>\n","protected":false},"excerpt":{"rendered":"","protected":false},"author":1,"featured_media":39206,"comment_status":"open","ping_status":"open","sticky":false,"template":"","format":"standard","meta":{"footnotes":""},"categories":[38],"tags":[],"class_list":["post-39205","post","type-post","status-publish","format-standard","has-post-thumbnail","hentry","category-regional"],"jetpack_featured_media_url":"https:\/\/radiorevelacionfm.cl\/wp-content\/uploads\/2024\/01\/IMG-20240119-WA0025-1-1.jpg","_links":{"self":[{"href":"https:\/\/radiorevelacionfm.cl\/index.php?rest_route=\/wp\/v2\/posts\/39205","targetHints":{"allow":["GET"]}}],"collection":[{"href":"https:\/\/radiorevelacionfm.cl\/index.php?rest_route=\/wp\/v2\/posts"}],"about":[{"href":"https:\/\/radiorevelacionfm.cl\/index.php?rest_route=\/wp\/v2\/types\/post"}],"author":[{"embeddable":true,"href":"https:\/\/radiorevelacionfm.cl\/index.php?rest_route=\/wp\/v2\/users\/1"}],"replies":[{"embeddable":true,"href":"https:\/\/radiorevelacionfm.cl\/index.php?rest_route=%2Fwp%2Fv2%2Fcomments&post=39205"}],"version-history":[{"count":1,"href":"https:\/\/radiorevelacionfm.cl\/index.php?rest_route=\/wp\/v2\/posts\/39205\/revisions"}],"predecessor-version":[{"id":39207,"href":"https:\/\/radiorevelacionfm.cl\/index.php?rest_route=\/wp\/v2\/posts\/39205\/revisions\/39207"}],"wp:featuredmedia":[{"embeddable":true,"href":"https:\/\/radiorevelacionfm.cl\/index.php?rest_route=\/wp\/v2\/media\/39206"}],"wp:attachment":[{"href":"https:\/\/radiorevelacionfm.cl\/index.php?rest_route=%2Fwp%2Fv2%2Fmedia&parent=39205"}],"wp:term":[{"taxonomy":"category","embeddable":true,"href":"https:\/\/radiorevelacionfm.cl\/index.php?rest_route=%2Fwp%2Fv2%2Fcategories&post=39205"},{"taxonomy":"post_tag","embeddable":true,"href":"https:\/\/radiorevelacionfm.cl\/index.php?rest_route=%2Fwp%2Fv2%2Ftags&post=39205"}],"curies":[{"name":"wp","href":"https:\/\/api.w.org\/{rel}","templated":true}]}}