{"id":39202,"date":"2024-01-26T09:55:03","date_gmt":"2024-01-26T12:55:03","guid":{"rendered":"https:\/\/radiorevelacionfm.cl\/?p=39202"},"modified":"2024-01-26T09:55:03","modified_gmt":"2024-01-26T12:55:03","slug":"pavimentacion-de-camino-antiguo-de-acceso-a-puerto-cisnes-es-abierto-para-el-transito-vehicular","status":"publish","type":"post","link":"https:\/\/radiorevelacionfm.cl\/?p=39202","title":{"rendered":"Pavimentaci\u00f3n de camino antiguo de acceso a Puerto Cisnes es abierto para el tr\u00e1nsito vehicular"},"content":{"rendered":"<div class=\"flex_column av_one_full  flex_column_div av-zero-column-padding first  avia-builder-el-0  el_before_av_one_full  avia-builder-el-first  \" style='border-radius:0px; '><div  class='avia-image-container  av-styling-    avia-builder-el-1  avia-builder-el-no-sibling  avia-align-center '  itemprop=\"image\" itemscope=\"itemscope\" itemtype=\"https:\/\/schema.org\/ImageObject\"  ><div class='avia-image-container-inner'><div class='avia-image-overlay-wrap'><img decoding=\"async\" class='wp-image-39203 avia-img-lazy-loading-not-39203 avia_image' src=\"https:\/\/radiorevelacionfm.cl\/wp-content\/uploads\/2024\/01\/img_7412-1_optimized.jpg\" alt='' title='img_7412-(1)_optimized' height=\"600\" width=\"900\"  itemprop=\"thumbnailUrl\" srcset=\"https:\/\/radiorevelacionfm.cl\/wp-content\/uploads\/2024\/01\/img_7412-1_optimized.jpg 900w, https:\/\/radiorevelacionfm.cl\/wp-content\/uploads\/2024\/01\/img_7412-1_optimized-300x200.jpg 300w, https:\/\/radiorevelacionfm.cl\/wp-content\/uploads\/2024\/01\/img_7412-1_optimized-768x512.jpg 768w, https:\/\/radiorevelacionfm.cl\/wp-content\/uploads\/2024\/01\/img_7412-1_optimized-705x470.jpg 705w, https:\/\/radiorevelacionfm.cl\/wp-content\/uploads\/2024\/01\/img_7412-1_optimized-450x300.jpg 450w, https:\/\/radiorevelacionfm.cl\/wp-content\/uploads\/2024\/01\/img_7412-1_optimized-600x400.jpg 600w\" sizes=\"(max-width: 900px) 100vw, 900px\" \/><\/div><\/div><\/div><\/div><div class=\"flex_column av_one_full  flex_column_div av-zero-column-padding first  avia-builder-el-2  el_after_av_one_full  el_before_av_one_full  column-top-margin\" style='border-radius:0px; '><section class=\"av_textblock_section \"  itemscope=\"itemscope\" itemtype=\"https:\/\/schema.org\/BlogPosting\" itemprop=\"blogPost\" ><div class='avia_textblock  '   itemprop=\"text\" ><p style=\"text-align: center;\"><strong><span style=\"font-size: 18pt;\">Pavimentaci\u00f3n de camino antiguo de acceso a Puerto Cisnes es abierto para el tr\u00e1nsito vehicular<\/span><\/strong><\/p>\n<div id=\"gtx-trans\" style=\"position: absolute; left: -50px; top: 4.31534px;\">\n<div class=\"gtx-trans-icon\"><\/div>\n<\/div>\n<\/div><\/section><\/div><div class=\"flex_column av_one_full  flex_column_div av-zero-column-padding first  avia-builder-el-4  el_after_av_one_full  el_before_av_hr  column-top-margin\" style='border-radius:0px; '><section class=\"av_textblock_section \"  itemscope=\"itemscope\" itemtype=\"https:\/\/schema.org\/BlogPosting\" itemprop=\"blogPost\" ><div class='avia_textblock  '   itemprop=\"text\" ><p style=\"text-align: justify;\"><em>Las obras que se extienden por 1 kil\u00f3metro posibilitar\u00e1n la circulaci\u00f3n del tr\u00e1nsito vehicular que se desplaza al cementerio, al sector El Balneario, a Puerto Cisnes y al hogar de los vecinos y vecinas del sector Las Chacras, con mejores condiciones de confort y seguridad.<\/em><\/p>\n<p style=\"text-align: justify;\">En el camino antiguo de acceso a Puerto Cisnes se reunieron esta semana el Secretario Regional Ministerial de Obras P\u00fablicas, Patricio Sanhueza Ulloa, el Delegado Presidencial de la Provincia de Ays\u00e9n (S) Samuel Navarro, el director regional de Vialidad MOP Renzo Sanders y el equipo de Vialidad MOP, el presidente de la Agrupaci\u00f3n de Vecinos Las Chacras de Puerto Cisnes Nicol\u00e1s Aguilar, autoridades locales y comunidad para conocer en terreno el detalle las obras de pavimentaci\u00f3n de esta v\u00eda y abrirla para el tr\u00e1nsito vehicular.<\/p>\n<p style=\"text-align: justify;\">Las obras que se desarrollaron en el marco de la ejecuci\u00f3n del contrato de Conservaci\u00f3n Global Mixto de caminos en las provincias de Ays\u00e9n y Coyhaique, sector Cuenca del R\u00edo Cisnes, etapa II, consideraron una inversi\u00f3n de $750 millones, y comprendieron la pavimentaci\u00f3n de 1 kil\u00f3metro en la Ruta X-230, camino antiguo de acceso a Puerto Cisnes -considerado como parte del patrimonio hist\u00f3rico de la provincia- con un ancho de calzada de 5 metros (2,5 metros cada pista), cunetas y obras de saneamiento.<\/p>\n<p style=\"text-align: justify;\">En la ocasi\u00f3n, el SEREMI del MOP destac\u00f3 esta instancia como un hito muy relevante, porque como Ministerio se est\u00e1 dando respuesta a una demanda hist\u00f3rica de los vecinos del sector Chacras de Puerto Cisnes, con una inversi\u00f3n MOP de 750 millones de pesos en la pavimentaci\u00f3n de este kil\u00f3metro. Adem\u00e1s, la autoridad de Obras P\u00fablicas anunci\u00f3 \u201cen los pr\u00f3ximos d\u00edas se comenzar\u00e1 a hormigonear 86 metros del acceso a la infraestructura portuaria en Puerto Cisnes, con una inversi\u00f3n de 150 millones; y vamos a llamar a licitaci\u00f3n el mejoramiento y estabilizaci\u00f3n de carpeta con sello asf\u00e1ltico y\/o suelo cemento en aproximadamente 4 kil\u00f3metros de la Ruta X-230, desde el puente El Salm\u00f3n hasta el sector Media Luna y en el camino de acceso al Aer\u00f3dromo de Puerto Cisnes\u201d.<\/p>\n<p style=\"text-align: justify;\">Con estas obras, Puerto Cisnes se suma a los sectores de la regi\u00f3n de Ays\u00e9n que contar\u00e1n con caminos mejorados con aplicaci\u00f3n de sellos asf\u00e1lticos y\/o suelo cemento, sistema fuertemente impulsado por la ministra de Obras P\u00fablicas Jessica L\u00f3pez Saffie, para atender necesidades de las comunidades y avanzar con mejoras importantes en la red vial regional.<\/p>\n<p style=\"text-align: justify;\">Por su parte, Samuel Navarro, Delegado Presidencial Provincia de Ays\u00e9n (S) destac\u00f3: \u201cEl desarrollo trae mejoras para la calidad de vida. Aqu\u00ed como gobierno se ha escuchado, se ha dialogado con la comunidad y se ha atendido esta necesidad, y sin duda se mejora la calidad de vida de los vecinos y vecinas de Puerto Cisnes, ellos mismos lo han manifestado. Desde el gobierno de Gabriel Boric hacemos el llamado permanente a la responsabilidad y uso adecuado de los espacios p\u00fablicos, pero tambi\u00e9n el compromiso es seguir avanzando en mejoras con pavimentaci\u00f3n no s\u00f3lo de la Ruta 7 sino tambi\u00e9n en otras Rutas que son tan necesarias para mejorar el bienestar de la comunidad, con un trabajo colaborativo. Aqu\u00ed nadie sobra, nadie est\u00e1 dem\u00e1s y cuando hay di\u00e1logo y cuando hay colaboraci\u00f3n el beneficio es para la sociedad en su conjunto, as\u00ed que contentos de estar ac\u00e1 y contentos adem\u00e1s, con esta posibilidad de que en la Fiesta del Pescado Frito la comunidad pueda disfrutar del avance que estamos haciendo como gobierno\u201d.<\/p>\n<p style=\"text-align: justify;\">Para Nicol\u00e1s Aguilar, presidente de la Agrupaci\u00f3n Vecinal Las Chacras de Puerto Cisnes, estos adelantos son muy importantes. \u201cPara nosotros es s\u00faper importante este avance, la calidad de vida de los vecinos y de la gente en general de Puerto Cisnes va a ser mucho mejor. Caminar por aqu\u00ed ya es un agrado y me imagino que la gente que sale a hacer ejercicio, la que hace peregrinaje, la gente que va al Balneario van a estar s\u00faper contentos por este lindo avance. Lo pensamos hace cinco a\u00f1os y se est\u00e1 materializando el d\u00eda de hoy, y vamos por un poquitito m\u00e1s, porque los anuncios del SEREMI nos dejaron bastante contentos respecto a lo que viene. Entonces, estamos muy satisfechos y contentos por todos\u201d.<\/p>\n<p style=\"text-align: justify;\">El Alcalde de la comuna de Cisnes, Francisco Roncagliolo junto con agradecer la coordinaci\u00f3n realizada para avanzar en estas obras, destac\u00f3 que vienen m\u00e1s para Puerto Cisnes, se\u00f1alando al respecto que como municipio con el apoyo del Gobierno Regional van a invertir 750 millones de pesos en este sector, lo que considera pavimentar 100 metros entre Puerto Cisnes y el inicio de este pavimento, la iluminaci\u00f3n desde Puerto Cisnes hasta el sector El Balneario y la construcci\u00f3n de miradores que tambi\u00e9n van a tener en este tramo, y agradeci\u00f3 que el SEREMI del MOP anunciara que en los pr\u00f3ximos d\u00edas van a partir las obras en el acceso a la infraestructura portuaria. \u201cLa idea es que sigamos avanzando, porque tenemos mucha inversi\u00f3n con el MOP instalada dentro de la comuna; vienen los puentes en la zona norte en La Junta, la pavimentaci\u00f3n en el sector de El Chucao, tenemos la costanera de Puyuhuapi y tambi\u00e9n la rampa de Isla Toto, as\u00ed que estamos con mucho trabajo y coordinados para sacar adelante los desaf\u00edos que tenemos como comuna de Cisnes\u201d.<\/p>\n<\/div><\/section><\/div><div  style='height:50px' class='hr hr-invisible   avia-builder-el-6  el_after_av_one_full  el_before_av_social_share '><span class='hr-inner ' ><span class='hr-inner-style'><\/span><\/span><\/div><\/p>\n<div  class='av-social-sharing-box  avia-builder-el-7  el_after_av_hr  el_before_av_hr  '><div class='av-share-box'><h5 class='av-share-link-description av-no-toc '>Compartir esta noticia<\/h5><ul class='av-share-box-list noLightbox'><li class='av-share-link av-social-link-facebook' ><a target=\"_blank\" aria-label=\"Compartir en Facebook\" href='https:\/\/www.facebook.com\/sharer.php?u=https:\/\/radiorevelacionfm.cl\/?p=39202&#038;t=Pavimentaci%C3%B3n%20de%20camino%20antiguo%20de%20acceso%20a%20Puerto%20Cisnes%20es%20abierto%20para%20el%20tr%C3%A1nsito%20vehicular' aria-hidden='false' data-av_icon='\ue8f3' data-av_iconfont='entypo-fontello' title='' data-avia-related-tooltip='Compartir en Facebook' rel=\"noopener\"><span class='avia_hidden_link_text'>Compartir en Facebook<\/span><\/a><\/li><li class='av-share-link av-social-link-twitter' ><a target=\"_blank\" aria-label=\"Compartir en Twitter\" href='https:\/\/twitter.com\/share?text=Pavimentaci%C3%B3n%20de%20camino%20antiguo%20de%20acceso%20a%20Puerto%20Cisnes%20es%20abierto%20para%20el%20tr%C3%A1nsito%20vehicular&#038;url=https:\/\/radiorevelacionfm.cl\/?p=39202' aria-hidden='false' data-av_icon='\ue8f1' data-av_iconfont='entypo-fontello' title='' data-avia-related-tooltip='Compartir en Twitter' rel=\"noopener\"><span class='avia_hidden_link_text'>Compartir en Twitter<\/span><\/a><\/li><li class='av-share-link av-social-link-whatsapp' ><a target=\"_blank\" aria-label=\"Compartir en Whatsapp\" href='https:\/\/api.whatsapp.com\/send?text=https:\/\/radiorevelacionfm.cl\/?p=39202' aria-hidden='false' data-av_icon='\uf232' data-av_iconfont='entypo-fontello' title='' data-avia-related-tooltip='Compartir en Whatsapp' rel=\"noopener\"><span class='avia_hidden_link_text'>Compartir en Whatsapp<\/span><\/a><\/li><li class='av-share-link av-social-link-linkedin' ><a target=\"_blank\" aria-label=\"Compartir en LinkedIn\" href='https:\/\/linkedin.com\/shareArticle?mini=true&#038;title=Pavimentaci%C3%B3n%20de%20camino%20antiguo%20de%20acceso%20a%20Puerto%20Cisnes%20es%20abierto%20para%20el%20tr%C3%A1nsito%20vehicular&#038;url=https:\/\/radiorevelacionfm.cl\/?p=39202' aria-hidden='false' data-av_icon='\ue8fc' data-av_iconfont='entypo-fontello' title='' data-avia-related-tooltip='Compartir en LinkedIn' rel=\"noopener\"><span class='avia_hidden_link_text'>Compartir en LinkedIn<\/span><\/a><\/li><li class='av-share-link av-social-link-mail' ><a  aria-label=\"Compartir por correo\" href='mailto:?subject=Pavimentaci%C3%B3n%20de%20camino%20antiguo%20de%20acceso%20a%20Puerto%20Cisnes%20es%20abierto%20para%20el%20tr%C3%A1nsito%20vehicular&#038;body=https:\/\/radiorevelacionfm.cl\/?p=39202' aria-hidden='false' data-av_icon='\ue805' data-av_iconfont='entypo-fontello' title='' data-avia-related-tooltip='Compartir por correo'><span class='avia_hidden_link_text'>Compartir por correo<\/span><\/a><\/li><\/ul><\/div><\/div>\n<div  style='height:50px' class='hr hr-invisible   avia-builder-el-8  el_after_av_social_share  el_before_av_comments_list '><span class='hr-inner ' ><span class='hr-inner-style'><\/span><\/span><\/div>\n<div  class='av-buildercomment  av-blog-meta-html-info-disabled av-blog-meta-tag-disabled  '><\/div>\n","protected":false},"excerpt":{"rendered":"","protected":false},"author":1,"featured_media":39203,"comment_status":"open","ping_status":"open","sticky":false,"template":"","format":"standard","meta":{"footnotes":""},"categories":[38],"tags":[],"class_list":["post-39202","post","type-post","status-publish","format-standard","has-post-thumbnail","hentry","category-regional"],"jetpack_featured_media_url":"https:\/\/radiorevelacionfm.cl\/wp-content\/uploads\/2024\/01\/img_7412-1_optimized.jpg","_links":{"self":[{"href":"https:\/\/radiorevelacionfm.cl\/index.php?rest_route=\/wp\/v2\/posts\/39202","targetHints":{"allow":["GET"]}}],"collection":[{"href":"https:\/\/radiorevelacionfm.cl\/index.php?rest_route=\/wp\/v2\/posts"}],"about":[{"href":"https:\/\/radiorevelacionfm.cl\/index.php?rest_route=\/wp\/v2\/types\/post"}],"author":[{"embeddable":true,"href":"https:\/\/radiorevelacionfm.cl\/index.php?rest_route=\/wp\/v2\/users\/1"}],"replies":[{"embeddable":true,"href":"https:\/\/radiorevelacionfm.cl\/index.php?rest_route=%2Fwp%2Fv2%2Fcomments&post=39202"}],"version-history":[{"count":1,"href":"https:\/\/radiorevelacionfm.cl\/index.php?rest_route=\/wp\/v2\/posts\/39202\/revisions"}],"predecessor-version":[{"id":39204,"href":"https:\/\/radiorevelacionfm.cl\/index.php?rest_route=\/wp\/v2\/posts\/39202\/revisions\/39204"}],"wp:featuredmedia":[{"embeddable":true,"href":"https:\/\/radiorevelacionfm.cl\/index.php?rest_route=\/wp\/v2\/media\/39203"}],"wp:attachment":[{"href":"https:\/\/radiorevelacionfm.cl\/index.php?rest_route=%2Fwp%2Fv2%2Fmedia&parent=39202"}],"wp:term":[{"taxonomy":"category","embeddable":true,"href":"https:\/\/radiorevelacionfm.cl\/index.php?rest_route=%2Fwp%2Fv2%2Fcategories&post=39202"},{"taxonomy":"post_tag","embeddable":true,"href":"https:\/\/radiorevelacionfm.cl\/index.php?rest_route=%2Fwp%2Fv2%2Ftags&post=39202"}],"curies":[{"name":"wp","href":"https:\/\/api.w.org\/{rel}","templated":true}]}}