{"id":39190,"date":"2024-01-25T18:44:55","date_gmt":"2024-01-25T21:44:55","guid":{"rendered":"https:\/\/radiorevelacionfm.cl\/?p=39190"},"modified":"2024-01-25T18:44:55","modified_gmt":"2024-01-25T21:44:55","slug":"brigadistas-combaten-incendio-forestal-en-ruta-coyhaique-balmaceda-sector-recta-foitzick","status":"publish","type":"post","link":"https:\/\/radiorevelacionfm.cl\/?p=39190","title":{"rendered":"Brigadistas combaten incendio forestal en ruta Coyhaique- Balmaceda sector Recta Foitzick"},"content":{"rendered":"<div class=\"flex_column av_one_full  flex_column_div av-zero-column-padding first  avia-builder-el-0  el_before_av_one_full  avia-builder-el-first  \" style='border-radius:0px; '><div  class='avia-image-container  av-styling-    avia-builder-el-1  avia-builder-el-no-sibling  avia-align-center '  itemprop=\"image\" itemscope=\"itemscope\" itemtype=\"https:\/\/schema.org\/ImageObject\"  ><div class='avia-image-container-inner'><div class='avia-image-overlay-wrap'><img decoding=\"async\" class='wp-image-39191 avia-img-lazy-loading-not-39191 avia_image' src=\"https:\/\/radiorevelacionfm.cl\/wp-content\/uploads\/2024\/01\/Incendio-Ruta-Coyh-Balmaceda-1-1.jpg\" alt='' title='Incendio Ruta Coyh-Balmaceda (1) (1)' height=\"600\" width=\"1001\"  itemprop=\"thumbnailUrl\" srcset=\"https:\/\/radiorevelacionfm.cl\/wp-content\/uploads\/2024\/01\/Incendio-Ruta-Coyh-Balmaceda-1-1.jpg 1001w, https:\/\/radiorevelacionfm.cl\/wp-content\/uploads\/2024\/01\/Incendio-Ruta-Coyh-Balmaceda-1-1-300x180.jpg 300w, https:\/\/radiorevelacionfm.cl\/wp-content\/uploads\/2024\/01\/Incendio-Ruta-Coyh-Balmaceda-1-1-768x460.jpg 768w, https:\/\/radiorevelacionfm.cl\/wp-content\/uploads\/2024\/01\/Incendio-Ruta-Coyh-Balmaceda-1-1-705x423.jpg 705w, https:\/\/radiorevelacionfm.cl\/wp-content\/uploads\/2024\/01\/Incendio-Ruta-Coyh-Balmaceda-1-1-450x270.jpg 450w, https:\/\/radiorevelacionfm.cl\/wp-content\/uploads\/2024\/01\/Incendio-Ruta-Coyh-Balmaceda-1-1-600x360.jpg 600w\" sizes=\"(max-width: 1001px) 100vw, 1001px\" \/><\/div><\/div><\/div><\/div><div class=\"flex_column av_one_full  flex_column_div av-zero-column-padding first  avia-builder-el-2  el_after_av_one_full  el_before_av_one_full  column-top-margin\" style='border-radius:0px; '><section class=\"av_textblock_section \"  itemscope=\"itemscope\" itemtype=\"https:\/\/schema.org\/BlogPosting\" itemprop=\"blogPost\" ><div class='avia_textblock  '   itemprop=\"text\" ><p style=\"text-align: center;\"><strong><span style=\"font-size: 18pt;\">Brigadistas combaten incendio forestal en ruta Coyhaique- Balmaceda sector Recta Foitzick<\/span><\/strong><\/p>\n<div id=\"gtx-trans\" style=\"position: absolute; left: -50px; top: 4.31534px;\">\n<div class=\"gtx-trans-icon\"><\/div>\n<\/div>\n<\/div><\/section><\/div><div class=\"flex_column av_one_full  flex_column_div av-zero-column-padding first  avia-builder-el-4  el_after_av_one_full  el_before_av_hr  column-top-margin\" style='border-radius:0px; '><section class=\"av_textblock_section \"  itemscope=\"itemscope\" itemtype=\"https:\/\/schema.org\/BlogPosting\" itemprop=\"blogPost\" ><div class='avia_textblock  '   itemprop=\"text\" ><p style=\"text-align: justify;\">La tarde de este jueves 25 de enero de 2024, pasadas las 16:00 horas, se activ\u00f3 el ABC de la Emergencia, el llamado daba cuenta de fuego en pastizales.<\/p>\n<p style=\"text-align: justify;\">Posteriormente se confirm\u00f3 Incendio Forestal siendo denominado RECTA FOITZICK, Ruta Coyhaique &#8211; Balmaceda, sector Recta Foitzick, frente a planta de revisi\u00f3n t\u00e9cnica, el cual que se encuentra EN COMBATE, se desconoce la cantidad de hect\u00e1reas afectadas.<\/p>\n<p style=\"text-align: justify;\">Cabe se\u00f1alar que se reporta 01 brigadista de CONAF con lesiones de car\u00e1cter reservado atendido por SAMU, hasta ahora no se reporta afectaci\u00f3n a residentes ni viviendas particulares.<\/p>\n<p style=\"text-align: justify;\">A esta hora trabaja en el lugar:<\/p>\n<p style=\"text-align: justify;\">CONAF: con 01 Helic\u00f3ptero, 01 t\u00e9cnico, 03 Brigadas, 15 brigadistas. 02 m\u00f3viles de transporte, 01 cami\u00f3n aljibe, 01 m\u00f3vil<\/p>\n<p style=\"text-align: justify;\">BOMBEROS:\u00a01era COMPA\u00d1\u00cdA, 20 voluntarios, 2da COMPA\u00d1\u00cdA, 17 voluntarios, 3ra COMPA\u00d1\u00cdA 08 voluntarios<\/p>\n<p style=\"text-align: justify;\">y 4ta COMPA\u00d1\u00cdA 04 voluntarios. Cami\u00f3n aljibe. Veh\u00edculo puesto de mando. 04 camiones bomba.<\/p>\n<p style=\"text-align: justify;\">SAMU:\u00a0 01 m\u00f3vil y 03 funcionarios.<\/p>\n<p style=\"text-align: justify;\">CARABINEROS: 05 m\u00f3viles. 11 funcionarios.<\/p>\n<p style=\"text-align: justify;\">MUNICIPALIDAD DE COYHAIQUE: 01 Cami\u00f3n aljibe ,02 funcionarios. SENAPRED, 03 funcionarios y 01 m\u00f3vil de telecomunicaciones.<\/p>\n<\/div><\/section><\/div><div  style='height:50px' class='hr hr-invisible   avia-builder-el-6  el_after_av_one_full  el_before_av_social_share '><span class='hr-inner ' ><span class='hr-inner-style'><\/span><\/span><\/div><\/p>\n<div  class='av-social-sharing-box  avia-builder-el-7  el_after_av_hr  el_before_av_hr  '><div class='av-share-box'><h5 class='av-share-link-description av-no-toc '>Compartir esta noticia<\/h5><ul class='av-share-box-list noLightbox'><li class='av-share-link av-social-link-facebook' ><a target=\"_blank\" aria-label=\"Compartir en Facebook\" href='https:\/\/www.facebook.com\/sharer.php?u=https:\/\/radiorevelacionfm.cl\/?p=39190&#038;t=Brigadistas%20combaten%20incendio%20forestal%20en%20ruta%20Coyhaique-%20Balmaceda%20sector%20Recta%20Foitzick' aria-hidden='false' data-av_icon='\ue8f3' data-av_iconfont='entypo-fontello' title='' data-avia-related-tooltip='Compartir en Facebook' rel=\"noopener\"><span class='avia_hidden_link_text'>Compartir en Facebook<\/span><\/a><\/li><li class='av-share-link av-social-link-twitter' ><a target=\"_blank\" aria-label=\"Compartir en Twitter\" href='https:\/\/twitter.com\/share?text=Brigadistas%20combaten%20incendio%20forestal%20en%20ruta%20Coyhaique-%20Balmaceda%20sector%20Recta%20Foitzick&#038;url=https:\/\/radiorevelacionfm.cl\/?p=39190' aria-hidden='false' data-av_icon='\ue8f1' data-av_iconfont='entypo-fontello' title='' data-avia-related-tooltip='Compartir en Twitter' rel=\"noopener\"><span class='avia_hidden_link_text'>Compartir en Twitter<\/span><\/a><\/li><li class='av-share-link av-social-link-whatsapp' ><a target=\"_blank\" aria-label=\"Compartir en Whatsapp\" href='https:\/\/api.whatsapp.com\/send?text=https:\/\/radiorevelacionfm.cl\/?p=39190' aria-hidden='false' data-av_icon='\uf232' data-av_iconfont='entypo-fontello' title='' data-avia-related-tooltip='Compartir en Whatsapp' rel=\"noopener\"><span class='avia_hidden_link_text'>Compartir en Whatsapp<\/span><\/a><\/li><li class='av-share-link av-social-link-linkedin' ><a target=\"_blank\" aria-label=\"Compartir en LinkedIn\" href='https:\/\/linkedin.com\/shareArticle?mini=true&#038;title=Brigadistas%20combaten%20incendio%20forestal%20en%20ruta%20Coyhaique-%20Balmaceda%20sector%20Recta%20Foitzick&#038;url=https:\/\/radiorevelacionfm.cl\/?p=39190' aria-hidden='false' data-av_icon='\ue8fc' data-av_iconfont='entypo-fontello' title='' data-avia-related-tooltip='Compartir en LinkedIn' rel=\"noopener\"><span class='avia_hidden_link_text'>Compartir en LinkedIn<\/span><\/a><\/li><li class='av-share-link av-social-link-mail' ><a  aria-label=\"Compartir por correo\" href='mailto:?subject=Brigadistas%20combaten%20incendio%20forestal%20en%20ruta%20Coyhaique-%20Balmaceda%20sector%20Recta%20Foitzick&#038;body=https:\/\/radiorevelacionfm.cl\/?p=39190' aria-hidden='false' data-av_icon='\ue805' data-av_iconfont='entypo-fontello' title='' data-avia-related-tooltip='Compartir por correo'><span class='avia_hidden_link_text'>Compartir por correo<\/span><\/a><\/li><\/ul><\/div><\/div>\n<div  style='height:50px' class='hr hr-invisible   avia-builder-el-8  el_after_av_social_share  el_before_av_comments_list '><span class='hr-inner ' ><span class='hr-inner-style'><\/span><\/span><\/div>\n<div  class='av-buildercomment  av-blog-meta-html-info-disabled av-blog-meta-tag-disabled  '><\/div>\n","protected":false},"excerpt":{"rendered":"","protected":false},"author":1,"featured_media":39191,"comment_status":"open","ping_status":"open","sticky":false,"template":"","format":"standard","meta":{"footnotes":""},"categories":[38],"tags":[],"class_list":["post-39190","post","type-post","status-publish","format-standard","has-post-thumbnail","hentry","category-regional"],"jetpack_featured_media_url":"https:\/\/radiorevelacionfm.cl\/wp-content\/uploads\/2024\/01\/Incendio-Ruta-Coyh-Balmaceda-1-1.jpg","_links":{"self":[{"href":"https:\/\/radiorevelacionfm.cl\/index.php?rest_route=\/wp\/v2\/posts\/39190","targetHints":{"allow":["GET"]}}],"collection":[{"href":"https:\/\/radiorevelacionfm.cl\/index.php?rest_route=\/wp\/v2\/posts"}],"about":[{"href":"https:\/\/radiorevelacionfm.cl\/index.php?rest_route=\/wp\/v2\/types\/post"}],"author":[{"embeddable":true,"href":"https:\/\/radiorevelacionfm.cl\/index.php?rest_route=\/wp\/v2\/users\/1"}],"replies":[{"embeddable":true,"href":"https:\/\/radiorevelacionfm.cl\/index.php?rest_route=%2Fwp%2Fv2%2Fcomments&post=39190"}],"version-history":[{"count":1,"href":"https:\/\/radiorevelacionfm.cl\/index.php?rest_route=\/wp\/v2\/posts\/39190\/revisions"}],"predecessor-version":[{"id":39192,"href":"https:\/\/radiorevelacionfm.cl\/index.php?rest_route=\/wp\/v2\/posts\/39190\/revisions\/39192"}],"wp:featuredmedia":[{"embeddable":true,"href":"https:\/\/radiorevelacionfm.cl\/index.php?rest_route=\/wp\/v2\/media\/39191"}],"wp:attachment":[{"href":"https:\/\/radiorevelacionfm.cl\/index.php?rest_route=%2Fwp%2Fv2%2Fmedia&parent=39190"}],"wp:term":[{"taxonomy":"category","embeddable":true,"href":"https:\/\/radiorevelacionfm.cl\/index.php?rest_route=%2Fwp%2Fv2%2Fcategories&post=39190"},{"taxonomy":"post_tag","embeddable":true,"href":"https:\/\/radiorevelacionfm.cl\/index.php?rest_route=%2Fwp%2Fv2%2Ftags&post=39190"}],"curies":[{"name":"wp","href":"https:\/\/api.w.org\/{rel}","templated":true}]}}