{"id":39187,"date":"2024-01-26T15:34:30","date_gmt":"2024-01-26T18:34:30","guid":{"rendered":"https:\/\/radiorevelacionfm.cl\/?p=39187"},"modified":"2024-01-26T15:34:30","modified_gmt":"2024-01-26T18:34:30","slug":"edelaysen-apoya-las-tradiciones-locales-en-el-xxii-festival-internacional-de-jineteadas-y-folclore-de-ibanez","status":"publish","type":"post","link":"https:\/\/radiorevelacionfm.cl\/?p=39187","title":{"rendered":"Edelaysen apoya las tradiciones locales en el XXII Festival Internacional de Jineteadas y Folclore de Ib\u00e1\u00f1ez"},"content":{"rendered":"<div class=\"flex_column av_one_full  flex_column_div av-zero-column-padding first  avia-builder-el-0  el_before_av_one_full  avia-builder-el-first  \" style='border-radius:0px; '><div  class='avia-image-container  av-styling-    avia-builder-el-1  avia-builder-el-no-sibling  avia-align-center '  itemprop=\"image\" itemscope=\"itemscope\" itemtype=\"https:\/\/schema.org\/ImageObject\"  ><div class='avia-image-container-inner'><div class='avia-image-overlay-wrap'><img decoding=\"async\" class='wp-image-39188 avia-img-lazy-loading-not-39188 avia_image' src=\"https:\/\/radiorevelacionfm.cl\/wp-content\/uploads\/2024\/01\/Jineteadas-Ibanez0-1-1.jpeg\" alt='' title='Jineteadas Iba\u00f1ez0 (1) (1)' height=\"600\" width=\"1105\"  itemprop=\"thumbnailUrl\" srcset=\"https:\/\/radiorevelacionfm.cl\/wp-content\/uploads\/2024\/01\/Jineteadas-Ibanez0-1-1.jpeg 1105w, https:\/\/radiorevelacionfm.cl\/wp-content\/uploads\/2024\/01\/Jineteadas-Ibanez0-1-1-300x163.jpeg 300w, https:\/\/radiorevelacionfm.cl\/wp-content\/uploads\/2024\/01\/Jineteadas-Ibanez0-1-1-1030x559.jpeg 1030w, https:\/\/radiorevelacionfm.cl\/wp-content\/uploads\/2024\/01\/Jineteadas-Ibanez0-1-1-768x417.jpeg 768w, https:\/\/radiorevelacionfm.cl\/wp-content\/uploads\/2024\/01\/Jineteadas-Ibanez0-1-1-705x383.jpeg 705w, https:\/\/radiorevelacionfm.cl\/wp-content\/uploads\/2024\/01\/Jineteadas-Ibanez0-1-1-450x244.jpeg 450w, https:\/\/radiorevelacionfm.cl\/wp-content\/uploads\/2024\/01\/Jineteadas-Ibanez0-1-1-600x326.jpeg 600w\" sizes=\"(max-width: 1105px) 100vw, 1105px\" \/><\/div><\/div><\/div><\/div><div class=\"flex_column av_one_full  flex_column_div av-zero-column-padding first  avia-builder-el-2  el_after_av_one_full  el_before_av_one_full  column-top-margin\" style='border-radius:0px; '><section class=\"av_textblock_section \"  itemscope=\"itemscope\" itemtype=\"https:\/\/schema.org\/BlogPosting\" itemprop=\"blogPost\" ><div class='avia_textblock  '   itemprop=\"text\" ><p style=\"text-align: center;\"><strong><span style=\"font-size: 18pt;\">Edelaysen apoya las tradiciones locales en el XXII Festival Internacional de Jineteadas y Folclore de Ib\u00e1\u00f1ez\u00a0\u00a0\u00a0\u00a0<\/span><\/strong><\/p>\n<div id=\"gtx-trans\" style=\"position: absolute; left: -50px; top: 4.31534px;\">\n<div class=\"gtx-trans-icon\"><\/div>\n<\/div>\n<\/div><\/section><\/div><div class=\"flex_column av_one_full  flex_column_div av-zero-column-padding first  avia-builder-el-4  el_after_av_one_full  el_before_av_hr  column-top-margin\" style='border-radius:0px; '><section class=\"av_textblock_section \"  itemscope=\"itemscope\" itemtype=\"https:\/\/schema.org\/BlogPosting\" itemprop=\"blogPost\" ><div class='avia_textblock  '   itemprop=\"text\" ><p style=\"text-align: justify;\"><em>La empresa el\u00e9ctrica contin\u00faa comprometida de manera permanente con la comunidad acompa\u00f1ando esta hist\u00f3rica actividad, luego de concretar un proyecto de energ\u00eda para el recinto de jineteadas el a\u00f1o pasado gracias al programa de vinculaci\u00f3n \u201cBarrios con energ\u00eda\u201d. <\/em><\/p>\n<p style=\"text-align: justify;\">Edelaysen, en su compromiso con el bienestar y desarrollo de las comunidades en las que est\u00e1 presente, particip\u00f3 del reciente Festival Internacional de Jineteadas y Folclore organizado por la I. Municipalidad de Ib\u00e1\u00f1ez, esto como muestra constante del apoyo hacia las tradiciones locales y la cultura de la regi\u00f3n.<\/p>\n<p style=\"text-align: justify;\">En 2023, la empresa el\u00e9ctrica llev\u00f3 a cabo un importante aporte a la comunidad, mediante el programa \u201cBarrios con energ\u00eda\u201d, iniciativa de Grupo Saesa, del cual es parte. De esta manera la iniciativa cont\u00f3 con la iluminaci\u00f3n total del recinto donde se desarrollan las actividades tales como jineteadas, encuentros costumbritas entre otras actividades que realiza el municipio.<\/p>\n<p style=\"text-align: justify;\">En tal sentido Juan Saldivia Cea, alcalde de Rio Iba\u00f1ez expres\u00f3 \u201cQuisiera hacer menci\u00f3n de la empresa Edelaysen en lo que se refiere a la actividad recientemente realizada, es importante contar siempre con esa colaboraci\u00f3n que muchas veces a trav\u00e9s del sector p\u00fablico no se puede alcanzar, sin embargo, existe la buena disposici\u00f3n de la empresa y eso relevar tambi\u00e9n con sus programas de \u201cBarrios con energ\u00eda\u201d en la cual se pudo instalar luminaria en el sector lo cual permite que las actividades que se realizan de manera nocturna permitan tener la luminosidad perfecta, considerando tambi\u00e9n la seguridad del sector, as\u00ed que much\u00edsimas gracias a la empresa Edelaysen\u201d.<\/p>\n<p style=\"text-align: justify;\">De acuerdo con ello, este a\u00f1o la participaci\u00f3n de Edelaysen en el festival, se centr\u00f3 en reiterar su compromiso con las tradiciones y costumbres locales y en fortalecer el v\u00ednculo con la comunidad, estando presentes en las tres jornadas en las que se llev\u00f3 a cabo este cultural evento.<\/p>\n<p style=\"text-align: justify;\">Patricio Raimilla, jefe de Servicio al Cliente de Edelaysen, expres\u00f3 \u201cEs un honor para nosotros participar una vez mas de este significativo encuentro. Nuestra presencia no solo refleja nuestro compromiso continuo con la comunidad, sino que junto con ello, subraya la importancia de preservar y celebrar nuestras costumbres y tradiciones locales\u201d.<\/p>\n<\/div><\/section><\/div><div  style='height:50px' class='hr hr-invisible   avia-builder-el-6  el_after_av_one_full  el_before_av_social_share '><span class='hr-inner ' ><span class='hr-inner-style'><\/span><\/span><\/div><\/p>\n<div  class='av-social-sharing-box  avia-builder-el-7  el_after_av_hr  el_before_av_hr  '><div class='av-share-box'><h5 class='av-share-link-description av-no-toc '>Compartir esta noticia<\/h5><ul class='av-share-box-list noLightbox'><li class='av-share-link av-social-link-facebook' ><a target=\"_blank\" aria-label=\"Compartir en Facebook\" href='https:\/\/www.facebook.com\/sharer.php?u=https:\/\/radiorevelacionfm.cl\/?p=39187&#038;t=Edelaysen%20apoya%20las%20tradiciones%20locales%20en%20el%20XXII%20Festival%20Internacional%20de%20Jineteadas%20y%20Folclore%20de%20Ib%C3%A1%C3%B1ez' aria-hidden='false' data-av_icon='\ue8f3' data-av_iconfont='entypo-fontello' title='' data-avia-related-tooltip='Compartir en Facebook' rel=\"noopener\"><span class='avia_hidden_link_text'>Compartir en Facebook<\/span><\/a><\/li><li class='av-share-link av-social-link-twitter' ><a target=\"_blank\" aria-label=\"Compartir en Twitter\" href='https:\/\/twitter.com\/share?text=Edelaysen%20apoya%20las%20tradiciones%20locales%20en%20el%20XXII%20Festival%20Internacional%20de%20Jineteadas%20y%20Folclore%20de%20Ib%C3%A1%C3%B1ez&#038;url=https:\/\/radiorevelacionfm.cl\/?p=39187' aria-hidden='false' data-av_icon='\ue8f1' data-av_iconfont='entypo-fontello' title='' data-avia-related-tooltip='Compartir en Twitter' rel=\"noopener\"><span class='avia_hidden_link_text'>Compartir en Twitter<\/span><\/a><\/li><li class='av-share-link av-social-link-whatsapp' ><a target=\"_blank\" aria-label=\"Compartir en Whatsapp\" href='https:\/\/api.whatsapp.com\/send?text=https:\/\/radiorevelacionfm.cl\/?p=39187' aria-hidden='false' data-av_icon='\uf232' data-av_iconfont='entypo-fontello' title='' data-avia-related-tooltip='Compartir en Whatsapp' rel=\"noopener\"><span class='avia_hidden_link_text'>Compartir en Whatsapp<\/span><\/a><\/li><li class='av-share-link av-social-link-linkedin' ><a target=\"_blank\" aria-label=\"Compartir en LinkedIn\" href='https:\/\/linkedin.com\/shareArticle?mini=true&#038;title=Edelaysen%20apoya%20las%20tradiciones%20locales%20en%20el%20XXII%20Festival%20Internacional%20de%20Jineteadas%20y%20Folclore%20de%20Ib%C3%A1%C3%B1ez&#038;url=https:\/\/radiorevelacionfm.cl\/?p=39187' aria-hidden='false' data-av_icon='\ue8fc' data-av_iconfont='entypo-fontello' title='' data-avia-related-tooltip='Compartir en LinkedIn' rel=\"noopener\"><span class='avia_hidden_link_text'>Compartir en LinkedIn<\/span><\/a><\/li><li class='av-share-link av-social-link-mail' ><a  aria-label=\"Compartir por correo\" href='mailto:?subject=Edelaysen%20apoya%20las%20tradiciones%20locales%20en%20el%20XXII%20Festival%20Internacional%20de%20Jineteadas%20y%20Folclore%20de%20Ib%C3%A1%C3%B1ez&#038;body=https:\/\/radiorevelacionfm.cl\/?p=39187' aria-hidden='false' data-av_icon='\ue805' data-av_iconfont='entypo-fontello' title='' data-avia-related-tooltip='Compartir por correo'><span class='avia_hidden_link_text'>Compartir por correo<\/span><\/a><\/li><\/ul><\/div><\/div>\n<div  style='height:50px' class='hr hr-invisible   avia-builder-el-8  el_after_av_social_share  el_before_av_comments_list '><span class='hr-inner ' ><span class='hr-inner-style'><\/span><\/span><\/div>\n<div  class='av-buildercomment  av-blog-meta-html-info-disabled av-blog-meta-tag-disabled  '><\/div>\n","protected":false},"excerpt":{"rendered":"","protected":false},"author":1,"featured_media":39188,"comment_status":"open","ping_status":"open","sticky":false,"template":"","format":"standard","meta":{"footnotes":""},"categories":[38],"tags":[],"class_list":["post-39187","post","type-post","status-publish","format-standard","has-post-thumbnail","hentry","category-regional"],"jetpack_featured_media_url":"https:\/\/radiorevelacionfm.cl\/wp-content\/uploads\/2024\/01\/Jineteadas-Ibanez0-1-1.jpeg","_links":{"self":[{"href":"https:\/\/radiorevelacionfm.cl\/index.php?rest_route=\/wp\/v2\/posts\/39187","targetHints":{"allow":["GET"]}}],"collection":[{"href":"https:\/\/radiorevelacionfm.cl\/index.php?rest_route=\/wp\/v2\/posts"}],"about":[{"href":"https:\/\/radiorevelacionfm.cl\/index.php?rest_route=\/wp\/v2\/types\/post"}],"author":[{"embeddable":true,"href":"https:\/\/radiorevelacionfm.cl\/index.php?rest_route=\/wp\/v2\/users\/1"}],"replies":[{"embeddable":true,"href":"https:\/\/radiorevelacionfm.cl\/index.php?rest_route=%2Fwp%2Fv2%2Fcomments&post=39187"}],"version-history":[{"count":1,"href":"https:\/\/radiorevelacionfm.cl\/index.php?rest_route=\/wp\/v2\/posts\/39187\/revisions"}],"predecessor-version":[{"id":39189,"href":"https:\/\/radiorevelacionfm.cl\/index.php?rest_route=\/wp\/v2\/posts\/39187\/revisions\/39189"}],"wp:featuredmedia":[{"embeddable":true,"href":"https:\/\/radiorevelacionfm.cl\/index.php?rest_route=\/wp\/v2\/media\/39188"}],"wp:attachment":[{"href":"https:\/\/radiorevelacionfm.cl\/index.php?rest_route=%2Fwp%2Fv2%2Fmedia&parent=39187"}],"wp:term":[{"taxonomy":"category","embeddable":true,"href":"https:\/\/radiorevelacionfm.cl\/index.php?rest_route=%2Fwp%2Fv2%2Fcategories&post=39187"},{"taxonomy":"post_tag","embeddable":true,"href":"https:\/\/radiorevelacionfm.cl\/index.php?rest_route=%2Fwp%2Fv2%2Ftags&post=39187"}],"curies":[{"name":"wp","href":"https:\/\/api.w.org\/{rel}","templated":true}]}}