{"id":39184,"date":"2024-01-25T21:46:24","date_gmt":"2024-01-26T00:46:24","guid":{"rendered":"https:\/\/radiorevelacionfm.cl\/?p=39184"},"modified":"2024-01-25T21:46:24","modified_gmt":"2024-01-26T00:46:24","slug":"realizan-operativo-de-fiscalizacion-a-local-comercial-de-coyhaique","status":"publish","type":"post","link":"https:\/\/radiorevelacionfm.cl\/?p=39184","title":{"rendered":"Realizan operativo de fiscalizaci\u00f3n a local comercial de Coyhaique"},"content":{"rendered":"<div class=\"flex_column av_one_full  flex_column_div av-zero-column-padding first  avia-builder-el-0  el_before_av_one_full  avia-builder-el-first  \" style='border-radius:0px; '><div  class='avia-image-container  av-styling-    avia-builder-el-1  avia-builder-el-no-sibling  avia-align-center '  itemprop=\"image\" itemscope=\"itemscope\" itemtype=\"https:\/\/schema.org\/ImageObject\"  ><div class='avia-image-container-inner'><div class='avia-image-overlay-wrap'><img decoding=\"async\" class='wp-image-39185 avia-img-lazy-loading-not-39185 avia_image' src=\"https:\/\/radiorevelacionfm.cl\/wp-content\/uploads\/2024\/01\/fiscalizacion-1-1-1_optimized.jpg\" alt='' title='fiscalizaci\u00f3n-1-(1)-(1)_optimized' height=\"600\" width=\"937\"  itemprop=\"thumbnailUrl\" srcset=\"https:\/\/radiorevelacionfm.cl\/wp-content\/uploads\/2024\/01\/fiscalizacion-1-1-1_optimized.jpg 937w, https:\/\/radiorevelacionfm.cl\/wp-content\/uploads\/2024\/01\/fiscalizacion-1-1-1_optimized-300x192.jpg 300w, https:\/\/radiorevelacionfm.cl\/wp-content\/uploads\/2024\/01\/fiscalizacion-1-1-1_optimized-768x492.jpg 768w, https:\/\/radiorevelacionfm.cl\/wp-content\/uploads\/2024\/01\/fiscalizacion-1-1-1_optimized-705x451.jpg 705w, https:\/\/radiorevelacionfm.cl\/wp-content\/uploads\/2024\/01\/fiscalizacion-1-1-1_optimized-450x288.jpg 450w, https:\/\/radiorevelacionfm.cl\/wp-content\/uploads\/2024\/01\/fiscalizacion-1-1-1_optimized-600x384.jpg 600w\" sizes=\"(max-width: 937px) 100vw, 937px\" \/><\/div><\/div><\/div><\/div><div class=\"flex_column av_one_full  flex_column_div av-zero-column-padding first  avia-builder-el-2  el_after_av_one_full  el_before_av_one_full  column-top-margin\" style='border-radius:0px; '><section class=\"av_textblock_section \"  itemscope=\"itemscope\" itemtype=\"https:\/\/schema.org\/BlogPosting\" itemprop=\"blogPost\" ><div class='avia_textblock  '   itemprop=\"text\" ><p style=\"text-align: center;\"><strong><span style=\"font-size: 18pt;\">Realizan operativo de fiscalizaci\u00f3n a local comercial de Coyhaique<\/span><\/strong><\/p>\n<div id=\"gtx-trans\" style=\"position: absolute; left: -50px; top: 4.31534px;\">\n<div class=\"gtx-trans-icon\"><\/div>\n<\/div>\n<\/div><\/section><\/div><div class=\"flex_column av_one_full  flex_column_div av-zero-column-padding first  avia-builder-el-4  el_after_av_one_full  el_before_av_hr  column-top-margin\" style='border-radius:0px; '><section class=\"av_textblock_section \"  itemscope=\"itemscope\" itemtype=\"https:\/\/schema.org\/BlogPosting\" itemprop=\"blogPost\" ><div class='avia_textblock  '   itemprop=\"text\" ><p style=\"text-align: justify;\">Este mi\u00e9rcoles se llev\u00f3 a cabo la primera fiscalizaci\u00f3n del a\u00f1o 2024 de los integrantes de la Mesa Intersectorial de Trata de Personas a un local comercial de Coyhaique donde laboran personas extranjeras, esto en el marco de una serie de acciones que lleva adelante esta instancia, la que es presidida por el Seremi de Justicia y Derechos Humanos Samuel Navarro Castro, y que ten\u00eda como objetivo revisar que \u00e9stas personas se encuentren con sus documentos al d\u00eda y con sus respectivos contratos de trabajo.<\/p>\n<p style=\"text-align: justify;\">Respecto a esta fiscalizaci\u00f3n, el Seremi de Justicia y Derechos Humanos Samuel Navarro Castro se\u00f1al\u00f3 que \u201cefectivamente este a\u00f1o 2024 en conjunto con instituciones que participan de la mesa de Trata de Personas realizamos una fiscalizaci\u00f3n a un local comercial c\u00e9ntrico de Coyhaique, para ver la efectividad o no que en el evento que hubieran personas extranjeras trabajando estuvieran con su documentaci\u00f3n al d\u00eda, sus contratos de trabajo, todo lo que corresponde y no se enmarcara en el delito de trata de personas\u201d.<\/p>\n<p style=\"text-align: justify;\">As\u00ed tambi\u00e9n, la autoridad sectorial puntualiz\u00f3 en que \u201cestas fiscalizaciones se enmarcan en el trabajo permanente que hace la mesa de trata de personas en conjunto con varias instituciones como Carabineros de Chile, Polic\u00eda de Investigaciones, la Direcci\u00f3n del Trabajo, el Servicio de Migraciones, entre otros, y que nos ayudan en primer lugar a difundir los alcances del delitos de trata de personas y por otro lado a estar permanentemente preocupados de la situaci\u00f3n que tienen las personas migrantes y que puedan estar residiendo en nuestra regi\u00f3n\u201d.<\/p>\n<p style=\"text-align: justify;\">Finalmente, cabe se\u00f1alar que el delito de Trata de Personas constituye una de las m\u00e1s graves violaciones a los derechos humanos, pues vulnera la dignidad y libertad de una persona, a la vez que afecta seriamente su integridad f\u00edsica y ps\u00edquica.<\/p>\n<\/div><\/section><\/div><div  style='height:50px' class='hr hr-invisible   avia-builder-el-6  el_after_av_one_full  el_before_av_social_share '><span class='hr-inner ' ><span class='hr-inner-style'><\/span><\/span><\/div><\/p>\n<div  class='av-social-sharing-box  avia-builder-el-7  el_after_av_hr  el_before_av_hr  '><div class='av-share-box'><h5 class='av-share-link-description av-no-toc '>Compartir esta noticia<\/h5><ul class='av-share-box-list noLightbox'><li class='av-share-link av-social-link-facebook' ><a target=\"_blank\" aria-label=\"Compartir en Facebook\" href='https:\/\/www.facebook.com\/sharer.php?u=https:\/\/radiorevelacionfm.cl\/?p=39184&#038;t=Realizan%20operativo%20de%20fiscalizaci%C3%B3n%20a%20local%20comercial%20de%20Coyhaique' aria-hidden='false' data-av_icon='\ue8f3' data-av_iconfont='entypo-fontello' title='' data-avia-related-tooltip='Compartir en Facebook' rel=\"noopener\"><span class='avia_hidden_link_text'>Compartir en Facebook<\/span><\/a><\/li><li class='av-share-link av-social-link-twitter' ><a target=\"_blank\" aria-label=\"Compartir en Twitter\" href='https:\/\/twitter.com\/share?text=Realizan%20operativo%20de%20fiscalizaci%C3%B3n%20a%20local%20comercial%20de%20Coyhaique&#038;url=https:\/\/radiorevelacionfm.cl\/?p=39184' aria-hidden='false' data-av_icon='\ue8f1' data-av_iconfont='entypo-fontello' title='' data-avia-related-tooltip='Compartir en Twitter' rel=\"noopener\"><span class='avia_hidden_link_text'>Compartir en Twitter<\/span><\/a><\/li><li class='av-share-link av-social-link-whatsapp' ><a target=\"_blank\" aria-label=\"Compartir en Whatsapp\" href='https:\/\/api.whatsapp.com\/send?text=https:\/\/radiorevelacionfm.cl\/?p=39184' aria-hidden='false' data-av_icon='\uf232' data-av_iconfont='entypo-fontello' title='' data-avia-related-tooltip='Compartir en Whatsapp' rel=\"noopener\"><span class='avia_hidden_link_text'>Compartir en Whatsapp<\/span><\/a><\/li><li class='av-share-link av-social-link-linkedin' ><a target=\"_blank\" aria-label=\"Compartir en LinkedIn\" href='https:\/\/linkedin.com\/shareArticle?mini=true&#038;title=Realizan%20operativo%20de%20fiscalizaci%C3%B3n%20a%20local%20comercial%20de%20Coyhaique&#038;url=https:\/\/radiorevelacionfm.cl\/?p=39184' aria-hidden='false' data-av_icon='\ue8fc' data-av_iconfont='entypo-fontello' title='' data-avia-related-tooltip='Compartir en LinkedIn' rel=\"noopener\"><span class='avia_hidden_link_text'>Compartir en LinkedIn<\/span><\/a><\/li><li class='av-share-link av-social-link-mail' ><a  aria-label=\"Compartir por correo\" href='mailto:?subject=Realizan%20operativo%20de%20fiscalizaci%C3%B3n%20a%20local%20comercial%20de%20Coyhaique&#038;body=https:\/\/radiorevelacionfm.cl\/?p=39184' aria-hidden='false' data-av_icon='\ue805' data-av_iconfont='entypo-fontello' title='' data-avia-related-tooltip='Compartir por correo'><span class='avia_hidden_link_text'>Compartir por correo<\/span><\/a><\/li><\/ul><\/div><\/div>\n<div  style='height:50px' class='hr hr-invisible   avia-builder-el-8  el_after_av_social_share  el_before_av_comments_list '><span class='hr-inner ' ><span class='hr-inner-style'><\/span><\/span><\/div>\n<div  class='av-buildercomment  av-blog-meta-html-info-disabled av-blog-meta-tag-disabled  '><\/div>\n","protected":false},"excerpt":{"rendered":"","protected":false},"author":1,"featured_media":39185,"comment_status":"open","ping_status":"open","sticky":false,"template":"","format":"standard","meta":{"footnotes":""},"categories":[38],"tags":[],"class_list":["post-39184","post","type-post","status-publish","format-standard","has-post-thumbnail","hentry","category-regional"],"jetpack_featured_media_url":"https:\/\/radiorevelacionfm.cl\/wp-content\/uploads\/2024\/01\/fiscalizacion-1-1-1_optimized.jpg","_links":{"self":[{"href":"https:\/\/radiorevelacionfm.cl\/index.php?rest_route=\/wp\/v2\/posts\/39184","targetHints":{"allow":["GET"]}}],"collection":[{"href":"https:\/\/radiorevelacionfm.cl\/index.php?rest_route=\/wp\/v2\/posts"}],"about":[{"href":"https:\/\/radiorevelacionfm.cl\/index.php?rest_route=\/wp\/v2\/types\/post"}],"author":[{"embeddable":true,"href":"https:\/\/radiorevelacionfm.cl\/index.php?rest_route=\/wp\/v2\/users\/1"}],"replies":[{"embeddable":true,"href":"https:\/\/radiorevelacionfm.cl\/index.php?rest_route=%2Fwp%2Fv2%2Fcomments&post=39184"}],"version-history":[{"count":1,"href":"https:\/\/radiorevelacionfm.cl\/index.php?rest_route=\/wp\/v2\/posts\/39184\/revisions"}],"predecessor-version":[{"id":39186,"href":"https:\/\/radiorevelacionfm.cl\/index.php?rest_route=\/wp\/v2\/posts\/39184\/revisions\/39186"}],"wp:featuredmedia":[{"embeddable":true,"href":"https:\/\/radiorevelacionfm.cl\/index.php?rest_route=\/wp\/v2\/media\/39185"}],"wp:attachment":[{"href":"https:\/\/radiorevelacionfm.cl\/index.php?rest_route=%2Fwp%2Fv2%2Fmedia&parent=39184"}],"wp:term":[{"taxonomy":"category","embeddable":true,"href":"https:\/\/radiorevelacionfm.cl\/index.php?rest_route=%2Fwp%2Fv2%2Fcategories&post=39184"},{"taxonomy":"post_tag","embeddable":true,"href":"https:\/\/radiorevelacionfm.cl\/index.php?rest_route=%2Fwp%2Fv2%2Ftags&post=39184"}],"curies":[{"name":"wp","href":"https:\/\/api.w.org\/{rel}","templated":true}]}}