{"id":39181,"date":"2024-01-26T09:37:10","date_gmt":"2024-01-26T12:37:10","guid":{"rendered":"https:\/\/radiorevelacionfm.cl\/?p=39181"},"modified":"2024-01-26T09:37:10","modified_gmt":"2024-01-26T12:37:10","slug":"gobierno-regional-y-corfo-impulsan-proyectos-sostenibles-en-la-region-de-aysen","status":"publish","type":"post","link":"https:\/\/radiorevelacionfm.cl\/?p=39181","title":{"rendered":"Gobierno Regional y Corfo impulsan proyectos sostenibles en la Regi\u00f3n de Ays\u00e9n"},"content":{"rendered":"<div class=\"flex_column av_one_full  flex_column_div av-zero-column-padding first  avia-builder-el-0  el_before_av_one_full  avia-builder-el-first  \" style='border-radius:0px; '><div  class='avia-image-container  av-styling-    avia-builder-el-1  avia-builder-el-no-sibling  avia-align-center '  itemprop=\"image\" itemscope=\"itemscope\" itemtype=\"https:\/\/schema.org\/ImageObject\"  ><div class='avia-image-container-inner'><div class='avia-image-overlay-wrap'><img decoding=\"async\" class='wp-image-39182 avia-img-lazy-loading-not-39182 avia_image' src=\"https:\/\/radiorevelacionfm.cl\/wp-content\/uploads\/2024\/01\/0125-energias-renovables-1-1_optimized.jpg\" alt='' title='0125-energias-renovables-1-(1)_optimized' height=\"600\" width=\"1067\"  itemprop=\"thumbnailUrl\" srcset=\"https:\/\/radiorevelacionfm.cl\/wp-content\/uploads\/2024\/01\/0125-energias-renovables-1-1_optimized.jpg 1067w, https:\/\/radiorevelacionfm.cl\/wp-content\/uploads\/2024\/01\/0125-energias-renovables-1-1_optimized-300x169.jpg 300w, https:\/\/radiorevelacionfm.cl\/wp-content\/uploads\/2024\/01\/0125-energias-renovables-1-1_optimized-1030x579.jpg 1030w, https:\/\/radiorevelacionfm.cl\/wp-content\/uploads\/2024\/01\/0125-energias-renovables-1-1_optimized-768x432.jpg 768w, https:\/\/radiorevelacionfm.cl\/wp-content\/uploads\/2024\/01\/0125-energias-renovables-1-1_optimized-705x396.jpg 705w, https:\/\/radiorevelacionfm.cl\/wp-content\/uploads\/2024\/01\/0125-energias-renovables-1-1_optimized-450x253.jpg 450w, https:\/\/radiorevelacionfm.cl\/wp-content\/uploads\/2024\/01\/0125-energias-renovables-1-1_optimized-600x337.jpg 600w\" sizes=\"(max-width: 1067px) 100vw, 1067px\" \/><\/div><\/div><\/div><\/div><div class=\"flex_column av_one_full  flex_column_div av-zero-column-padding first  avia-builder-el-2  el_after_av_one_full  el_before_av_one_full  column-top-margin\" style='border-radius:0px; '><section class=\"av_textblock_section \"  itemscope=\"itemscope\" itemtype=\"https:\/\/schema.org\/BlogPosting\" itemprop=\"blogPost\" ><div class='avia_textblock  '   itemprop=\"text\" ><p style=\"text-align: center;\"><span style=\"font-size: 18pt;\"><b><span lang=\"es-419\">Gobierno Regional y Corfo impulsan proyectos sostenibles en la Regi\u00f3n de Ays\u00e9n<\/span><\/b><\/span><\/p>\n<div id=\"gtx-trans\" style=\"position: absolute; left: -50px; top: 4.31534px;\">\n<div class=\"gtx-trans-icon\"><\/div>\n<\/div>\n<\/div><\/section><\/div><div class=\"flex_column av_one_full  flex_column_div av-zero-column-padding first  avia-builder-el-4  el_after_av_one_full  el_before_av_hr  column-top-margin\" style='border-radius:0px; '><section class=\"av_textblock_section \"  itemscope=\"itemscope\" itemtype=\"https:\/\/schema.org\/BlogPosting\" itemprop=\"blogPost\" ><div class='avia_textblock  '   itemprop=\"text\" ><p class=\"v1MsoNormal\" style=\"text-align: justify;\"><i><span lang=\"es-419\">Con el respaldo del Gobierno Regional de Ays\u00e9n y su Consejo, se promover\u00e1n iniciativas que impulsen la resiliencia ambiental y promuevan pr\u00e1cticas responsables.<\/span><\/i><\/p>\n<p class=\"v1MsoNormal\" style=\"text-align: justify;\"><span lang=\"es-419\">En un esfuerzo por fomentar la sostenibilidad y mitigar el cambio clim\u00e1tico, el programa Desarrolla Inversi\u00f3n de Corfo Ays\u00e9n aprob\u00f3 la ejecuci\u00f3n de una serie de iniciativas innovadoras. Estos proyectos con foco en Energ\u00edas Renovables, Producci\u00f3n de Pellet, Secado de Madera, entre otros, buscan no solo generar beneficios econ\u00f3micos, sino tambi\u00e9n contribuir al desarrollo regional sostenible y la creaci\u00f3n de empleo.<\/span><\/p>\n<p class=\"v1MsoNormal\" style=\"text-align: justify;\"><span lang=\"es-419\">Andrea Mac\u00edas Palma, Gobernadora Regional de Ays\u00e9n, se\u00f1al\u00f3 que \u00abeste programa refleja el compromiso de la Regi\u00f3n de Ays\u00e9n con la transici\u00f3n hacia un modelo econ\u00f3mico m\u00e1s sustentable. Esperemos que estos proyectos sirvan de inspiraci\u00f3n para otros lugares y as\u00ed fomentar la adopci\u00f3n generalizada de pr\u00e1cticas sostenibles en toda nuestra regi\u00f3n. La transici\u00f3n hacia una econom\u00eda m\u00e1s verde es esencial para abordar los desaf\u00edos del cambio clim\u00e1tico y promover un futuro m\u00e1s equitativo y sostenible\u00bb.<\/span><\/p>\n<p class=\"v1MsoNormal\" style=\"text-align: justify;\"><span lang=\"es-419\">Agreg\u00f3 que la adopci\u00f3n de tecnolog\u00edas limpias y pr\u00e1cticas sostenibles no solo benefician al entorno natural, sino que tambi\u00e9n posiciona a la regi\u00f3n como un ejemplo de liderazgo en la transici\u00f3n hacia un modelo econ\u00f3mico m\u00e1s sostenible.<\/span><\/p>\n<p class=\"v1MsoNormal\" style=\"text-align: justify;\"><span lang=\"es-419\">Por su parte, Humberto Mar\u00edn Leiva, director de Corfo Ays\u00e9n, destac\u00f3 la importancia de los proyectos aprobados como un paso significativo hacia un futuro m\u00e1s sostenible para la regi\u00f3n. Agreg\u00f3 que la diversificaci\u00f3n de fuentes de energ\u00eda y la adopci\u00f3n de tecnolog\u00edas renovables no solo fortalecer\u00e1n la econom\u00eda local, sino que tambi\u00e9n reducir\u00e1n nuestra huella ambiental, abriendo nuevas oportunidades para la industria regional. \u00abLa aprobaci\u00f3n de iniciativas como minicentrales hidroel\u00e9ctricas, secador de madera sostenible, sistemas fotovoltaicos autosustentables y una central e\u00f3lica evidencian nuestro enfoque integral en diversos sectores, desde la energ\u00eda hasta la producci\u00f3n de materiales sostenibles. En Corfo, apoyados por el Gobierno Regional de Ays\u00e9n, nos comprometemos a respaldar proyectos que generen beneficios econ\u00f3micos y contribuyan positivamente al medio ambiente, mejorando as\u00ed la calidad de vida de nuestra comunidad\u00bb.<\/span><\/p>\n<p class=\"v1MsoNormal\" style=\"text-align: justify;\"><span lang=\"es-419\">Con el objetivo de impulsar el desarrollo sostenible y la eficiencia energ\u00e9tica en la regi\u00f3n, se ejecutar\u00e1n diversos proyectos. Entre ellos, destaca la construcci\u00f3n de una minicentral hidroel\u00e9ctrica en Bah\u00eda Jara, dise\u00f1ada para autoabastecer las necesidades el\u00e9ctricas del Proyecto Cerecero en la zona. En Valle Simpson, se implementar\u00e1 un secador de madera de lenga utilizando energ\u00eda solar, con el prop\u00f3sito de agregar valor al producto y satisfacer la demanda regional. En Patagonian Basecamp Lodge, se instalar\u00e1 un sistema fotovoltaico autosustentable. Tambi\u00e9n, se proyecta la construcci\u00f3n de una central e\u00f3lica, Kosten, que generar\u00e1 750 kW mediante tres turbinas e\u00f3licas en Chile Chico.<\/span><\/p>\n<p class=\"v1MsoNormal\" style=\"text-align: justify;\"><span lang=\"es-419\">Otros proyectos incluyen la adquisici\u00f3n de paneles solares para las Caba\u00f1as Borde Lago en Puerto Ib\u00e1\u00f1ez, la modernizaci\u00f3n de procesos productivos con inversiones en equipos sostenibles en comunidades rurales, y la implementaci\u00f3n de energ\u00eda renovable en la Posada Paso Mayer.<\/span><\/p>\n<p class=\"v1MsoNormal\" style=\"text-align: justify;\"><span lang=\"es-419\">Asimismo, se planea construir una minicentral hidroel\u00e9ctrica en Pangal para beneficiar a Cervecer\u00eda Valle Pangal y otros empresarios del turismo, mientras que en Villa Ma\u00f1ihuales se desarrollar\u00e1 otra minicentral para respaldar servicios tur\u00edsticos y promover la eficiencia energ\u00e9tica.<\/span><\/p>\n<p class=\"v1MsoNormal\" style=\"text-align: justify;\"><span lang=\"es-419\">En Villa Ortega, se llevar\u00e1 a cabo la producci\u00f3n de forraje mediante riego tecnificado con una microcentral hidroel\u00e9ctrica y finalmente, la adquisici\u00f3n de una retroexcavadora en la faena forestal busca aumentar rendimientos y optimizar el uso de partes del \u00e1rbol para la producci\u00f3n de pellets, promoviendo pr\u00e1cticas m\u00e1s sostenibles en la regi\u00f3n.<\/span><\/p>\n<p class=\"v1MsoNormal\" style=\"text-align: justify;\"><span lang=\"es-419\">\u00a0<\/span><\/p>\n<\/div><\/section><\/div><div  style='height:50px' class='hr hr-invisible   avia-builder-el-6  el_after_av_one_full  el_before_av_social_share '><span class='hr-inner ' ><span class='hr-inner-style'><\/span><\/span><\/div><\/p>\n<div  class='av-social-sharing-box  avia-builder-el-7  el_after_av_hr  el_before_av_hr  '><div class='av-share-box'><h5 class='av-share-link-description av-no-toc '>Compartir esta noticia<\/h5><ul class='av-share-box-list noLightbox'><li class='av-share-link av-social-link-facebook' ><a target=\"_blank\" aria-label=\"Compartir en Facebook\" href='https:\/\/www.facebook.com\/sharer.php?u=https:\/\/radiorevelacionfm.cl\/?p=39181&#038;t=Gobierno%20Regional%20y%20Corfo%20impulsan%20proyectos%20sostenibles%20en%20la%20Regi%C3%B3n%20de%20Ays%C3%A9n' aria-hidden='false' data-av_icon='\ue8f3' data-av_iconfont='entypo-fontello' title='' data-avia-related-tooltip='Compartir en Facebook' rel=\"noopener\"><span class='avia_hidden_link_text'>Compartir en Facebook<\/span><\/a><\/li><li class='av-share-link av-social-link-twitter' ><a target=\"_blank\" aria-label=\"Compartir en Twitter\" href='https:\/\/twitter.com\/share?text=Gobierno%20Regional%20y%20Corfo%20impulsan%20proyectos%20sostenibles%20en%20la%20Regi%C3%B3n%20de%20Ays%C3%A9n&#038;url=https:\/\/radiorevelacionfm.cl\/?p=39181' aria-hidden='false' data-av_icon='\ue8f1' data-av_iconfont='entypo-fontello' title='' data-avia-related-tooltip='Compartir en Twitter' rel=\"noopener\"><span class='avia_hidden_link_text'>Compartir en Twitter<\/span><\/a><\/li><li class='av-share-link av-social-link-whatsapp' ><a target=\"_blank\" aria-label=\"Compartir en Whatsapp\" href='https:\/\/api.whatsapp.com\/send?text=https:\/\/radiorevelacionfm.cl\/?p=39181' aria-hidden='false' data-av_icon='\uf232' data-av_iconfont='entypo-fontello' title='' data-avia-related-tooltip='Compartir en Whatsapp' rel=\"noopener\"><span class='avia_hidden_link_text'>Compartir en Whatsapp<\/span><\/a><\/li><li class='av-share-link av-social-link-linkedin' ><a target=\"_blank\" aria-label=\"Compartir en LinkedIn\" href='https:\/\/linkedin.com\/shareArticle?mini=true&#038;title=Gobierno%20Regional%20y%20Corfo%20impulsan%20proyectos%20sostenibles%20en%20la%20Regi%C3%B3n%20de%20Ays%C3%A9n&#038;url=https:\/\/radiorevelacionfm.cl\/?p=39181' aria-hidden='false' data-av_icon='\ue8fc' data-av_iconfont='entypo-fontello' title='' data-avia-related-tooltip='Compartir en LinkedIn' rel=\"noopener\"><span class='avia_hidden_link_text'>Compartir en LinkedIn<\/span><\/a><\/li><li class='av-share-link av-social-link-mail' ><a  aria-label=\"Compartir por correo\" href='mailto:?subject=Gobierno%20Regional%20y%20Corfo%20impulsan%20proyectos%20sostenibles%20en%20la%20Regi%C3%B3n%20de%20Ays%C3%A9n&#038;body=https:\/\/radiorevelacionfm.cl\/?p=39181' aria-hidden='false' data-av_icon='\ue805' data-av_iconfont='entypo-fontello' title='' data-avia-related-tooltip='Compartir por correo'><span class='avia_hidden_link_text'>Compartir por correo<\/span><\/a><\/li><\/ul><\/div><\/div>\n<div  style='height:50px' class='hr hr-invisible   avia-builder-el-8  el_after_av_social_share  el_before_av_comments_list '><span class='hr-inner ' ><span class='hr-inner-style'><\/span><\/span><\/div>\n<div  class='av-buildercomment  av-blog-meta-html-info-disabled av-blog-meta-tag-disabled  '><\/div>\n","protected":false},"excerpt":{"rendered":"","protected":false},"author":1,"featured_media":39182,"comment_status":"open","ping_status":"open","sticky":false,"template":"","format":"standard","meta":{"footnotes":""},"categories":[38],"tags":[],"class_list":["post-39181","post","type-post","status-publish","format-standard","has-post-thumbnail","hentry","category-regional"],"jetpack_featured_media_url":"https:\/\/radiorevelacionfm.cl\/wp-content\/uploads\/2024\/01\/0125-energias-renovables-1-1_optimized.jpg","_links":{"self":[{"href":"https:\/\/radiorevelacionfm.cl\/index.php?rest_route=\/wp\/v2\/posts\/39181","targetHints":{"allow":["GET"]}}],"collection":[{"href":"https:\/\/radiorevelacionfm.cl\/index.php?rest_route=\/wp\/v2\/posts"}],"about":[{"href":"https:\/\/radiorevelacionfm.cl\/index.php?rest_route=\/wp\/v2\/types\/post"}],"author":[{"embeddable":true,"href":"https:\/\/radiorevelacionfm.cl\/index.php?rest_route=\/wp\/v2\/users\/1"}],"replies":[{"embeddable":true,"href":"https:\/\/radiorevelacionfm.cl\/index.php?rest_route=%2Fwp%2Fv2%2Fcomments&post=39181"}],"version-history":[{"count":1,"href":"https:\/\/radiorevelacionfm.cl\/index.php?rest_route=\/wp\/v2\/posts\/39181\/revisions"}],"predecessor-version":[{"id":39183,"href":"https:\/\/radiorevelacionfm.cl\/index.php?rest_route=\/wp\/v2\/posts\/39181\/revisions\/39183"}],"wp:featuredmedia":[{"embeddable":true,"href":"https:\/\/radiorevelacionfm.cl\/index.php?rest_route=\/wp\/v2\/media\/39182"}],"wp:attachment":[{"href":"https:\/\/radiorevelacionfm.cl\/index.php?rest_route=%2Fwp%2Fv2%2Fmedia&parent=39181"}],"wp:term":[{"taxonomy":"category","embeddable":true,"href":"https:\/\/radiorevelacionfm.cl\/index.php?rest_route=%2Fwp%2Fv2%2Fcategories&post=39181"},{"taxonomy":"post_tag","embeddable":true,"href":"https:\/\/radiorevelacionfm.cl\/index.php?rest_route=%2Fwp%2Fv2%2Ftags&post=39181"}],"curies":[{"name":"wp","href":"https:\/\/api.w.org\/{rel}","templated":true}]}}