{"id":39175,"date":"2024-01-25T18:15:12","date_gmt":"2024-01-25T21:15:12","guid":{"rendered":"https:\/\/radiorevelacionfm.cl\/?p=39175"},"modified":"2024-01-25T18:15:12","modified_gmt":"2024-01-25T21:15:12","slug":"puerto-aysen-vecinos-as-del-barrio-la-balsa-ya-disfrutan-de-su-renovada-plazoleta","status":"publish","type":"post","link":"https:\/\/radiorevelacionfm.cl\/?p=39175","title":{"rendered":"Puerto Ays\u00e9n: Vecinos\/as del Barrio La Balsa ya disfrutan de su renovada plazoleta"},"content":{"rendered":"<div class=\"flex_column av_one_full  flex_column_div av-zero-column-padding first  avia-builder-el-0  el_before_av_one_full  avia-builder-el-first  \" style='border-radius:0px; '><div  class='avia-image-container  av-styling-    avia-builder-el-1  avia-builder-el-no-sibling  avia-align-center '  itemprop=\"image\" itemscope=\"itemscope\" itemtype=\"https:\/\/schema.org\/ImageObject\"  ><div class='avia-image-container-inner'><div class='avia-image-overlay-wrap'><img decoding=\"async\" class='wp-image-39176 avia-img-lazy-loading-not-39176 avia_image' src=\"https:\/\/radiorevelacionfm.cl\/wp-content\/uploads\/2024\/01\/corte-de-cinta-obras-mejoramiento-plaza-21-de-mayo-1_optimized.jpg\" alt='' title='corte-de-cinta-obras-mejoramiento-plaza-21-de-mayo-(1)_optimized' height=\"600\" width=\"901\"  itemprop=\"thumbnailUrl\" srcset=\"https:\/\/radiorevelacionfm.cl\/wp-content\/uploads\/2024\/01\/corte-de-cinta-obras-mejoramiento-plaza-21-de-mayo-1_optimized.jpg 901w, https:\/\/radiorevelacionfm.cl\/wp-content\/uploads\/2024\/01\/corte-de-cinta-obras-mejoramiento-plaza-21-de-mayo-1_optimized-300x200.jpg 300w, https:\/\/radiorevelacionfm.cl\/wp-content\/uploads\/2024\/01\/corte-de-cinta-obras-mejoramiento-plaza-21-de-mayo-1_optimized-768x511.jpg 768w, https:\/\/radiorevelacionfm.cl\/wp-content\/uploads\/2024\/01\/corte-de-cinta-obras-mejoramiento-plaza-21-de-mayo-1_optimized-705x469.jpg 705w, https:\/\/radiorevelacionfm.cl\/wp-content\/uploads\/2024\/01\/corte-de-cinta-obras-mejoramiento-plaza-21-de-mayo-1_optimized-450x300.jpg 450w, https:\/\/radiorevelacionfm.cl\/wp-content\/uploads\/2024\/01\/corte-de-cinta-obras-mejoramiento-plaza-21-de-mayo-1_optimized-600x400.jpg 600w\" sizes=\"(max-width: 901px) 100vw, 901px\" \/><\/div><\/div><\/div><\/div><div class=\"flex_column av_one_full  flex_column_div av-zero-column-padding first  avia-builder-el-2  el_after_av_one_full  el_before_av_one_full  column-top-margin\" style='border-radius:0px; '><section class=\"av_textblock_section \"  itemscope=\"itemscope\" itemtype=\"https:\/\/schema.org\/BlogPosting\" itemprop=\"blogPost\" ><div class='avia_textblock  '   itemprop=\"text\" ><p style=\"text-align: center;\"><span style=\"font-size: 18pt;\"><strong>Puerto Ays\u00e9n: Vecinos\/as del Barrio La Balsa ya disfrutan de su renovada plazoleta <\/strong><\/span><\/p>\n<div id=\"gtx-trans\" style=\"position: absolute; left: -50px; top: 4.31534px;\">\n<div class=\"gtx-trans-icon\"><\/div>\n<\/div>\n<\/div><\/section><\/div><div class=\"flex_column av_one_full  flex_column_div av-zero-column-padding first  avia-builder-el-4  el_after_av_one_full  el_before_av_hr  column-top-margin\" style='border-radius:0px; '><section class=\"av_textblock_section \"  itemscope=\"itemscope\" itemtype=\"https:\/\/schema.org\/BlogPosting\" itemprop=\"blogPost\" ><div class='avia_textblock  '   itemprop=\"text\" ><p style=\"text-align: justify;\">Con la participaci\u00f3n de autoridades y comunidad, se realiz\u00f3 recientemente la inauguraci\u00f3n de las obras de mejoramiento de la plazoleta 21 de mayo de Puerto Ays\u00e9n, proyecto impulsado por el municipio local y el Ministerio de Vivienda para mejorar la imagen y la calidad de vida de los vecinos y vecinas del barrio hist\u00f3rico La Balsa, uno de los m\u00e1s emblem\u00e1ticos y antiguos de la ciudad.<\/p>\n<p style=\"text-align: justify;\">El renovado espacio p\u00fablico se ubica donde antiguamente llegaban las embarcaciones y donde a\u00fan funciona uno de sus principales hoteles, por lo que todos los presentes coincidieron en valorar el positivo impacto del proyecto que potencia la identidad local generando adem\u00e1s renovados espacios de encuentro que aportan seguridad y comodidad para vecinos y visitantes.<\/p>\n<p style=\"text-align: justify;\">El proyecto consider\u00f3 la renovaci\u00f3n de todos los recorridos que llevan a diferentes \u00e1reas de la plaza, donde se repusieron esca\u00f1os y se crearon sectores de descanso con mesa de picnic, incluyendo nueva iluminaci\u00f3n y obras de paisajismo que dan m\u00e1s color y vida al lugar.<\/p>\n<p style=\"text-align: justify;\">Tras la destacada participaci\u00f3n de la Banda Instrumental de Carabineros de Ays\u00e9n, la Seremi de Vivienda, Paulina Ruz, record\u00f3 que todos estos cambios fueron definidos con participaci\u00f3n de la comunidad, la que de esta forma se hace parte de las definiciones de su presente y su futuro. \u201cEl significado es poder dar mejor vida comunitaria a las vecinas y vecinos. Cada detalle que hay ac\u00e1 refleja la llegada de las embarcaciones, cuando comienza a surgir esta ciudad. Tenemos la primera piedra que se dej\u00f3 en un sitio especial, un reconocimiento a la Orden Siervos de Mar\u00eda, tenemos un mural realizado por vecinos que refleja tambi\u00e9n la historia de Puerto Ays\u00e9n. Creemos que ese es el sentido de poder hacer un trabajo comunitario para fortalecer el tejido social. Escuchar c\u00f3mo los vecinos y vecinas quieren sus entornos, para mejorar los espacios p\u00fablicos con la accesibilidad universal necesaria, pero adem\u00e1s para crear ciudades m\u00e1s justas\u201d, manifest\u00f3.<\/p>\n<p style=\"text-align: justify;\">La obra fue valorada tambi\u00e9n por el Alcalde Julio Uribe, ya que es un nuevo adelanto para la comuna que est\u00e1 cumpliendo sus 96 a\u00f1os de existencia. \u201cEstamos trabajando con el Ministerio de Vivienda para embellecer estos sectores y lo hemos logrado. Hoy es un gran sitio de esparcimiento, en un barrio hist\u00f3rico, donde falta m\u00e1s de este mobiliario urbano, pero para eso estamos trabajando firmemente con el Ministerio, para poder sacar estos proyectos adelante y disfrutar de esta vista maravillosa, admirando nuestro Cerro Marchant y nuestros humedales urbanos\u201d, afirm\u00f3.<\/p>\n<p style=\"text-align: justify;\">De igual forma el Dirigente del Consejo Vecinal de Desarrollo del Barrio la Balsa, Camilo Fontanilla, expres\u00f3 su satisfacci\u00f3n de ver terminada una obra m\u00e1s su comunidad. \u201cEl programa Quiero Mi Barrio ha sido un gran aporte el desarrollo de este sector. Hoy vemos con mucha alegr\u00eda que se est\u00e1 recuperando el espacio p\u00fablico. Lo que s\u00ed nos preocupa en este momento es que hay obras que tenemos comprometidas y queremos que avancen, como el Centro de Cuidados, el cual tambi\u00e9n forma parte de la cartera de proyectos del Quiero Mi Barrio y que necesitamos que avance porque estos espacios albergan a la gente y son iniciativas que adem\u00e1s producen empleo\u201d, indic\u00f3.<\/p>\n<p style=\"text-align: justify;\">Finalmente, el Delegado Presidencial Provincial, Jorge D\u00edaz Guzm\u00e1n, tambi\u00e9n destac\u00f3 los positivos cambios que traen estas obras de mejoramiento. \u201cS\u00ed, yo creo que este es un lindo regalo en el aniversario de nuestra ciudad capital de la provincia y por lo tanto estamos muy contentos de haber recuperado todo este espacio que tiene muchos intereses tur\u00edsticos. As\u00ed que, bien por esta iniciativa del Ministerio de Vivienda y del Alcalde\u201d, manifest\u00f3.<\/p>\n<p style=\"text-align: justify;\">El mejoramiento de la plazoleta 21 de mayo de Puerto Ays\u00e9n fue ejecutado por la empresa de ingenier\u00eda de Juan Cerna Jara, con una inversi\u00f3n conjunta que super\u00f3 los 92 millones de pesos, recursos gestionados por el municipio a trav\u00e9s del programa D.S. 27 del Minvu, en la l\u00ednea de Mejoramiento de Viviendas y Barrios.<\/p>\n<\/div><\/section><\/div><div  style='height:50px' class='hr hr-invisible   avia-builder-el-6  el_after_av_one_full  el_before_av_social_share '><span class='hr-inner ' ><span class='hr-inner-style'><\/span><\/span><\/div><\/p>\n<div  class='av-social-sharing-box  avia-builder-el-7  el_after_av_hr  el_before_av_hr  '><div class='av-share-box'><h5 class='av-share-link-description av-no-toc '>Compartir esta noticia<\/h5><ul class='av-share-box-list noLightbox'><li class='av-share-link av-social-link-facebook' ><a target=\"_blank\" aria-label=\"Compartir en Facebook\" href='https:\/\/www.facebook.com\/sharer.php?u=https:\/\/radiorevelacionfm.cl\/?p=39175&#038;t=Puerto%20Ays%C3%A9n%3A%20Vecinos%2Fas%20del%20Barrio%20La%20Balsa%20ya%20disfrutan%20de%20su%20renovada%20plazoleta' aria-hidden='false' data-av_icon='\ue8f3' data-av_iconfont='entypo-fontello' title='' data-avia-related-tooltip='Compartir en Facebook' rel=\"noopener\"><span class='avia_hidden_link_text'>Compartir en Facebook<\/span><\/a><\/li><li class='av-share-link av-social-link-twitter' ><a target=\"_blank\" aria-label=\"Compartir en Twitter\" href='https:\/\/twitter.com\/share?text=Puerto%20Ays%C3%A9n%3A%20Vecinos%2Fas%20del%20Barrio%20La%20Balsa%20ya%20disfrutan%20de%20su%20renovada%20plazoleta&#038;url=https:\/\/radiorevelacionfm.cl\/?p=39175' aria-hidden='false' data-av_icon='\ue8f1' data-av_iconfont='entypo-fontello' title='' data-avia-related-tooltip='Compartir en Twitter' rel=\"noopener\"><span class='avia_hidden_link_text'>Compartir en Twitter<\/span><\/a><\/li><li class='av-share-link av-social-link-whatsapp' ><a target=\"_blank\" aria-label=\"Compartir en Whatsapp\" href='https:\/\/api.whatsapp.com\/send?text=https:\/\/radiorevelacionfm.cl\/?p=39175' aria-hidden='false' data-av_icon='\uf232' data-av_iconfont='entypo-fontello' title='' data-avia-related-tooltip='Compartir en Whatsapp' rel=\"noopener\"><span class='avia_hidden_link_text'>Compartir en Whatsapp<\/span><\/a><\/li><li class='av-share-link av-social-link-linkedin' ><a target=\"_blank\" aria-label=\"Compartir en LinkedIn\" href='https:\/\/linkedin.com\/shareArticle?mini=true&#038;title=Puerto%20Ays%C3%A9n%3A%20Vecinos%2Fas%20del%20Barrio%20La%20Balsa%20ya%20disfrutan%20de%20su%20renovada%20plazoleta&#038;url=https:\/\/radiorevelacionfm.cl\/?p=39175' aria-hidden='false' data-av_icon='\ue8fc' data-av_iconfont='entypo-fontello' title='' data-avia-related-tooltip='Compartir en LinkedIn' rel=\"noopener\"><span class='avia_hidden_link_text'>Compartir en LinkedIn<\/span><\/a><\/li><li class='av-share-link av-social-link-mail' ><a  aria-label=\"Compartir por correo\" href='mailto:?subject=Puerto%20Ays%C3%A9n%3A%20Vecinos%2Fas%20del%20Barrio%20La%20Balsa%20ya%20disfrutan%20de%20su%20renovada%20plazoleta&#038;body=https:\/\/radiorevelacionfm.cl\/?p=39175' aria-hidden='false' data-av_icon='\ue805' data-av_iconfont='entypo-fontello' title='' data-avia-related-tooltip='Compartir por correo'><span class='avia_hidden_link_text'>Compartir por correo<\/span><\/a><\/li><\/ul><\/div><\/div>\n<div  style='height:50px' class='hr hr-invisible   avia-builder-el-8  el_after_av_social_share  el_before_av_comments_list '><span class='hr-inner ' ><span class='hr-inner-style'><\/span><\/span><\/div>\n<div  class='av-buildercomment  av-blog-meta-html-info-disabled av-blog-meta-tag-disabled  '><\/div>\n","protected":false},"excerpt":{"rendered":"","protected":false},"author":1,"featured_media":39176,"comment_status":"open","ping_status":"open","sticky":false,"template":"","format":"standard","meta":{"footnotes":""},"categories":[38],"tags":[],"class_list":["post-39175","post","type-post","status-publish","format-standard","has-post-thumbnail","hentry","category-regional"],"jetpack_featured_media_url":"https:\/\/radiorevelacionfm.cl\/wp-content\/uploads\/2024\/01\/corte-de-cinta-obras-mejoramiento-plaza-21-de-mayo-1_optimized.jpg","_links":{"self":[{"href":"https:\/\/radiorevelacionfm.cl\/index.php?rest_route=\/wp\/v2\/posts\/39175","targetHints":{"allow":["GET"]}}],"collection":[{"href":"https:\/\/radiorevelacionfm.cl\/index.php?rest_route=\/wp\/v2\/posts"}],"about":[{"href":"https:\/\/radiorevelacionfm.cl\/index.php?rest_route=\/wp\/v2\/types\/post"}],"author":[{"embeddable":true,"href":"https:\/\/radiorevelacionfm.cl\/index.php?rest_route=\/wp\/v2\/users\/1"}],"replies":[{"embeddable":true,"href":"https:\/\/radiorevelacionfm.cl\/index.php?rest_route=%2Fwp%2Fv2%2Fcomments&post=39175"}],"version-history":[{"count":1,"href":"https:\/\/radiorevelacionfm.cl\/index.php?rest_route=\/wp\/v2\/posts\/39175\/revisions"}],"predecessor-version":[{"id":39177,"href":"https:\/\/radiorevelacionfm.cl\/index.php?rest_route=\/wp\/v2\/posts\/39175\/revisions\/39177"}],"wp:featuredmedia":[{"embeddable":true,"href":"https:\/\/radiorevelacionfm.cl\/index.php?rest_route=\/wp\/v2\/media\/39176"}],"wp:attachment":[{"href":"https:\/\/radiorevelacionfm.cl\/index.php?rest_route=%2Fwp%2Fv2%2Fmedia&parent=39175"}],"wp:term":[{"taxonomy":"category","embeddable":true,"href":"https:\/\/radiorevelacionfm.cl\/index.php?rest_route=%2Fwp%2Fv2%2Fcategories&post=39175"},{"taxonomy":"post_tag","embeddable":true,"href":"https:\/\/radiorevelacionfm.cl\/index.php?rest_route=%2Fwp%2Fv2%2Ftags&post=39175"}],"curies":[{"name":"wp","href":"https:\/\/api.w.org\/{rel}","templated":true}]}}