{"id":39172,"date":"2024-01-25T15:58:35","date_gmt":"2024-01-25T18:58:35","guid":{"rendered":"https:\/\/radiorevelacionfm.cl\/?p=39172"},"modified":"2024-01-25T15:58:35","modified_gmt":"2024-01-25T18:58:35","slug":"elige-tu-ruta-invitan-a-visitar-las-rutas-patrimoniales-de-aysen-en-vacaciones","status":"publish","type":"post","link":"https:\/\/radiorevelacionfm.cl\/?p=39172","title":{"rendered":"Elige Tu Ruta: Invitan a visitar las Rutas Patrimoniales de Ays\u00e9n en vacaciones"},"content":{"rendered":"<div class=\"flex_column av_one_full  flex_column_div av-zero-column-padding first  avia-builder-el-0  el_before_av_one_full  avia-builder-el-first  \" style='border-radius:0px; '><div  class='avia-image-container  av-styling-    avia-builder-el-1  avia-builder-el-no-sibling  avia-align-center '  itemprop=\"image\" itemscope=\"itemscope\" itemtype=\"https:\/\/schema.org\/ImageObject\"  ><div class='avia-image-container-inner'><div class='avia-image-overlay-wrap'><img decoding=\"async\" class='wp-image-39178 avia-img-lazy-loading-not-39178 avia_image' src=\"https:\/\/radiorevelacionfm.cl\/wp-content\/uploads\/2024\/01\/IMG_6926-1-1.jpeg\" alt='' title='IMG_6926 (1) (1)' height=\"600\" width=\"800\"  itemprop=\"thumbnailUrl\" srcset=\"https:\/\/radiorevelacionfm.cl\/wp-content\/uploads\/2024\/01\/IMG_6926-1-1.jpeg 800w, https:\/\/radiorevelacionfm.cl\/wp-content\/uploads\/2024\/01\/IMG_6926-1-1-300x225.jpeg 300w, https:\/\/radiorevelacionfm.cl\/wp-content\/uploads\/2024\/01\/IMG_6926-1-1-768x576.jpeg 768w, https:\/\/radiorevelacionfm.cl\/wp-content\/uploads\/2024\/01\/IMG_6926-1-1-705x529.jpeg 705w, https:\/\/radiorevelacionfm.cl\/wp-content\/uploads\/2024\/01\/IMG_6926-1-1-450x338.jpeg 450w, https:\/\/radiorevelacionfm.cl\/wp-content\/uploads\/2024\/01\/IMG_6926-1-1-600x450.jpeg 600w\" sizes=\"(max-width: 800px) 100vw, 800px\" \/><\/div><\/div><\/div><\/div>\n<div class=\"flex_column av_one_full  flex_column_div av-zero-column-padding first  avia-builder-el-2  el_after_av_one_full  el_before_av_one_full  column-top-margin\" style='border-radius:0px; '><section class=\"av_textblock_section \"  itemscope=\"itemscope\" itemtype=\"https:\/\/schema.org\/BlogPosting\" itemprop=\"blogPost\" ><div class='avia_textblock  '   itemprop=\"text\" ><p style=\"text-align: center;\"><strong><span style=\"font-size: 18pt;\">Elige Tu Ruta: Invitan a visitar las Rutas Patrimoniales de Ays\u00e9n en vacaciones<\/span><\/strong><\/p>\n<div id=\"gtx-trans\" style=\"position: absolute; left: -50px; top: 4.31534px;\">\n<div class=\"gtx-trans-icon\"><\/div>\n<\/div>\n<\/div><\/section><\/div><div class=\"flex_column av_one_full  flex_column_div av-zero-column-padding first  avia-builder-el-4  el_after_av_one_full  el_before_av_hr  column-top-margin\" style='border-radius:0px; '><section class=\"av_textblock_section \"  itemscope=\"itemscope\" itemtype=\"https:\/\/schema.org\/BlogPosting\" itemprop=\"blogPost\" ><div class='avia_textblock  '   itemprop=\"text\" ><p style=\"text-align: justify;\"><em>En el pa\u00eds, hay 80 rutas de car\u00e1cter cultural, natural, de memoria y derechos humanos, de las cuales, 5 se encuentran en la regi\u00f3n de Ays\u00e9n.<\/em><\/p>\n<p style=\"text-align: justify;\">Con el objetivo de dar valor a una serie de inmuebles y terrenos fiscales habilitados como recorridos patrimoniales aportando as\u00ed al turismo, la reactivaci\u00f3n econ\u00f3mica y el desarrollo local; el Ministerio de Bienes Nacionales junto a la Subsecretar\u00eda de Turismo, lanzaron la campa\u00f1a Elige Tu Ruta, dando a conocer diferentes rutas de car\u00e1cter natural, cultural, hist\u00f3rico y de memoria de Derechos Humanos habilitadas para la visita de las y los ciudadanos en el marco de la temporada estival.<\/p>\n<p style=\"text-align: justify;\">\u201cElige tu ruta\u201d es el llamado de las autoridades que potencia los m\u00e1s de 9.000 kil\u00f3metros de rutas, dispuestos en las 16 regiones del pa\u00eds. \u201cEstamos acercando el territorio a los chilenos y chilenas, a trav\u00e9s de 80 rutas, dise\u00f1adas en espacios fiscales de alto valor social, natural, cultural, paisaj\u00edstico e hist\u00f3rico\u201d, se\u00f1al\u00f3 la ministra de Bienes Nacionales, Marcela Sandoval.<\/p>\n<p style=\"text-align: justify;\">Por su parte, el subsecretario de la cartera, Sebasti\u00e1n Vergara, declar\u00f3 que \u201cla invitaci\u00f3n es a que elijan al menos una ruta y la incorporen en sus planificaciones de vacaciones, ya que sin duda va a ser un reencuentro con el patrimonio exquisito que tiene nuestro pa\u00eds, desde los \u00e1mbitos culturales, sociol\u00f3gicos, antropol\u00f3gicos, ambientalistas, etc. La verdad es que hay para todos los gustos y para todas las edades\u201d, expres\u00f3 la autoridad nacional.<\/p>\n<p style=\"text-align: justify;\"><u>Rutas en la regi\u00f3n<\/u><\/p>\n<p style=\"text-align: justify;\">Respecto de las rutas patrimoniales, la seremi de Bienes Nacionales, Irina Morend Valdebenito, se\u00f1al\u00f3 que \u201cEn nuestra regi\u00f3n de Ays\u00e9n tenemos cinco rutas patrimoniales que ponen en valor las tradiciones de antiguos pobladores e historiadores, rescatan recorridos de particular belleza esc\u00e9nica donde resalta la biodiversidad, pero tambi\u00e9n nuestra cultura patagona. Desde la Seremi de Bienes Nacionales, invitamos a recorrer estos senderos, porque los paisajes son imperdibles; hace poco, como funcionarios tuvimos oportunidad de recorrer la ruta patrimonial Parque Glaciar R\u00edo Mosco en Villa O\u00b4Higgins, por lo que invitamos a todas y todos a recorrer esta y las otras cuatro rutas que como Ministerio hemos creado para potenciar el turismo\u201d.<\/p>\n<p style=\"text-align: justify;\">En la regi\u00f3n de Ays\u00e9n, podr\u00e1s encontrar las rutas naturales: Ruta Patrimonial Cuenca del Palena: La Junta \u2013 Puerto Ra\u00fal Mar\u00edn Balmaceda, Ruta Patrimonial Lago Verde \u2013 Lago Palena, Huella Los Troperos: Andes Patag\u00f3nicos, Los Glaciares: Campo de Hielo Sur y Ruta Patrimonial: Parque Glaciar R\u00edo Mosco; adem\u00e1s de la ruta cultural Caleta Tortel: Campo de Hielo Norte.<\/p>\n<p style=\"text-align: justify;\">El Programa del Ministerio de Bienes Nacionales fue creado el a\u00f1o 2001 con la habilitaci\u00f3n del primer recorrido en uno de los senderos de trekking m\u00e1s australes del mundo, ubicado en la isla Navarino y emplazado en el cord\u00f3n monta\u00f1oso de los Dientes de Navarino. Desde ah\u00ed, a lo largo del territorio chileno, se han habilitado cerca de 9.245 kil\u00f3metros, permitiendo la se\u00f1alizaci\u00f3n y\/o caracterizaci\u00f3n de un total de 1.838 hitos patrimoniales, abarcando as\u00ed las 16 regiones y 174 comunas del pa\u00eds.<\/p>\n<p style=\"text-align: justify;\">Para conocer m\u00e1s, puede visitar el sitio web <a href=\"http:\/\/www.rutas.bienes.cl\">www.rutas.bienes.cl<\/a><\/p>\n<\/div><\/section><\/div><\/p>\n<div  style='height:50px' class='hr hr-invisible   avia-builder-el-6  el_after_av_one_full  el_before_av_social_share '><span class='hr-inner ' ><span class='hr-inner-style'><\/span><\/span><\/div>\n<div  class='av-social-sharing-box  avia-builder-el-7  el_after_av_hr  el_before_av_hr  '><div class='av-share-box'><h5 class='av-share-link-description av-no-toc '>Compartir esta noticia<\/h5><ul class='av-share-box-list noLightbox'><li class='av-share-link av-social-link-facebook' ><a target=\"_blank\" aria-label=\"Compartir en Facebook\" href='https:\/\/www.facebook.com\/sharer.php?u=https:\/\/radiorevelacionfm.cl\/?p=39172&#038;t=Elige%20Tu%20Ruta%3A%20Invitan%20a%20visitar%20las%20Rutas%20Patrimoniales%20de%20Ays%C3%A9n%20en%20vacaciones' aria-hidden='false' data-av_icon='\ue8f3' data-av_iconfont='entypo-fontello' title='' data-avia-related-tooltip='Compartir en Facebook' rel=\"noopener\"><span class='avia_hidden_link_text'>Compartir en Facebook<\/span><\/a><\/li><li class='av-share-link av-social-link-twitter' ><a target=\"_blank\" aria-label=\"Compartir en Twitter\" href='https:\/\/twitter.com\/share?text=Elige%20Tu%20Ruta%3A%20Invitan%20a%20visitar%20las%20Rutas%20Patrimoniales%20de%20Ays%C3%A9n%20en%20vacaciones&#038;url=https:\/\/radiorevelacionfm.cl\/?p=39172' aria-hidden='false' data-av_icon='\ue8f1' data-av_iconfont='entypo-fontello' title='' data-avia-related-tooltip='Compartir en Twitter' rel=\"noopener\"><span class='avia_hidden_link_text'>Compartir en Twitter<\/span><\/a><\/li><li class='av-share-link av-social-link-whatsapp' ><a target=\"_blank\" aria-label=\"Compartir en Whatsapp\" href='https:\/\/api.whatsapp.com\/send?text=https:\/\/radiorevelacionfm.cl\/?p=39172' aria-hidden='false' data-av_icon='\uf232' data-av_iconfont='entypo-fontello' title='' data-avia-related-tooltip='Compartir en Whatsapp' rel=\"noopener\"><span class='avia_hidden_link_text'>Compartir en Whatsapp<\/span><\/a><\/li><li class='av-share-link av-social-link-linkedin' ><a target=\"_blank\" aria-label=\"Compartir en LinkedIn\" href='https:\/\/linkedin.com\/shareArticle?mini=true&#038;title=Elige%20Tu%20Ruta%3A%20Invitan%20a%20visitar%20las%20Rutas%20Patrimoniales%20de%20Ays%C3%A9n%20en%20vacaciones&#038;url=https:\/\/radiorevelacionfm.cl\/?p=39172' aria-hidden='false' data-av_icon='\ue8fc' data-av_iconfont='entypo-fontello' title='' data-avia-related-tooltip='Compartir en LinkedIn' rel=\"noopener\"><span class='avia_hidden_link_text'>Compartir en LinkedIn<\/span><\/a><\/li><li class='av-share-link av-social-link-mail' ><a  aria-label=\"Compartir por correo\" href='mailto:?subject=Elige%20Tu%20Ruta%3A%20Invitan%20a%20visitar%20las%20Rutas%20Patrimoniales%20de%20Ays%C3%A9n%20en%20vacaciones&#038;body=https:\/\/radiorevelacionfm.cl\/?p=39172' aria-hidden='false' data-av_icon='\ue805' data-av_iconfont='entypo-fontello' title='' data-avia-related-tooltip='Compartir por correo'><span class='avia_hidden_link_text'>Compartir por correo<\/span><\/a><\/li><\/ul><\/div><\/div>\n<div  style='height:50px' class='hr hr-invisible   avia-builder-el-8  el_after_av_social_share  el_before_av_comments_list '><span class='hr-inner ' ><span class='hr-inner-style'><\/span><\/span><\/div>\n<div  class='av-buildercomment  av-blog-meta-html-info-disabled av-blog-meta-tag-disabled  '><\/div>\n","protected":false},"excerpt":{"rendered":"","protected":false},"author":1,"featured_media":39178,"comment_status":"open","ping_status":"open","sticky":false,"template":"","format":"standard","meta":{"footnotes":""},"categories":[54],"tags":[],"class_list":["post-39172","post","type-post","status-publish","format-standard","has-post-thumbnail","hentry","category-turismo"],"jetpack_featured_media_url":"https:\/\/radiorevelacionfm.cl\/wp-content\/uploads\/2024\/01\/IMG_6926-1-1.jpeg","_links":{"self":[{"href":"https:\/\/radiorevelacionfm.cl\/index.php?rest_route=\/wp\/v2\/posts\/39172","targetHints":{"allow":["GET"]}}],"collection":[{"href":"https:\/\/radiorevelacionfm.cl\/index.php?rest_route=\/wp\/v2\/posts"}],"about":[{"href":"https:\/\/radiorevelacionfm.cl\/index.php?rest_route=\/wp\/v2\/types\/post"}],"author":[{"embeddable":true,"href":"https:\/\/radiorevelacionfm.cl\/index.php?rest_route=\/wp\/v2\/users\/1"}],"replies":[{"embeddable":true,"href":"https:\/\/radiorevelacionfm.cl\/index.php?rest_route=%2Fwp%2Fv2%2Fcomments&post=39172"}],"version-history":[{"count":3,"href":"https:\/\/radiorevelacionfm.cl\/index.php?rest_route=\/wp\/v2\/posts\/39172\/revisions"}],"predecessor-version":[{"id":39180,"href":"https:\/\/radiorevelacionfm.cl\/index.php?rest_route=\/wp\/v2\/posts\/39172\/revisions\/39180"}],"wp:featuredmedia":[{"embeddable":true,"href":"https:\/\/radiorevelacionfm.cl\/index.php?rest_route=\/wp\/v2\/media\/39178"}],"wp:attachment":[{"href":"https:\/\/radiorevelacionfm.cl\/index.php?rest_route=%2Fwp%2Fv2%2Fmedia&parent=39172"}],"wp:term":[{"taxonomy":"category","embeddable":true,"href":"https:\/\/radiorevelacionfm.cl\/index.php?rest_route=%2Fwp%2Fv2%2Fcategories&post=39172"},{"taxonomy":"post_tag","embeddable":true,"href":"https:\/\/radiorevelacionfm.cl\/index.php?rest_route=%2Fwp%2Fv2%2Ftags&post=39172"}],"curies":[{"name":"wp","href":"https:\/\/api.w.org\/{rel}","templated":true}]}}