{"id":39169,"date":"2024-01-25T17:16:57","date_gmt":"2024-01-25T20:16:57","guid":{"rendered":"https:\/\/radiorevelacionfm.cl\/?p=39169"},"modified":"2024-01-25T17:16:57","modified_gmt":"2024-01-25T20:16:57","slug":"primera-tertulia-literaria-de-puerto-aysen-reunio-a-adultos-y-jovenes-en-una-instancia-de-liberacion-de-la-expresion-artistica","status":"publish","type":"post","link":"https:\/\/radiorevelacionfm.cl\/?p=39169","title":{"rendered":"Primera Tertulia Literaria de Puerto Ays\u00e9n reuni\u00f3 a adultos y j\u00f3venes en una instancia de liberaci\u00f3n de la expresi\u00f3n art\u00edstica"},"content":{"rendered":"<div class=\"flex_column av_one_full  flex_column_div av-zero-column-padding first  avia-builder-el-0  el_before_av_one_full  avia-builder-el-first  \" style='border-radius:0px; '><div  class='avia-image-container  av-styling-    avia-builder-el-1  avia-builder-el-no-sibling  avia-align-center '  itemprop=\"image\" itemscope=\"itemscope\" itemtype=\"https:\/\/schema.org\/ImageObject\"  ><div class='avia-image-container-inner'><div class='avia-image-overlay-wrap'><img decoding=\"async\" class='wp-image-39170 avia-img-lazy-loading-not-39170 avia_image' src=\"https:\/\/radiorevelacionfm.cl\/wp-content\/uploads\/2024\/01\/IMG_7271-1-1.jpg\" alt='' title='IMG_7271 (1) (1)' height=\"600\" width=\"900\"  itemprop=\"thumbnailUrl\" srcset=\"https:\/\/radiorevelacionfm.cl\/wp-content\/uploads\/2024\/01\/IMG_7271-1-1.jpg 900w, https:\/\/radiorevelacionfm.cl\/wp-content\/uploads\/2024\/01\/IMG_7271-1-1-300x200.jpg 300w, https:\/\/radiorevelacionfm.cl\/wp-content\/uploads\/2024\/01\/IMG_7271-1-1-768x512.jpg 768w, https:\/\/radiorevelacionfm.cl\/wp-content\/uploads\/2024\/01\/IMG_7271-1-1-705x470.jpg 705w, https:\/\/radiorevelacionfm.cl\/wp-content\/uploads\/2024\/01\/IMG_7271-1-1-450x300.jpg 450w, https:\/\/radiorevelacionfm.cl\/wp-content\/uploads\/2024\/01\/IMG_7271-1-1-600x400.jpg 600w\" sizes=\"(max-width: 900px) 100vw, 900px\" \/><\/div><\/div><\/div><\/div><div class=\"flex_column av_one_full  flex_column_div av-zero-column-padding first  avia-builder-el-2  el_after_av_one_full  el_before_av_one_full  column-top-margin\" style='border-radius:0px; '><section class=\"av_textblock_section \"  itemscope=\"itemscope\" itemtype=\"https:\/\/schema.org\/BlogPosting\" itemprop=\"blogPost\" ><div class='avia_textblock  '   itemprop=\"text\" ><p style=\"text-align: center;\"><strong><span style=\"font-size: 18pt;\">Primera Tertulia Literaria de Puerto Ays\u00e9n reuni\u00f3 a adultos y j\u00f3venes en una instancia de liberaci\u00f3n de la expresi\u00f3n art\u00edstica<\/span><\/strong><\/p>\n<div id=\"gtx-trans\" style=\"position: absolute; left: -50px; top: 4.31534px;\">\n<div class=\"gtx-trans-icon\"><\/div>\n<\/div>\n<\/div><\/section><\/div><div class=\"flex_column av_one_full  flex_column_div av-zero-column-padding first  avia-builder-el-4  el_after_av_one_full  el_before_av_hr  column-top-margin\" style='border-radius:0px; '><section class=\"av_textblock_section \"  itemscope=\"itemscope\" itemtype=\"https:\/\/schema.org\/BlogPosting\" itemprop=\"blogPost\" ><div class='avia_textblock  '   itemprop=\"text\" ><p style=\"text-align: justify;\"><em>Autores locales de Ays\u00e9n se reunieron en la biblioteca p\u00fablica N\u00ba149 para pasar una tarde llena de expresi\u00f3n de ideas y muestras de arte escrito y musical.<\/em><\/p>\n<p style=\"text-align: justify;\">En el marco de las actividades de Vive el Verano en Ays\u00e9n se celebr\u00f3 por primera vez la Tertulia Literaria en la biblioteca p\u00fablica de Puerto Ays\u00e9n.<\/p>\n<p style=\"text-align: justify;\">En esta ocasi\u00f3n se pudo contar con la presencia de Lucila Pizarro, autora de \u201cDonde todo comenz\u00f3, camino al Cerrito del Agua Potable\u201d, Sonia Delgado due\u00f1a de la obra \u201cLa vida no es f\u00e1cil\u201d, Claudio Rosso, escritor de \u201cAys\u00e9n Patagonia Chilena Cuentos y Recuerdos\u201d, la escritora y artista trans Amelia Jara y al cantautor V\u00edctor Flavio Vargas.<\/p>\n<p style=\"text-align: justify;\">En el encuentro, el moderador fue autor regional Eleodoro Sanhueza, el cual realiz\u00f3 preguntas para que los autores se explicaran sus formas de escribir, cu\u00e1l es el origen de su inspiraci\u00f3n, sus pr\u00f3ximas obras o consejos para escritores emergentes. Igualmente, se presentaron intervenciones musicales de Flavio Vargas.<\/p>\n<p style=\"text-align: justify;\">El Alcalde de la Comuna de Ays\u00e9n, Julio Uribe, dio sus impresiones de la actividad, \u201ccreo que es una instancia que hemos disfrutado mucho, la cantidad de p\u00fablico fue alta, estaba llena la biblioteca, eso da indicios a que vamos por un buen camino. Creo que el potenciar la cultura, la literatura y la m\u00fasica abre estos espacios de conversaci\u00f3n y de bienestar para las personas, por lo tanto, vamos a seguir impulsando mucho m\u00e1s estos espacios para que nuestros vecinos tengan un lugar para hablar del arte\u201d.<\/p>\n<p style=\"text-align: justify;\">Yasna Jara, encargada de la biblioteca p\u00fablica de Ays\u00e9n comenta que la iniciativa comenz\u00f3 hace unos meses, luego de que de la premiaci\u00f3n de Mar\u00eda Isabel Quintana por su trayectoria literaria donde se reunieron varios escritores locales se preguntaron \u201c\u00bfPor qu\u00e9 no nos juntamos a hacer una tertulia en el marco del aniversario de puerto Ays\u00e9n? As\u00ed que se hizo la invitaci\u00f3n y tuvimos mucha concurrencia, que es lo m\u00e1s grato, porque quiere decir que la biblioteca est\u00e1 llegando hacia las actividades para la comunidad y sobre todo, nuestra gente un espacio para encontrarse en la cultura\u201d<\/p>\n<p style=\"text-align: justify;\">La instancia tambi\u00e9n se prest\u00f3 para presentar un interesante proyecto llamado \u201cRevista Pasajera\u201d, una propuesta para presentar principalmente escritos de colaboradores ayseninos que deseen que se publique sus obras literarias y mostrarlo al p\u00fablico.<\/p>\n<p style=\"text-align: justify;\">Nicol Zamora, directora de la revista \u201cPasajera\u201d y parte de la organizaci\u00f3n del encuentro literario, comenta que \u201cse pudo expresar mucho, hubo mucha gente y de todas las edades y nos parece que fue una alta convocatoria, porque aunque de que ten\u00edamos fe de que iba a llegar gente, pero lleg\u00f3 mucha m\u00e1s de la que esper\u00e1bamos, as\u00ed que estamos felices por eso. Adem\u00e1s, nos encant\u00f3 la apertura de la intimidad de cada uno de los escritores y su proceso creativo, a su vez la participaci\u00f3n del p\u00fablico fue bastante activa\u201d.<\/p>\n<p style=\"text-align: justify;\">Claudio Rosso uno de los escritores invitados, manifest\u00f3 su gusto por el encuentro e invit\u00f3 a la todos los ayseninos a que puedan escribir y publicar sus propias obras.<\/p>\n<p style=\"text-align: justify;\">\u201cEstos eventos son para expresarnos con el mayor de los sentimientos por lo que hemos hecho en toda nuestra vida y eso reflejarlo en Ays\u00e9n. Eventos como estos, hacen un crecimiento personal muy grande, porque uno ve y se refleja en la cara de las personas, que quisieran estar insertos en lo que uno est\u00e1 haciendo de forma simple y sencilla, pero la gente le tiene miedo a la lectura y la escritura cuando, para m\u00ed por lo menos, es una de las bases del desarrollo del ser humano\u201d, culmin\u00f3 el escritor.<\/p>\n<\/div><\/section><\/div><div  style='height:50px' class='hr hr-invisible   avia-builder-el-6  el_after_av_one_full  el_before_av_social_share '><span class='hr-inner ' ><span class='hr-inner-style'><\/span><\/span><\/div><\/p>\n<div  class='av-social-sharing-box  avia-builder-el-7  el_after_av_hr  el_before_av_hr  '><div class='av-share-box'><h5 class='av-share-link-description av-no-toc '>Compartir esta noticia<\/h5><ul class='av-share-box-list noLightbox'><li class='av-share-link av-social-link-facebook' ><a target=\"_blank\" aria-label=\"Compartir en Facebook\" href='https:\/\/www.facebook.com\/sharer.php?u=https:\/\/radiorevelacionfm.cl\/?p=39169&#038;t=Primera%20Tertulia%20Literaria%20de%20Puerto%20Ays%C3%A9n%20reuni%C3%B3%20a%20adultos%20y%20j%C3%B3venes%20en%20una%20instancia%20de%20liberaci%C3%B3n%20de%20la%20expresi%C3%B3n%20art%C3%ADstica' aria-hidden='false' data-av_icon='\ue8f3' data-av_iconfont='entypo-fontello' title='' data-avia-related-tooltip='Compartir en Facebook' rel=\"noopener\"><span class='avia_hidden_link_text'>Compartir en Facebook<\/span><\/a><\/li><li class='av-share-link av-social-link-twitter' ><a target=\"_blank\" aria-label=\"Compartir en Twitter\" href='https:\/\/twitter.com\/share?text=Primera%20Tertulia%20Literaria%20de%20Puerto%20Ays%C3%A9n%20reuni%C3%B3%20a%20adultos%20y%20j%C3%B3venes%20en%20una%20instancia%20de%20liberaci%C3%B3n%20de%20la%20expresi%C3%B3n%20art%C3%ADstica&#038;url=https:\/\/radiorevelacionfm.cl\/?p=39169' aria-hidden='false' data-av_icon='\ue8f1' data-av_iconfont='entypo-fontello' title='' data-avia-related-tooltip='Compartir en Twitter' rel=\"noopener\"><span class='avia_hidden_link_text'>Compartir en Twitter<\/span><\/a><\/li><li class='av-share-link av-social-link-whatsapp' ><a target=\"_blank\" aria-label=\"Compartir en Whatsapp\" href='https:\/\/api.whatsapp.com\/send?text=https:\/\/radiorevelacionfm.cl\/?p=39169' aria-hidden='false' data-av_icon='\uf232' data-av_iconfont='entypo-fontello' title='' data-avia-related-tooltip='Compartir en Whatsapp' rel=\"noopener\"><span class='avia_hidden_link_text'>Compartir en Whatsapp<\/span><\/a><\/li><li class='av-share-link av-social-link-linkedin' ><a target=\"_blank\" aria-label=\"Compartir en LinkedIn\" href='https:\/\/linkedin.com\/shareArticle?mini=true&#038;title=Primera%20Tertulia%20Literaria%20de%20Puerto%20Ays%C3%A9n%20reuni%C3%B3%20a%20adultos%20y%20j%C3%B3venes%20en%20una%20instancia%20de%20liberaci%C3%B3n%20de%20la%20expresi%C3%B3n%20art%C3%ADstica&#038;url=https:\/\/radiorevelacionfm.cl\/?p=39169' aria-hidden='false' data-av_icon='\ue8fc' data-av_iconfont='entypo-fontello' title='' data-avia-related-tooltip='Compartir en LinkedIn' rel=\"noopener\"><span class='avia_hidden_link_text'>Compartir en LinkedIn<\/span><\/a><\/li><li class='av-share-link av-social-link-mail' ><a  aria-label=\"Compartir por correo\" href='mailto:?subject=Primera%20Tertulia%20Literaria%20de%20Puerto%20Ays%C3%A9n%20reuni%C3%B3%20a%20adultos%20y%20j%C3%B3venes%20en%20una%20instancia%20de%20liberaci%C3%B3n%20de%20la%20expresi%C3%B3n%20art%C3%ADstica&#038;body=https:\/\/radiorevelacionfm.cl\/?p=39169' aria-hidden='false' data-av_icon='\ue805' data-av_iconfont='entypo-fontello' title='' data-avia-related-tooltip='Compartir por correo'><span class='avia_hidden_link_text'>Compartir por correo<\/span><\/a><\/li><\/ul><\/div><\/div>\n<div  style='height:50px' class='hr hr-invisible   avia-builder-el-8  el_after_av_social_share  el_before_av_comments_list '><span class='hr-inner ' ><span class='hr-inner-style'><\/span><\/span><\/div>\n<div  class='av-buildercomment  av-blog-meta-html-info-disabled av-blog-meta-tag-disabled  '><\/div>\n","protected":false},"excerpt":{"rendered":"","protected":false},"author":1,"featured_media":39170,"comment_status":"open","ping_status":"open","sticky":false,"template":"","format":"standard","meta":{"footnotes":""},"categories":[38],"tags":[],"class_list":["post-39169","post","type-post","status-publish","format-standard","has-post-thumbnail","hentry","category-regional"],"jetpack_featured_media_url":"https:\/\/radiorevelacionfm.cl\/wp-content\/uploads\/2024\/01\/IMG_7271-1-1.jpg","_links":{"self":[{"href":"https:\/\/radiorevelacionfm.cl\/index.php?rest_route=\/wp\/v2\/posts\/39169","targetHints":{"allow":["GET"]}}],"collection":[{"href":"https:\/\/radiorevelacionfm.cl\/index.php?rest_route=\/wp\/v2\/posts"}],"about":[{"href":"https:\/\/radiorevelacionfm.cl\/index.php?rest_route=\/wp\/v2\/types\/post"}],"author":[{"embeddable":true,"href":"https:\/\/radiorevelacionfm.cl\/index.php?rest_route=\/wp\/v2\/users\/1"}],"replies":[{"embeddable":true,"href":"https:\/\/radiorevelacionfm.cl\/index.php?rest_route=%2Fwp%2Fv2%2Fcomments&post=39169"}],"version-history":[{"count":1,"href":"https:\/\/radiorevelacionfm.cl\/index.php?rest_route=\/wp\/v2\/posts\/39169\/revisions"}],"predecessor-version":[{"id":39171,"href":"https:\/\/radiorevelacionfm.cl\/index.php?rest_route=\/wp\/v2\/posts\/39169\/revisions\/39171"}],"wp:featuredmedia":[{"embeddable":true,"href":"https:\/\/radiorevelacionfm.cl\/index.php?rest_route=\/wp\/v2\/media\/39170"}],"wp:attachment":[{"href":"https:\/\/radiorevelacionfm.cl\/index.php?rest_route=%2Fwp%2Fv2%2Fmedia&parent=39169"}],"wp:term":[{"taxonomy":"category","embeddable":true,"href":"https:\/\/radiorevelacionfm.cl\/index.php?rest_route=%2Fwp%2Fv2%2Fcategories&post=39169"},{"taxonomy":"post_tag","embeddable":true,"href":"https:\/\/radiorevelacionfm.cl\/index.php?rest_route=%2Fwp%2Fv2%2Ftags&post=39169"}],"curies":[{"name":"wp","href":"https:\/\/api.w.org\/{rel}","templated":true}]}}