{"id":39167,"date":"2024-01-26T13:27:15","date_gmt":"2024-01-26T16:27:15","guid":{"rendered":"https:\/\/radiorevelacionfm.cl\/?p=39167"},"modified":"2024-01-26T13:27:15","modified_gmt":"2024-01-26T16:27:15","slug":"sandoval-por-rol-de-nuevo-administrador-provisional-en-uaysen-en-sus-manos-esta-el-futuro-de-muchos-jovenes-y-de-recuperar-la-esencia-del-proyecto-para-toda-la-region","status":"publish","type":"post","link":"https:\/\/radiorevelacionfm.cl\/?p=39167","title":{"rendered":"Sandoval por rol de nuevo Administrador Provisional en UAys\u00e9n: \u201cEn sus manos est\u00e1 el futuro de muchos j\u00f3venes y de recuperar la esencia del proyecto para toda la regi\u00f3n\u201d"},"content":{"rendered":"<div class=\"flex_column av_one_full  flex_column_div av-zero-column-padding first  avia-builder-el-0  el_before_av_one_full  avia-builder-el-first  \" style='border-radius:0px; '><div  class='avia-image-container  av-styling-    avia-builder-el-1  avia-builder-el-no-sibling  avia-align-center '  itemprop=\"image\" itemscope=\"itemscope\" itemtype=\"https:\/\/schema.org\/ImageObject\"  ><div class='avia-image-container-inner'><div class='avia-image-overlay-wrap'><img decoding=\"async\" class='wp-image-4797 avia-img-lazy-loading-not-4797 avia_image' src=\"https:\/\/radiorevelacionfm.cl\/wp-content\/uploads\/2021\/06\/Sandoval-8-1-1.jpg\" alt='' title='Sandoval-8 (1) (1)' height=\"600\" width=\"926\"  itemprop=\"thumbnailUrl\" srcset=\"https:\/\/radiorevelacionfm.cl\/wp-content\/uploads\/2021\/06\/Sandoval-8-1-1.jpg 926w, https:\/\/radiorevelacionfm.cl\/wp-content\/uploads\/2021\/06\/Sandoval-8-1-1-300x194.jpg 300w, https:\/\/radiorevelacionfm.cl\/wp-content\/uploads\/2021\/06\/Sandoval-8-1-1-768x498.jpg 768w, https:\/\/radiorevelacionfm.cl\/wp-content\/uploads\/2021\/06\/Sandoval-8-1-1-705x457.jpg 705w, https:\/\/radiorevelacionfm.cl\/wp-content\/uploads\/2021\/06\/Sandoval-8-1-1-600x389.jpg 600w\" sizes=\"(max-width: 926px) 100vw, 926px\" \/><\/div><\/div><\/div><\/div><div class=\"flex_column av_one_full  flex_column_div av-zero-column-padding first  avia-builder-el-2  el_after_av_one_full  el_before_av_one_full  column-top-margin\" style='border-radius:0px; '><section class=\"av_textblock_section \"  itemscope=\"itemscope\" itemtype=\"https:\/\/schema.org\/BlogPosting\" itemprop=\"blogPost\" ><div class='avia_textblock  '   itemprop=\"text\" ><p style=\"text-align: center;\"><strong><span style=\"font-size: 18pt;\">Sandoval por rol de nuevo Administrador Provisional en UAys\u00e9n: \u201cEn sus manos est\u00e1 el futuro de muchos j\u00f3venes y de recuperar la esencia del proyecto para toda la regi\u00f3n\u201d<\/span><\/strong><\/p>\n<div id=\"gtx-trans\" style=\"position: absolute; left: -50px; top: 4.31534px;\">\n<div class=\"gtx-trans-icon\"><\/div>\n<\/div>\n<\/div><\/section><\/div><div class=\"flex_column av_one_full  flex_column_div av-zero-column-padding first  avia-builder-el-4  el_after_av_one_full  el_before_av_hr  column-top-margin\" style='border-radius:0px; '><section class=\"av_textblock_section \"  itemscope=\"itemscope\" itemtype=\"https:\/\/schema.org\/BlogPosting\" itemprop=\"blogPost\" ><div class='avia_textblock  '   itemprop=\"text\" ><p style=\"text-align: justify;\"><em>Parlamentario insisti\u00f3 que el grado de deterioro administrativo, institucional y econ\u00f3mico ameritaba una intervenci\u00f3n profunda.<\/em><\/p>\n<p style=\"text-align: justify;\">\u201cHemos estado muy atentos al proceso de instalaci\u00f3n del nuevo administrador provisional de la universidad de Ays\u00e9n, Juan Pablo Prieto\u201d. As\u00ed lo se\u00f1al\u00f3 el senador David Sandoval al referirse a los pasos que se han dado en las \u00faltimas semanas para enfrentar la crisis en dicha instituci\u00f3n.<\/p>\n<p style=\"text-align: justify;\">Al respecto, el parlamentario recalc\u00f3 que se debe entender que \u201cel grado de deterioro administrativo, institucional, financiero\u201d, requer\u00eda de una intervenci\u00f3n bastante profunda, que es lo que se est\u00e1 poniendo en marcha por estos d\u00edas, por lo cual dijo desear el mayor de los \u00e9xitos al acad\u00e9mico, manifestando toda su voluntad para \u201cacompa\u00f1ar y colaborar en esta instancia\u201d.<\/p>\n<p style=\"text-align: justify;\">En ese sentido, Sandoval recalc\u00f3 que \u00e9ste \u201ces un proyecto de la regi\u00f3n de Ays\u00e9n, y eso tiene que entenderlo quienes forman parte de la estructura institucional\u201d, agregando que la universidad es un espacio de todos y no solo para algunos, apuntando a que debe terminarse \u201ccon el fantasma\u201d de la fuerte presencia y vinculaci\u00f3n pol\u00edtica que tuvo el proyecto \u201ca consecuencia de administraciones anteriores\u201d, puntualizando que \u201caqu\u00ed hay que cambiarle el sello absoluto\u201d.<\/p>\n<p style=\"text-align: justify;\">Adem\u00e1s, el legislador volvi\u00f3 a destacar el rol y voluntad que tuvo la propia Superintendencia de Educaci\u00f3n Superior (SES), \u201cquien siendo parte de esta misma realidad asume el desaf\u00edo y se toman estas decisiones\u201d.<\/p>\n<p style=\"text-align: justify;\">Con todo, el senador Sandoval subray\u00f3 que el administrador provisional tiene \u201cen sus manos el futuro de cientos de j\u00f3venes de la regi\u00f3n, en recuperar la esencia del proyecto y vincularlo con lo que es la regi\u00f3n\u201d, reiterando que estar\u00e1 atento a c\u00f3mo se lleve adelante el proceso y \u201cc\u00f3mo esta administraci\u00f3n le da el giro radical y absoluto al proyecto de la universidad de Ays\u00e9n\u201d.<\/p>\n<\/div><\/section><\/div><div  style='height:50px' class='hr hr-invisible   avia-builder-el-6  el_after_av_one_full  el_before_av_social_share '><span class='hr-inner ' ><span class='hr-inner-style'><\/span><\/span><\/div><\/p>\n<div  class='av-social-sharing-box  avia-builder-el-7  el_after_av_hr  el_before_av_hr  '><div class='av-share-box'><h5 class='av-share-link-description av-no-toc '>Compartir esta noticia<\/h5><ul class='av-share-box-list noLightbox'><li class='av-share-link av-social-link-facebook' ><a target=\"_blank\" aria-label=\"Compartir en Facebook\" href='https:\/\/www.facebook.com\/sharer.php?u=https:\/\/radiorevelacionfm.cl\/?p=39167&#038;t=Sandoval%20por%20rol%20de%20nuevo%20Administrador%20Provisional%20en%20UAys%C3%A9n%3A%20%E2%80%9CEn%20sus%20manos%20est%C3%A1%20el%20futuro%20de%20muchos%20j%C3%B3venes%20y%20de%20recuperar%20la%20esencia%20del%20proyecto%20para%20toda%20la%20regi%C3%B3n%E2%80%9D' aria-hidden='false' data-av_icon='\ue8f3' data-av_iconfont='entypo-fontello' title='' data-avia-related-tooltip='Compartir en Facebook' rel=\"noopener\"><span class='avia_hidden_link_text'>Compartir en Facebook<\/span><\/a><\/li><li class='av-share-link av-social-link-twitter' ><a target=\"_blank\" aria-label=\"Compartir en Twitter\" href='https:\/\/twitter.com\/share?text=Sandoval%20por%20rol%20de%20nuevo%20Administrador%20Provisional%20en%20UAys%C3%A9n%3A%20%E2%80%9CEn%20sus%20manos%20est%C3%A1%20el%20futuro%20de%20muchos%20j%C3%B3venes%20y%20de%20recuperar%20la%20esencia%20del%20proyecto%20para%20toda%20la%20regi%C3%B3n%E2%80%9D&#038;url=https:\/\/radiorevelacionfm.cl\/?p=39167' aria-hidden='false' data-av_icon='\ue8f1' data-av_iconfont='entypo-fontello' title='' data-avia-related-tooltip='Compartir en Twitter' rel=\"noopener\"><span class='avia_hidden_link_text'>Compartir en Twitter<\/span><\/a><\/li><li class='av-share-link av-social-link-whatsapp' ><a target=\"_blank\" aria-label=\"Compartir en Whatsapp\" href='https:\/\/api.whatsapp.com\/send?text=https:\/\/radiorevelacionfm.cl\/?p=39167' aria-hidden='false' data-av_icon='\uf232' data-av_iconfont='entypo-fontello' title='' data-avia-related-tooltip='Compartir en Whatsapp' rel=\"noopener\"><span class='avia_hidden_link_text'>Compartir en Whatsapp<\/span><\/a><\/li><li class='av-share-link av-social-link-linkedin' ><a target=\"_blank\" aria-label=\"Compartir en LinkedIn\" href='https:\/\/linkedin.com\/shareArticle?mini=true&#038;title=Sandoval%20por%20rol%20de%20nuevo%20Administrador%20Provisional%20en%20UAys%C3%A9n%3A%20%E2%80%9CEn%20sus%20manos%20est%C3%A1%20el%20futuro%20de%20muchos%20j%C3%B3venes%20y%20de%20recuperar%20la%20esencia%20del%20proyecto%20para%20toda%20la%20regi%C3%B3n%E2%80%9D&#038;url=https:\/\/radiorevelacionfm.cl\/?p=39167' aria-hidden='false' data-av_icon='\ue8fc' data-av_iconfont='entypo-fontello' title='' data-avia-related-tooltip='Compartir en LinkedIn' rel=\"noopener\"><span class='avia_hidden_link_text'>Compartir en LinkedIn<\/span><\/a><\/li><li class='av-share-link av-social-link-mail' ><a  aria-label=\"Compartir por correo\" href='mailto:?subject=Sandoval%20por%20rol%20de%20nuevo%20Administrador%20Provisional%20en%20UAys%C3%A9n%3A%20%E2%80%9CEn%20sus%20manos%20est%C3%A1%20el%20futuro%20de%20muchos%20j%C3%B3venes%20y%20de%20recuperar%20la%20esencia%20del%20proyecto%20para%20toda%20la%20regi%C3%B3n%E2%80%9D&#038;body=https:\/\/radiorevelacionfm.cl\/?p=39167' aria-hidden='false' data-av_icon='\ue805' data-av_iconfont='entypo-fontello' title='' data-avia-related-tooltip='Compartir por correo'><span class='avia_hidden_link_text'>Compartir por correo<\/span><\/a><\/li><\/ul><\/div><\/div>\n<div  style='height:50px' class='hr hr-invisible   avia-builder-el-8  el_after_av_social_share  el_before_av_comments_list '><span class='hr-inner ' ><span class='hr-inner-style'><\/span><\/span><\/div>\n<div  class='av-buildercomment  av-blog-meta-html-info-disabled av-blog-meta-tag-disabled  '><\/div>\n","protected":false},"excerpt":{"rendered":"","protected":false},"author":1,"featured_media":4797,"comment_status":"open","ping_status":"open","sticky":false,"template":"","format":"standard","meta":{"footnotes":""},"categories":[35],"tags":[],"class_list":["post-39167","post","type-post","status-publish","format-standard","has-post-thumbnail","hentry","category-politica"],"jetpack_featured_media_url":"https:\/\/radiorevelacionfm.cl\/wp-content\/uploads\/2021\/06\/Sandoval-8-1-1.jpg","_links":{"self":[{"href":"https:\/\/radiorevelacionfm.cl\/index.php?rest_route=\/wp\/v2\/posts\/39167","targetHints":{"allow":["GET"]}}],"collection":[{"href":"https:\/\/radiorevelacionfm.cl\/index.php?rest_route=\/wp\/v2\/posts"}],"about":[{"href":"https:\/\/radiorevelacionfm.cl\/index.php?rest_route=\/wp\/v2\/types\/post"}],"author":[{"embeddable":true,"href":"https:\/\/radiorevelacionfm.cl\/index.php?rest_route=\/wp\/v2\/users\/1"}],"replies":[{"embeddable":true,"href":"https:\/\/radiorevelacionfm.cl\/index.php?rest_route=%2Fwp%2Fv2%2Fcomments&post=39167"}],"version-history":[{"count":1,"href":"https:\/\/radiorevelacionfm.cl\/index.php?rest_route=\/wp\/v2\/posts\/39167\/revisions"}],"predecessor-version":[{"id":39168,"href":"https:\/\/radiorevelacionfm.cl\/index.php?rest_route=\/wp\/v2\/posts\/39167\/revisions\/39168"}],"wp:featuredmedia":[{"embeddable":true,"href":"https:\/\/radiorevelacionfm.cl\/index.php?rest_route=\/wp\/v2\/media\/4797"}],"wp:attachment":[{"href":"https:\/\/radiorevelacionfm.cl\/index.php?rest_route=%2Fwp%2Fv2%2Fmedia&parent=39167"}],"wp:term":[{"taxonomy":"category","embeddable":true,"href":"https:\/\/radiorevelacionfm.cl\/index.php?rest_route=%2Fwp%2Fv2%2Fcategories&post=39167"},{"taxonomy":"post_tag","embeddable":true,"href":"https:\/\/radiorevelacionfm.cl\/index.php?rest_route=%2Fwp%2Fv2%2Ftags&post=39167"}],"curies":[{"name":"wp","href":"https:\/\/api.w.org\/{rel}","templated":true}]}}