{"id":39158,"date":"2024-01-25T12:05:06","date_gmt":"2024-01-25T15:05:06","guid":{"rendered":"https:\/\/radiorevelacionfm.cl\/?p=39158"},"modified":"2024-01-25T12:05:06","modified_gmt":"2024-01-25T15:05:06","slug":"comenzo-el-programa-vacaciones-en-mi-jardin-2024","status":"publish","type":"post","link":"https:\/\/radiorevelacionfm.cl\/?p=39158","title":{"rendered":"Comenz\u00f3 el Programa \u201cVacaciones en Mi Jard\u00edn\u201d 2024"},"content":{"rendered":"<div class=\"flex_column av_one_full  flex_column_div av-zero-column-padding first  avia-builder-el-0  el_before_av_one_full  avia-builder-el-first  \" style='border-radius:0px; '><div  class='avia-image-container  av-styling-    avia-builder-el-1  avia-builder-el-no-sibling  avia-align-center '  itemprop=\"image\" itemscope=\"itemscope\" itemtype=\"https:\/\/schema.org\/ImageObject\"  ><div class='avia-image-container-inner'><div class='avia-image-overlay-wrap'><img decoding=\"async\" class='wp-image-39159 avia-img-lazy-loading-not-39159 avia_image' src=\"https:\/\/radiorevelacionfm.cl\/wp-content\/uploads\/2024\/01\/IMG_9604-min-1-1.jpg\" alt='' title='IMG_9604-min (1) (1)' height=\"600\" width=\"902\"  itemprop=\"thumbnailUrl\" srcset=\"https:\/\/radiorevelacionfm.cl\/wp-content\/uploads\/2024\/01\/IMG_9604-min-1-1.jpg 902w, https:\/\/radiorevelacionfm.cl\/wp-content\/uploads\/2024\/01\/IMG_9604-min-1-1-300x200.jpg 300w, https:\/\/radiorevelacionfm.cl\/wp-content\/uploads\/2024\/01\/IMG_9604-min-1-1-768x511.jpg 768w, https:\/\/radiorevelacionfm.cl\/wp-content\/uploads\/2024\/01\/IMG_9604-min-1-1-705x469.jpg 705w, https:\/\/radiorevelacionfm.cl\/wp-content\/uploads\/2024\/01\/IMG_9604-min-1-1-450x299.jpg 450w, https:\/\/radiorevelacionfm.cl\/wp-content\/uploads\/2024\/01\/IMG_9604-min-1-1-600x399.jpg 600w\" sizes=\"(max-width: 902px) 100vw, 902px\" \/><\/div><\/div><\/div><\/div><div class=\"flex_column av_one_full  flex_column_div av-zero-column-padding first  avia-builder-el-2  el_after_av_one_full  el_before_av_one_full  column-top-margin\" style='border-radius:0px; '><section class=\"av_textblock_section \"  itemscope=\"itemscope\" itemtype=\"https:\/\/schema.org\/BlogPosting\" itemprop=\"blogPost\" ><div class='avia_textblock  '   itemprop=\"text\" ><p style=\"text-align: center;\"><strong><span style=\"font-size: 18pt;\">Comenz\u00f3 el Programa \u201cVacaciones en Mi Jard\u00edn\u201d 2024<\/span><\/strong><\/p>\n<div id=\"gtx-trans\" style=\"position: absolute; left: -50px; top: 4.31534px;\">\n<div class=\"gtx-trans-icon\"><\/div>\n<\/div>\n<\/div><\/section><\/div><div class=\"flex_column av_one_full  flex_column_div av-zero-column-padding first  avia-builder-el-4  el_after_av_one_full  el_before_av_hr  column-top-margin\" style='border-radius:0px; '><section class=\"av_textblock_section \"  itemscope=\"itemscope\" itemtype=\"https:\/\/schema.org\/BlogPosting\" itemprop=\"blogPost\" ><div class='avia_textblock  '   itemprop=\"text\" ><p style=\"font-weight: 400; text-align: justify;\">El lunes 15 de enero Fundaci\u00f3n Integra dio inicio a una nueva versi\u00f3n del Programa \u201cVacaciones en Mi Jard\u00edn\u201d (VMJ) 2024 el que est\u00e1 dirigido a ni\u00f1as y ni\u00f1os entre los tres meses a cinco a\u00f1os de edad y cuyas familias viven en situaci\u00f3n de vulnerabilidad social permitiendo con esto poder ofrecer un espacio en el que estos puedan disfrutar de unas merecidas vacaciones.<\/p>\n<p style=\"font-weight: 400; text-align: justify;\">Felipe \u00c1guila Villarroel, director regional (s) de Fundaci\u00f3n Integra, resalt\u00f3 que este programa \u201cviene a responder a las necesidades de las familias de la regi\u00f3n y de los ni\u00f1os y ni\u00f1as que no pueden tener vacaciones\u201d. En ese sentido tambi\u00e9n reforz\u00f3 que \u201clos jardines infantiles est\u00e1n preparados para atender de manera adecuada a todos los ni\u00f1os que asistan, con juegos y con actividades m\u00e1s l\u00fadicas que en los periodos normales de atenci\u00f3n\u201d.<\/p>\n<p style=\"font-weight: 400; text-align: justify;\">Es en ese contexto que la regi\u00f3n de Ays\u00e9n abrir\u00e1 las puertas de dos de sus establecimientos para dicho Programa como lo son los Jardines Infantiles \u201cMackay\u201d en Coyhaique y \u201cLos Chilcos\u201d en Puerto Ays\u00e9n, beneficiando a un total de 124 ni\u00f1os y ni\u00f1as quienes se encontraran con una serie de experiencias educativas centradas en el juego y la recreaci\u00f3n.<\/p>\n<p style=\"font-weight: 400; text-align: justify;\">Pamela Espinoza, directora del VMJ en el jard\u00edn infantil \u201cMackay\u201d destac\u00f3 que \u201cestamos realizando actividades vinculadas a este periodo del a\u00f1o en la que hay muchos juegos y mucha agua\u201d. A la vez reforz\u00f3 que \u201clas familias lo han tomado muy bien y eso se ve reflejado en la matr\u00edcula y la asistencia que tenemos\u201d.<\/p>\n<p style=\"font-weight: 400; text-align: justify;\">Es importante se\u00f1alar que \u201cVacaciones en Mi Jard\u00edn\u201d es un servicio que pretende dar respuesta a las necesidades de las familias cuyos hijos e hijas requieren de una atenci\u00f3n adecuada y oportuna a sus caracter\u00edsticas, todo esto con actividades l\u00fadicas y en un marco de interacciones positivas que favorezcan el protagonismo y bienestar integral de los p\u00e1rvulos.<\/p>\n<p style=\"font-weight: 400; text-align: justify;\">Michelle Grondona, jefa del depto. Provincial de Educaci\u00f3n destac\u00f3 que \u201ceste tipo de iniciativas permite que el desarrollo del ni\u00f1o, que no sale de vacaciones, se mantenga a lo largo de este periodo y por lo tanto, no solo se entretiene sino que tambi\u00e9n les permite desarrollar sus capacidades que posteriormente aseguran una trayectoria educativa positiva. Ac\u00e1 no solamente juegan, ac\u00e1 tambi\u00e9n aprenden, pero de una forma mucho m\u00e1s entretenida\u201d.<\/p>\n<p style=\"font-weight: 400; text-align: justify;\">Desde Fundaci\u00f3n Integra recalcan que este Programa pone su \u00e9nfasis en el esparcimiento, actividades recreativas y cuidado de los ni\u00f1os y ni\u00f1as, en un contexto l\u00fadico educativo donde se privilegia el juego como metodolog\u00eda principal, ya que este constituye el modo natural en que los ni\u00f1os y ni\u00f1as tienden a relacionarse con el mundo.<\/p>\n<p style=\"font-weight: 400; text-align: justify;\">Yuleidy Villegas, apoderada del jard\u00edn Infantil \u201cMackay\u201d se mostr\u00f3 contenta con este programa asegurando que ac\u00e1 \u201chay m\u00e1s diversi\u00f3n y ha sido maravillosa la experiencia para mi hijo. Las t\u00edas (equipo educativo) est\u00e1n s\u00faper bien con mi hijo, ha aprendido mucho y el cuidado que han tenido con \u00e9l ha sido maravilloso\u201d.<\/p>\n<p style=\"font-weight: 400; text-align: justify;\">Con 33 a\u00f1os de experiencia y m\u00e1s de 1.200 salas cuna y jardines infantiles gratuitos en todo el pa\u00eds, Fundaci\u00f3n Integra trabaja para lograr el desarrollo integral, bienestar y aprendizajes significativos de ni\u00f1os y ni\u00f1as, poniendo a su disposici\u00f3n espacios educativos diversos, estimulantes y de calidad.<\/p>\n<\/div><\/section><\/div><div  style='height:50px' class='hr hr-invisible   avia-builder-el-6  el_after_av_one_full  el_before_av_social_share '><span class='hr-inner ' ><span class='hr-inner-style'><\/span><\/span><\/div><\/p>\n<div  class='av-social-sharing-box  avia-builder-el-7  el_after_av_hr  el_before_av_hr  '><div class='av-share-box'><h5 class='av-share-link-description av-no-toc '>Compartir esta noticia<\/h5><ul class='av-share-box-list noLightbox'><li class='av-share-link av-social-link-facebook' ><a target=\"_blank\" aria-label=\"Compartir en Facebook\" href='https:\/\/www.facebook.com\/sharer.php?u=https:\/\/radiorevelacionfm.cl\/?p=39158&#038;t=Comenz%C3%B3%20el%20Programa%20%E2%80%9CVacaciones%20en%20Mi%20Jard%C3%ADn%E2%80%9D%202024' aria-hidden='false' data-av_icon='\ue8f3' data-av_iconfont='entypo-fontello' title='' data-avia-related-tooltip='Compartir en Facebook' rel=\"noopener\"><span class='avia_hidden_link_text'>Compartir en Facebook<\/span><\/a><\/li><li class='av-share-link av-social-link-twitter' ><a target=\"_blank\" aria-label=\"Compartir en Twitter\" href='https:\/\/twitter.com\/share?text=Comenz%C3%B3%20el%20Programa%20%E2%80%9CVacaciones%20en%20Mi%20Jard%C3%ADn%E2%80%9D%202024&#038;url=https:\/\/radiorevelacionfm.cl\/?p=39158' aria-hidden='false' data-av_icon='\ue8f1' data-av_iconfont='entypo-fontello' title='' data-avia-related-tooltip='Compartir en Twitter' rel=\"noopener\"><span class='avia_hidden_link_text'>Compartir en Twitter<\/span><\/a><\/li><li class='av-share-link av-social-link-whatsapp' ><a target=\"_blank\" aria-label=\"Compartir en Whatsapp\" href='https:\/\/api.whatsapp.com\/send?text=https:\/\/radiorevelacionfm.cl\/?p=39158' aria-hidden='false' data-av_icon='\uf232' data-av_iconfont='entypo-fontello' title='' data-avia-related-tooltip='Compartir en Whatsapp' rel=\"noopener\"><span class='avia_hidden_link_text'>Compartir en Whatsapp<\/span><\/a><\/li><li class='av-share-link av-social-link-linkedin' ><a target=\"_blank\" aria-label=\"Compartir en LinkedIn\" href='https:\/\/linkedin.com\/shareArticle?mini=true&#038;title=Comenz%C3%B3%20el%20Programa%20%E2%80%9CVacaciones%20en%20Mi%20Jard%C3%ADn%E2%80%9D%202024&#038;url=https:\/\/radiorevelacionfm.cl\/?p=39158' aria-hidden='false' data-av_icon='\ue8fc' data-av_iconfont='entypo-fontello' title='' data-avia-related-tooltip='Compartir en LinkedIn' rel=\"noopener\"><span class='avia_hidden_link_text'>Compartir en LinkedIn<\/span><\/a><\/li><li class='av-share-link av-social-link-mail' ><a  aria-label=\"Compartir por correo\" href='mailto:?subject=Comenz%C3%B3%20el%20Programa%20%E2%80%9CVacaciones%20en%20Mi%20Jard%C3%ADn%E2%80%9D%202024&#038;body=https:\/\/radiorevelacionfm.cl\/?p=39158' aria-hidden='false' data-av_icon='\ue805' data-av_iconfont='entypo-fontello' title='' data-avia-related-tooltip='Compartir por correo'><span class='avia_hidden_link_text'>Compartir por correo<\/span><\/a><\/li><\/ul><\/div><\/div>\n<div  style='height:50px' class='hr hr-invisible   avia-builder-el-8  el_after_av_social_share  el_before_av_comments_list '><span class='hr-inner ' ><span class='hr-inner-style'><\/span><\/span><\/div>\n<div  class='av-buildercomment  av-blog-meta-html-info-disabled av-blog-meta-tag-disabled  '><\/div>\n","protected":false},"excerpt":{"rendered":"","protected":false},"author":1,"featured_media":39159,"comment_status":"open","ping_status":"open","sticky":false,"template":"","format":"standard","meta":{"footnotes":""},"categories":[49],"tags":[],"class_list":["post-39158","post","type-post","status-publish","format-standard","has-post-thumbnail","hentry","category-educacion"],"jetpack_featured_media_url":"https:\/\/radiorevelacionfm.cl\/wp-content\/uploads\/2024\/01\/IMG_9604-min-1-1.jpg","_links":{"self":[{"href":"https:\/\/radiorevelacionfm.cl\/index.php?rest_route=\/wp\/v2\/posts\/39158","targetHints":{"allow":["GET"]}}],"collection":[{"href":"https:\/\/radiorevelacionfm.cl\/index.php?rest_route=\/wp\/v2\/posts"}],"about":[{"href":"https:\/\/radiorevelacionfm.cl\/index.php?rest_route=\/wp\/v2\/types\/post"}],"author":[{"embeddable":true,"href":"https:\/\/radiorevelacionfm.cl\/index.php?rest_route=\/wp\/v2\/users\/1"}],"replies":[{"embeddable":true,"href":"https:\/\/radiorevelacionfm.cl\/index.php?rest_route=%2Fwp%2Fv2%2Fcomments&post=39158"}],"version-history":[{"count":1,"href":"https:\/\/radiorevelacionfm.cl\/index.php?rest_route=\/wp\/v2\/posts\/39158\/revisions"}],"predecessor-version":[{"id":39160,"href":"https:\/\/radiorevelacionfm.cl\/index.php?rest_route=\/wp\/v2\/posts\/39158\/revisions\/39160"}],"wp:featuredmedia":[{"embeddable":true,"href":"https:\/\/radiorevelacionfm.cl\/index.php?rest_route=\/wp\/v2\/media\/39159"}],"wp:attachment":[{"href":"https:\/\/radiorevelacionfm.cl\/index.php?rest_route=%2Fwp%2Fv2%2Fmedia&parent=39158"}],"wp:term":[{"taxonomy":"category","embeddable":true,"href":"https:\/\/radiorevelacionfm.cl\/index.php?rest_route=%2Fwp%2Fv2%2Fcategories&post=39158"},{"taxonomy":"post_tag","embeddable":true,"href":"https:\/\/radiorevelacionfm.cl\/index.php?rest_route=%2Fwp%2Fv2%2Ftags&post=39158"}],"curies":[{"name":"wp","href":"https:\/\/api.w.org\/{rel}","templated":true}]}}