{"id":39155,"date":"2024-01-25T11:01:24","date_gmt":"2024-01-25T14:01:24","guid":{"rendered":"https:\/\/radiorevelacionfm.cl\/?p=39155"},"modified":"2024-01-25T11:01:24","modified_gmt":"2024-01-25T14:01:24","slug":"emprendimientos-de-localidades-rurales-de-coyhaique-se-concretan-y-desarrollan-gracias-al-fosis","status":"publish","type":"post","link":"https:\/\/radiorevelacionfm.cl\/?p=39155","title":{"rendered":"Emprendimientos de localidades rurales de Coyhaique se concretan y desarrollan gracias al FOSIS"},"content":{"rendered":"<div class=\"flex_column av_one_full  flex_column_div av-zero-column-padding first  avia-builder-el-0  el_before_av_one_full  avia-builder-el-first  \" style='border-radius:0px; '><div  class='avia-image-container  av-styling-    avia-builder-el-1  avia-builder-el-no-sibling  avia-align-center '  itemprop=\"image\" itemscope=\"itemscope\" itemtype=\"https:\/\/schema.org\/ImageObject\"  ><div class='avia-image-container-inner'><div class='avia-image-overlay-wrap'><img decoding=\"async\" class='wp-image-39156 avia-img-lazy-loading-not-39156 avia_image' src=\"https:\/\/radiorevelacionfm.cl\/wp-content\/uploads\/2024\/01\/es-rural-coyhaique-fosis_optimized-1.jpeg\" alt='' title='es-rural-coyhaique-fosis_optimized (1)' height=\"607\" width=\"1080\"  itemprop=\"thumbnailUrl\" srcset=\"https:\/\/radiorevelacionfm.cl\/wp-content\/uploads\/2024\/01\/es-rural-coyhaique-fosis_optimized-1.jpeg 1080w, https:\/\/radiorevelacionfm.cl\/wp-content\/uploads\/2024\/01\/es-rural-coyhaique-fosis_optimized-1-300x169.jpeg 300w, https:\/\/radiorevelacionfm.cl\/wp-content\/uploads\/2024\/01\/es-rural-coyhaique-fosis_optimized-1-1030x579.jpeg 1030w, https:\/\/radiorevelacionfm.cl\/wp-content\/uploads\/2024\/01\/es-rural-coyhaique-fosis_optimized-1-768x432.jpeg 768w, https:\/\/radiorevelacionfm.cl\/wp-content\/uploads\/2024\/01\/es-rural-coyhaique-fosis_optimized-1-705x396.jpeg 705w, https:\/\/radiorevelacionfm.cl\/wp-content\/uploads\/2024\/01\/es-rural-coyhaique-fosis_optimized-1-450x253.jpeg 450w, https:\/\/radiorevelacionfm.cl\/wp-content\/uploads\/2024\/01\/es-rural-coyhaique-fosis_optimized-1-600x337.jpeg 600w\" sizes=\"(max-width: 1080px) 100vw, 1080px\" \/><\/div><\/div><\/div><\/div><div class=\"flex_column av_one_full  flex_column_div av-zero-column-padding first  avia-builder-el-2  el_after_av_one_full  el_before_av_one_full  column-top-margin\" style='border-radius:0px; '><section class=\"av_textblock_section \"  itemscope=\"itemscope\" itemtype=\"https:\/\/schema.org\/BlogPosting\" itemprop=\"blogPost\" ><div class='avia_textblock  '   itemprop=\"text\" ><p style=\"text-align: center;\"><span style=\"font-size: 18pt;\"><strong>Emprendimientos de localidades rurales de Coyhaique se concretan y desarrollan gracias al FOSIS<\/strong><\/span><\/p>\n<div id=\"gtx-trans\" style=\"position: absolute; left: -50px; top: 4.31534px;\">\n<div class=\"gtx-trans-icon\"><\/div>\n<\/div>\n<\/div><\/section><\/div><div class=\"flex_column av_one_full  flex_column_div av-zero-column-padding first  avia-builder-el-4  el_after_av_one_full  el_before_av_hr  column-top-margin\" style='border-radius:0px; '><section class=\"av_textblock_section \"  itemscope=\"itemscope\" itemtype=\"https:\/\/schema.org\/BlogPosting\" itemprop=\"blogPost\" ><div class='avia_textblock  '   itemprop=\"text\" ><p style=\"text-align: justify;\">Hasta la Sede Comunitaria de El Blanco llegaron emprendedores y emprendedoras de Balmaceda, El Blanco, La Cordonada, Cerro Galera, Vista Hermosa y San Miguel para participar de la ceremonia de cierre y certificaci\u00f3n del programa Emprendamos Semilla, financiado por el Fondo de Solidaridad e Inversi\u00f3n Social, FOSIS.<\/p>\n<p style=\"text-align: justify;\">Las usuarias y usuarios que fueron parte del programa recibieron la certificaci\u00f3n que da cuenta de la finalizaci\u00f3n de todas las etapas consideradas por este proyecto, donde recibieron capacitaciones, asesor\u00edas t\u00e9cnicas y el financiamiento de un plan de negocios que les permiti\u00f3 adquirir insumos, equipamiento, herramientas o maquinaria.<\/p>\n<p style=\"text-align: justify;\">Amanda Uribe, usuaria del programa Emprendamos Semilla de El Blanco, asegur\u00f3 que \u201cfue una experiencia s\u00faper buena, ha sido un paso para formalizarme un poco m\u00e1s, tener mejor imagen, un logo. Pude adquirir mercader\u00eda y tambi\u00e9n muebles para poder organizarme mejor dentro de mi hogar, as\u00ed que muy contenta con la oportunidad. Mi emprendimiento es una tiendita con art\u00edculos de hogar, art\u00edculos escolares y variedad de productos para ni\u00f1os como juguetes, se llama Tiendita LyS\u201d.<\/p>\n<p style=\"text-align: justify;\">La Directora Regional del FOSIS en Ays\u00e9n, Fernanda Leiva, destac\u00f3 que \u201cestuvimos dando cierre al programa Emprendamos Semilla que reuni\u00f3 a 21 emprendedores y emprendedoras de las localidades rurales de la zona sur de nuestra comuna. Fue un proceso en el que pudimos conocer experiencias y necesidades de este grupo de emprendedores que nos hab\u00edan manifestado que requer\u00edan este tipo de instancias y apoyo para poder concretar sus ideas de negocio y hacerlas crecer\u201d.<\/p>\n<p style=\"text-align: justify;\">Dentro de las capacitaciones incluidas por el programa se realizaron talleres para el desarrollo de las capacidades y competencias de empleabilidad y emprendimiento, elaboraci\u00f3n de plan de negocio, compra y venta de productos y servicios por internet (comercio digital y relaci\u00f3n con proveedores) y redes con usuarios FOSIS de otros programas Emprendamos.<\/p>\n<p style=\"text-align: justify;\">El programa Emprendamos Semilla es parte de las instancias de generaci\u00f3n de ingresos y busca apoyar el desarrollo un negocio o trabajo independiente, dirigido a quienes tienen una idea de negocio o quieren empezar un emprendimiento y no tienen trabajo o tienen un trabajo precario.<\/p>\n<\/div><\/section><\/div><div  style='height:50px' class='hr hr-invisible   avia-builder-el-6  el_after_av_one_full  el_before_av_social_share '><span class='hr-inner ' ><span class='hr-inner-style'><\/span><\/span><\/div><\/p>\n<div  class='av-social-sharing-box  avia-builder-el-7  el_after_av_hr  el_before_av_hr  '><div class='av-share-box'><h5 class='av-share-link-description av-no-toc '>Compartir esta noticia<\/h5><ul class='av-share-box-list noLightbox'><li class='av-share-link av-social-link-facebook' ><a target=\"_blank\" aria-label=\"Compartir en Facebook\" href='https:\/\/www.facebook.com\/sharer.php?u=https:\/\/radiorevelacionfm.cl\/?p=39155&#038;t=Emprendimientos%20de%20localidades%20rurales%20de%20Coyhaique%20se%20concretan%20y%20desarrollan%20gracias%20al%20FOSIS' aria-hidden='false' data-av_icon='\ue8f3' data-av_iconfont='entypo-fontello' title='' data-avia-related-tooltip='Compartir en Facebook' rel=\"noopener\"><span class='avia_hidden_link_text'>Compartir en Facebook<\/span><\/a><\/li><li class='av-share-link av-social-link-twitter' ><a target=\"_blank\" aria-label=\"Compartir en Twitter\" href='https:\/\/twitter.com\/share?text=Emprendimientos%20de%20localidades%20rurales%20de%20Coyhaique%20se%20concretan%20y%20desarrollan%20gracias%20al%20FOSIS&#038;url=https:\/\/radiorevelacionfm.cl\/?p=39155' aria-hidden='false' data-av_icon='\ue8f1' data-av_iconfont='entypo-fontello' title='' data-avia-related-tooltip='Compartir en Twitter' rel=\"noopener\"><span class='avia_hidden_link_text'>Compartir en Twitter<\/span><\/a><\/li><li class='av-share-link av-social-link-whatsapp' ><a target=\"_blank\" aria-label=\"Compartir en Whatsapp\" href='https:\/\/api.whatsapp.com\/send?text=https:\/\/radiorevelacionfm.cl\/?p=39155' aria-hidden='false' data-av_icon='\uf232' data-av_iconfont='entypo-fontello' title='' data-avia-related-tooltip='Compartir en Whatsapp' rel=\"noopener\"><span class='avia_hidden_link_text'>Compartir en Whatsapp<\/span><\/a><\/li><li class='av-share-link av-social-link-linkedin' ><a target=\"_blank\" aria-label=\"Compartir en LinkedIn\" href='https:\/\/linkedin.com\/shareArticle?mini=true&#038;title=Emprendimientos%20de%20localidades%20rurales%20de%20Coyhaique%20se%20concretan%20y%20desarrollan%20gracias%20al%20FOSIS&#038;url=https:\/\/radiorevelacionfm.cl\/?p=39155' aria-hidden='false' data-av_icon='\ue8fc' data-av_iconfont='entypo-fontello' title='' data-avia-related-tooltip='Compartir en LinkedIn' rel=\"noopener\"><span class='avia_hidden_link_text'>Compartir en LinkedIn<\/span><\/a><\/li><li class='av-share-link av-social-link-mail' ><a  aria-label=\"Compartir por correo\" href='mailto:?subject=Emprendimientos%20de%20localidades%20rurales%20de%20Coyhaique%20se%20concretan%20y%20desarrollan%20gracias%20al%20FOSIS&#038;body=https:\/\/radiorevelacionfm.cl\/?p=39155' aria-hidden='false' data-av_icon='\ue805' data-av_iconfont='entypo-fontello' title='' data-avia-related-tooltip='Compartir por correo'><span class='avia_hidden_link_text'>Compartir por correo<\/span><\/a><\/li><\/ul><\/div><\/div>\n<div  style='height:50px' class='hr hr-invisible   avia-builder-el-8  el_after_av_social_share  el_before_av_comments_list '><span class='hr-inner ' ><span class='hr-inner-style'><\/span><\/span><\/div>\n<div  class='av-buildercomment  av-blog-meta-html-info-disabled av-blog-meta-tag-disabled  '><\/div>\n","protected":false},"excerpt":{"rendered":"","protected":false},"author":1,"featured_media":39156,"comment_status":"open","ping_status":"open","sticky":false,"template":"","format":"standard","meta":{"footnotes":""},"categories":[38],"tags":[],"class_list":["post-39155","post","type-post","status-publish","format-standard","has-post-thumbnail","hentry","category-regional"],"jetpack_featured_media_url":"https:\/\/radiorevelacionfm.cl\/wp-content\/uploads\/2024\/01\/es-rural-coyhaique-fosis_optimized-1.jpeg","_links":{"self":[{"href":"https:\/\/radiorevelacionfm.cl\/index.php?rest_route=\/wp\/v2\/posts\/39155","targetHints":{"allow":["GET"]}}],"collection":[{"href":"https:\/\/radiorevelacionfm.cl\/index.php?rest_route=\/wp\/v2\/posts"}],"about":[{"href":"https:\/\/radiorevelacionfm.cl\/index.php?rest_route=\/wp\/v2\/types\/post"}],"author":[{"embeddable":true,"href":"https:\/\/radiorevelacionfm.cl\/index.php?rest_route=\/wp\/v2\/users\/1"}],"replies":[{"embeddable":true,"href":"https:\/\/radiorevelacionfm.cl\/index.php?rest_route=%2Fwp%2Fv2%2Fcomments&post=39155"}],"version-history":[{"count":1,"href":"https:\/\/radiorevelacionfm.cl\/index.php?rest_route=\/wp\/v2\/posts\/39155\/revisions"}],"predecessor-version":[{"id":39157,"href":"https:\/\/radiorevelacionfm.cl\/index.php?rest_route=\/wp\/v2\/posts\/39155\/revisions\/39157"}],"wp:featuredmedia":[{"embeddable":true,"href":"https:\/\/radiorevelacionfm.cl\/index.php?rest_route=\/wp\/v2\/media\/39156"}],"wp:attachment":[{"href":"https:\/\/radiorevelacionfm.cl\/index.php?rest_route=%2Fwp%2Fv2%2Fmedia&parent=39155"}],"wp:term":[{"taxonomy":"category","embeddable":true,"href":"https:\/\/radiorevelacionfm.cl\/index.php?rest_route=%2Fwp%2Fv2%2Fcategories&post=39155"},{"taxonomy":"post_tag","embeddable":true,"href":"https:\/\/radiorevelacionfm.cl\/index.php?rest_route=%2Fwp%2Fv2%2Ftags&post=39155"}],"curies":[{"name":"wp","href":"https:\/\/api.w.org\/{rel}","templated":true}]}}