{"id":39149,"date":"2024-01-24T21:27:36","date_gmt":"2024-01-25T00:27:36","guid":{"rendered":"https:\/\/radiorevelacionfm.cl\/?p=39149"},"modified":"2024-01-24T21:27:36","modified_gmt":"2024-01-25T00:27:36","slug":"carabineros-recibe-siete-vehiculos-para-el-servicio-policial-distribuidos-en-coyhaique-y-aysen","status":"publish","type":"post","link":"https:\/\/radiorevelacionfm.cl\/?p=39149","title":{"rendered":"Carabineros recibe siete veh\u00edculos para el servicio policial distribuidos en Coyhaique y Ays\u00e9n"},"content":{"rendered":"<div class=\"flex_column av_one_full  flex_column_div av-zero-column-padding first  avia-builder-el-0  el_before_av_one_full  avia-builder-el-first  \" style='border-radius:0px; '><div  class='avia-image-container  av-styling-    avia-builder-el-1  avia-builder-el-no-sibling  avia-align-center '  itemprop=\"image\" itemscope=\"itemscope\" itemtype=\"https:\/\/schema.org\/ImageObject\"  ><div class='avia-image-container-inner'><div class='avia-image-overlay-wrap'><img decoding=\"async\" class='wp-image-39150 avia-img-lazy-loading-not-39150 avia_image' src=\"https:\/\/radiorevelacionfm.cl\/wp-content\/uploads\/2024\/01\/df18c431-3581-4e99-92cd-4594ec1dd563-1-1_optimized-1.jpg\" alt='' title='df18c431-3581-4e99-92cd-4594ec1dd563-(1)-(1)_optimized (1)' height=\"600\" width=\"800\"  itemprop=\"thumbnailUrl\" srcset=\"https:\/\/radiorevelacionfm.cl\/wp-content\/uploads\/2024\/01\/df18c431-3581-4e99-92cd-4594ec1dd563-1-1_optimized-1.jpg 800w, https:\/\/radiorevelacionfm.cl\/wp-content\/uploads\/2024\/01\/df18c431-3581-4e99-92cd-4594ec1dd563-1-1_optimized-1-300x225.jpg 300w, https:\/\/radiorevelacionfm.cl\/wp-content\/uploads\/2024\/01\/df18c431-3581-4e99-92cd-4594ec1dd563-1-1_optimized-1-768x576.jpg 768w, https:\/\/radiorevelacionfm.cl\/wp-content\/uploads\/2024\/01\/df18c431-3581-4e99-92cd-4594ec1dd563-1-1_optimized-1-705x529.jpg 705w, https:\/\/radiorevelacionfm.cl\/wp-content\/uploads\/2024\/01\/df18c431-3581-4e99-92cd-4594ec1dd563-1-1_optimized-1-450x338.jpg 450w, https:\/\/radiorevelacionfm.cl\/wp-content\/uploads\/2024\/01\/df18c431-3581-4e99-92cd-4594ec1dd563-1-1_optimized-1-600x450.jpg 600w\" sizes=\"(max-width: 800px) 100vw, 800px\" \/><\/div><\/div><\/div><\/div><div class=\"flex_column av_one_full  flex_column_div av-zero-column-padding first  avia-builder-el-2  el_after_av_one_full  el_before_av_one_full  column-top-margin\" style='border-radius:0px; '><section class=\"av_textblock_section \"  itemscope=\"itemscope\" itemtype=\"https:\/\/schema.org\/BlogPosting\" itemprop=\"blogPost\" ><div class='avia_textblock  '   itemprop=\"text\" ><p style=\"text-align: center;\"><span style=\"font-size: 18pt;\"><b>Carabineros recibe siete veh\u00edculos para el servicio policial distribuidos en Coyhaique y Ays\u00e9n<\/b><\/span><\/p>\n<div id=\"gtx-trans\" style=\"position: absolute; left: -50px; top: 4.31534px;\">\n<div class=\"gtx-trans-icon\"><\/div>\n<\/div>\n<\/div><\/section><\/div><div class=\"flex_column av_one_full  flex_column_div av-zero-column-padding first  avia-builder-el-4  el_after_av_one_full  el_before_av_hr  column-top-margin\" style='border-radius:0px; '><section class=\"av_textblock_section \"  itemscope=\"itemscope\" itemtype=\"https:\/\/schema.org\/BlogPosting\" itemprop=\"blogPost\" ><div class='avia_textblock  '   itemprop=\"text\" ><p style=\"text-align: justify;\">En una ceremonia desarrollada en la Plaza de Armas de Coyhaique se realiz\u00f3 la entrega por parte del Gobierno de siete carros destinados a Carabineros para el servicio policial en las comunas de Coyhaique y Ays\u00e9n.<\/p>\n<p style=\"text-align: justify;\">La ceremonia cont\u00f3 con la presencia del Delegado Presidencial Regional de Ays\u00e9n, Rodrigo Araya Morales; el Jefe de Zona, General Patricio Santos Poblete; el Prefecto de la repartici\u00f3n, Coronel Fuad Chaban Vilches, juntas de vecinos y la comunidad.<\/p>\n<p style=\"text-align: justify;\">De estos siete carros, cuatro est\u00e1n destinados a Coyhaique y tres a Ays\u00e9n, medios de vigilancia que permitir\u00e1n reforzar los servicios, optimizar los tiempos de respuesta operativos y brindar mayor seguridad y protecci\u00f3n a la comunidad, medios log\u00edsticos que se suman a la labor preventiva y operativa, seg\u00fan indic\u00f3 el General Patricio Santos Poblete.<\/p>\n<p style=\"text-align: justify;\">\u00abEstos medios vienen a aportar en la tercera etapa en la reposici\u00f3n de veh\u00edculos (&#8230;) pero ciertamente generan un doble prop\u00f3sito de cooperaci\u00f3n a la funci\u00f3n operativa. Primero, en disminuir los tiempos de respuesta operativa, estar cuando la gente nos necesita y en funci\u00f3n de ello elevar los est\u00e1ndares de eficiencia policial, la cantidad de casos resueltos en flagrancia\u00bb, se\u00f1al\u00f3.<\/p>\n<p style=\"text-align: justify;\">El a\u00f1o 2023 fueron detenidas cerca de 4.700 personas con la segunda tasa m\u00e1s alta de eficiencia policial a nivel nacional. \u00abFuimos la segunda regi\u00f3n de menor registro delictual. A esta fecha, cerrada la semana tres al 21 de enero, somos la regi\u00f3n de menor registro delictual y la de m\u00e1s alta tasa de efectividad policial, la cual llega a un 31%, va de la mano ciertamente con los resultados de persecuci\u00f3n del Ministerio P\u00fablico, de la Polic\u00eda de Investigaciones, con quienes trabajamos mano a mano para llevar m\u00e1s seguridad a la comunidad\u00bb, sostuvo el Oficial General.<\/p>\n<p style=\"text-align: justify;\">\u00abEstas patrullas van a servir en Coyhaique y en Ays\u00e9n con sentido de oportunidad en un trabajo mancomunado con la comunidad. Vamos a efectuar servicios en los sectores barriales (&#8230;) los planes de servicio se van a regular de tal forma de no dejar esos lugares sin recorrido, asegurando que estas patrullas pasen a lo menos una vez por d\u00eda por esos lugares y que los carabineros se bajen y se comuniquen con las personas. Este trabajo complementa la labor que realiza el Modelo de Integraci\u00f3n Carabineros Comunidad y complementa el trabajo de los inspectores municipales a trav\u00e9s del convenio OS14 que estamos desarrollando\u00bb, profundiz\u00f3 el Jefe de Zona Ays\u00e9n.<\/p>\n<p style=\"text-align: justify;\">\u00abPara nosotros como Carabineros el desaf\u00edo est\u00e1 planteado, en mejorar la operaci\u00f3n, la eficiencia dentro de las operaciones policiales, el contacto con la comunidad, la cohesi\u00f3n social y el incorporar nuevas herramientas\u00bb.<\/p>\n<p style=\"text-align: justify;\">El General Santos resalt\u00f3 el aporte de 3.100 millones de pesos por parte del Gobierno Regional en 2022 y mil millones en 2023, lo que permitir\u00e1 contar con 35 veh\u00edculos nuevos que nos van a llegar antes del 27 de abril, sumado a cerca de cien c\u00e1maras corporales, 14 contenedores o m\u00f3dulos de atenci\u00f3n de p\u00fablico, dos lanchas, un bus para el transporte de la banda instrumental y 18 drones en las cuatro comisar\u00edas y para la vigilancia de hitos y pasos fronterizos, adelant\u00f3.<\/p>\n<p style=\"text-align: justify;\"><strong>Compromiso con la seguridad<\/strong><\/p>\n<p style=\"text-align: justify;\">Por su parte el Delegado Presidencial Regional de Ays\u00e9n, Rodrigo Araya Morales indic\u00f3 que la seguridad es una tema de especial relevancia para el gobierno, no obstante \u00abla seguridad p\u00fablica la hacemos entre todos\u00bb, indic\u00f3.<\/p>\n<p style=\"text-align: justify;\">La regi\u00f3n se ha caracterizado por el trabajo eficaz y eficiente por parte de las instituciones. En materia delictual la regi\u00f3n vive una situaci\u00f3n distinta al resto del pa\u00eds, sin embargo, tambi\u00e9n ha habido cambios en esto, lo cual ha generado impacto en la comunidad. \u00abLa respuesta que estamos teniendo hasta el momento en nuestra regi\u00f3n ha sido muy eficaz, muy eficiente por parte de Carabineros, por parte de la Polic\u00eda de Investigaciones, el Ministerio P\u00fablico y el Poder Judicial\u00bb, destac\u00f3.<\/p>\n<p style=\"text-align: justify;\">\u00abCompletamos 36 veh\u00edculos con que se ha dotado a Carabineros en nuestra regi\u00f3n, que se han distribuido en todo el territorio. Para nuestro Presidente Gabriel Boric, para nuestro Gobierno, el tema de la seguridad p\u00fablica es una preocupaci\u00f3n desde el d\u00eda n\u00famero uno, y parte de eso es justamente mejorar las condiciones en que carabineros hace su funci\u00f3n\u00bb, precis\u00f3 el Delegado Presidencial Regional de Ays\u00e9n.<\/p>\n<p style=\"text-align: justify;\"><strong>Caracter\u00edsticas<\/strong><\/p>\n<p style=\"text-align: justify;\">Los veh\u00edculos policiales est\u00e1n especialmente dise\u00f1ados para responder a las exigencias del trabajo policial diario e incorporan sistemas de comunicaci\u00f3n avanzada cruciales para el manejo efectivo de operaciones complejas.<\/p>\n<p style=\"text-align: justify;\">Se trata de veh\u00edculos station wagon marca Hyundai, modelo New Santa Fe a\u00f1o 2024 en su versi\u00f3n 4&#215;4 policial, unidades que se encuentran dotadas de sistemas tecnol\u00f3gicos de \u00faltima generaci\u00f3n, blindajes en \u00e1reas estrat\u00e9gicas, c\u00e1maras de video de grabaci\u00f3n externa, l\u00e1minas de seguridad en vidrios, parachoques reforzados que ofrecen una defensa robusta contra amenazas externas. Se suma a ello, calabozos ergon\u00f3micos dise\u00f1ados para el transporte seguro de detenidos.<\/p>\n<\/div><\/section><\/div><div  style='height:50px' class='hr hr-invisible   avia-builder-el-6  el_after_av_one_full  el_before_av_social_share '><span class='hr-inner ' ><span class='hr-inner-style'><\/span><\/span><\/div><\/p>\n<div  class='av-social-sharing-box  avia-builder-el-7  el_after_av_hr  el_before_av_hr  '><div class='av-share-box'><h5 class='av-share-link-description av-no-toc '>Compartir esta noticia<\/h5><ul class='av-share-box-list noLightbox'><li class='av-share-link av-social-link-facebook' ><a target=\"_blank\" aria-label=\"Compartir en Facebook\" href='https:\/\/www.facebook.com\/sharer.php?u=https:\/\/radiorevelacionfm.cl\/?p=39149&#038;t=Carabineros%20recibe%20siete%20veh%C3%ADculos%20para%20el%20servicio%20policial%20distribuidos%20en%20Coyhaique%20y%20Ays%C3%A9n' aria-hidden='false' data-av_icon='\ue8f3' data-av_iconfont='entypo-fontello' title='' data-avia-related-tooltip='Compartir en Facebook' rel=\"noopener\"><span class='avia_hidden_link_text'>Compartir en Facebook<\/span><\/a><\/li><li class='av-share-link av-social-link-twitter' ><a target=\"_blank\" aria-label=\"Compartir en Twitter\" href='https:\/\/twitter.com\/share?text=Carabineros%20recibe%20siete%20veh%C3%ADculos%20para%20el%20servicio%20policial%20distribuidos%20en%20Coyhaique%20y%20Ays%C3%A9n&#038;url=https:\/\/radiorevelacionfm.cl\/?p=39149' aria-hidden='false' data-av_icon='\ue8f1' data-av_iconfont='entypo-fontello' title='' data-avia-related-tooltip='Compartir en Twitter' rel=\"noopener\"><span class='avia_hidden_link_text'>Compartir en Twitter<\/span><\/a><\/li><li class='av-share-link av-social-link-whatsapp' ><a target=\"_blank\" aria-label=\"Compartir en Whatsapp\" href='https:\/\/api.whatsapp.com\/send?text=https:\/\/radiorevelacionfm.cl\/?p=39149' aria-hidden='false' data-av_icon='\uf232' data-av_iconfont='entypo-fontello' title='' data-avia-related-tooltip='Compartir en Whatsapp' rel=\"noopener\"><span class='avia_hidden_link_text'>Compartir en Whatsapp<\/span><\/a><\/li><li class='av-share-link av-social-link-linkedin' ><a target=\"_blank\" aria-label=\"Compartir en LinkedIn\" href='https:\/\/linkedin.com\/shareArticle?mini=true&#038;title=Carabineros%20recibe%20siete%20veh%C3%ADculos%20para%20el%20servicio%20policial%20distribuidos%20en%20Coyhaique%20y%20Ays%C3%A9n&#038;url=https:\/\/radiorevelacionfm.cl\/?p=39149' aria-hidden='false' data-av_icon='\ue8fc' data-av_iconfont='entypo-fontello' title='' data-avia-related-tooltip='Compartir en LinkedIn' rel=\"noopener\"><span class='avia_hidden_link_text'>Compartir en LinkedIn<\/span><\/a><\/li><li class='av-share-link av-social-link-mail' ><a  aria-label=\"Compartir por correo\" href='mailto:?subject=Carabineros%20recibe%20siete%20veh%C3%ADculos%20para%20el%20servicio%20policial%20distribuidos%20en%20Coyhaique%20y%20Ays%C3%A9n&#038;body=https:\/\/radiorevelacionfm.cl\/?p=39149' aria-hidden='false' data-av_icon='\ue805' data-av_iconfont='entypo-fontello' title='' data-avia-related-tooltip='Compartir por correo'><span class='avia_hidden_link_text'>Compartir por correo<\/span><\/a><\/li><\/ul><\/div><\/div>\n<div  style='height:50px' class='hr hr-invisible   avia-builder-el-8  el_after_av_social_share  el_before_av_comments_list '><span class='hr-inner ' ><span class='hr-inner-style'><\/span><\/span><\/div>\n<div  class='av-buildercomment  av-blog-meta-html-info-disabled av-blog-meta-tag-disabled  '><\/div>\n","protected":false},"excerpt":{"rendered":"","protected":false},"author":1,"featured_media":39150,"comment_status":"open","ping_status":"open","sticky":false,"template":"","format":"standard","meta":{"footnotes":""},"categories":[36],"tags":[],"class_list":["post-39149","post","type-post","status-publish","format-standard","has-post-thumbnail","hentry","category-policial"],"jetpack_featured_media_url":"https:\/\/radiorevelacionfm.cl\/wp-content\/uploads\/2024\/01\/df18c431-3581-4e99-92cd-4594ec1dd563-1-1_optimized-1.jpg","_links":{"self":[{"href":"https:\/\/radiorevelacionfm.cl\/index.php?rest_route=\/wp\/v2\/posts\/39149","targetHints":{"allow":["GET"]}}],"collection":[{"href":"https:\/\/radiorevelacionfm.cl\/index.php?rest_route=\/wp\/v2\/posts"}],"about":[{"href":"https:\/\/radiorevelacionfm.cl\/index.php?rest_route=\/wp\/v2\/types\/post"}],"author":[{"embeddable":true,"href":"https:\/\/radiorevelacionfm.cl\/index.php?rest_route=\/wp\/v2\/users\/1"}],"replies":[{"embeddable":true,"href":"https:\/\/radiorevelacionfm.cl\/index.php?rest_route=%2Fwp%2Fv2%2Fcomments&post=39149"}],"version-history":[{"count":1,"href":"https:\/\/radiorevelacionfm.cl\/index.php?rest_route=\/wp\/v2\/posts\/39149\/revisions"}],"predecessor-version":[{"id":39151,"href":"https:\/\/radiorevelacionfm.cl\/index.php?rest_route=\/wp\/v2\/posts\/39149\/revisions\/39151"}],"wp:featuredmedia":[{"embeddable":true,"href":"https:\/\/radiorevelacionfm.cl\/index.php?rest_route=\/wp\/v2\/media\/39150"}],"wp:attachment":[{"href":"https:\/\/radiorevelacionfm.cl\/index.php?rest_route=%2Fwp%2Fv2%2Fmedia&parent=39149"}],"wp:term":[{"taxonomy":"category","embeddable":true,"href":"https:\/\/radiorevelacionfm.cl\/index.php?rest_route=%2Fwp%2Fv2%2Fcategories&post=39149"},{"taxonomy":"post_tag","embeddable":true,"href":"https:\/\/radiorevelacionfm.cl\/index.php?rest_route=%2Fwp%2Fv2%2Ftags&post=39149"}],"curies":[{"name":"wp","href":"https:\/\/api.w.org\/{rel}","templated":true}]}}