{"id":39145,"date":"2024-01-25T10:11:39","date_gmt":"2024-01-25T13:11:39","guid":{"rendered":"https:\/\/radiorevelacionfm.cl\/?p=39145"},"modified":"2024-01-25T10:11:39","modified_gmt":"2024-01-25T13:11:39","slug":"refuerzan-llamado-a-proteger-a-quienes-trabajan-expuestos-al-sol-calor-extremo-y-rayos-uv-en-la-region-de-aysen","status":"publish","type":"post","link":"https:\/\/radiorevelacionfm.cl\/?p=39145","title":{"rendered":"Refuerzan llamado a proteger a quienes trabajan expuestos al sol, calor extremo y rayos UV en la Regi\u00f3n de Ays\u00e9n"},"content":{"rendered":"<div class=\"flex_column av_one_full  flex_column_div av-zero-column-padding first  avia-builder-el-0  el_before_av_one_full  avia-builder-el-first  \" style='border-radius:0px; '><div  class='avia-image-container  av-styling-    avia-builder-el-1  avia-builder-el-no-sibling  avia-align-center '  itemprop=\"image\" itemscope=\"itemscope\" itemtype=\"https:\/\/schema.org\/ImageObject\"  ><div class='avia-image-container-inner'><div class='avia-image-overlay-wrap'><img decoding=\"async\" class='wp-image-39146 avia-img-lazy-loading-not-39146 avia_image' src=\"https:\/\/radiorevelacionfm.cl\/wp-content\/uploads\/2024\/01\/proteccionuv_calor_isl_ptoaysen-1-b-1_optimized-1.jpg\" alt='' title='proteccionuv_calor_isl_ptoaysen-1-b-(1)_optimized (1)' height=\"600\" width=\"896\"  itemprop=\"thumbnailUrl\" srcset=\"https:\/\/radiorevelacionfm.cl\/wp-content\/uploads\/2024\/01\/proteccionuv_calor_isl_ptoaysen-1-b-1_optimized-1.jpg 896w, https:\/\/radiorevelacionfm.cl\/wp-content\/uploads\/2024\/01\/proteccionuv_calor_isl_ptoaysen-1-b-1_optimized-1-300x201.jpg 300w, https:\/\/radiorevelacionfm.cl\/wp-content\/uploads\/2024\/01\/proteccionuv_calor_isl_ptoaysen-1-b-1_optimized-1-768x514.jpg 768w, https:\/\/radiorevelacionfm.cl\/wp-content\/uploads\/2024\/01\/proteccionuv_calor_isl_ptoaysen-1-b-1_optimized-1-705x472.jpg 705w, https:\/\/radiorevelacionfm.cl\/wp-content\/uploads\/2024\/01\/proteccionuv_calor_isl_ptoaysen-1-b-1_optimized-1-450x301.jpg 450w, https:\/\/radiorevelacionfm.cl\/wp-content\/uploads\/2024\/01\/proteccionuv_calor_isl_ptoaysen-1-b-1_optimized-1-600x402.jpg 600w\" sizes=\"(max-width: 896px) 100vw, 896px\" \/><\/div><\/div><\/div><\/div><div class=\"flex_column av_one_full  flex_column_div av-zero-column-padding first  avia-builder-el-2  el_after_av_one_full  el_before_av_one_full  column-top-margin\" style='border-radius:0px; '><section class=\"av_textblock_section \"  itemscope=\"itemscope\" itemtype=\"https:\/\/schema.org\/BlogPosting\" itemprop=\"blogPost\" ><div class='avia_textblock  '   itemprop=\"text\" ><p style=\"text-align: center;\"><strong><span style=\"font-size: 18pt;\">Refuerzan llamado a proteger a quienes trabajan expuestos al sol, calor extremo y rayos UV en la Regi\u00f3n de Ays\u00e9n<\/span><\/strong><\/p>\n<div id=\"gtx-trans\" style=\"position: absolute; left: -50px; top: 4.31534px;\">\n<div class=\"gtx-trans-icon\"><\/div>\n<\/div>\n<\/div><\/section><\/div><div class=\"flex_column av_one_full  flex_column_div av-zero-column-padding first  avia-builder-el-4  el_after_av_one_full  el_before_av_hr  column-top-margin\" style='border-radius:0px; '><section class=\"av_textblock_section \"  itemscope=\"itemscope\" itemtype=\"https:\/\/schema.org\/BlogPosting\" itemprop=\"blogPost\" ><div class='avia_textblock  '   itemprop=\"text\" ><p class=\"v1MsoNormal\" style=\"text-align: justify;\"><span lang=\"ES\">En una capacitaci\u00f3n donde se reforzaron las medidas de protecci\u00f3n ante el calor y exposiciones a los rayos UV, los riesgos de los rayos UV, la necesidad de usar los elementos de protecci\u00f3n adecuados, entre otros temas, fueron abordados por profesionales del equipo de prevenci\u00f3n del Instituto de Seguridad Laboral, ISL, participando trabajadores y trabajadoras a honorarios de \u00e1reas verdes de la I. Municialidad de Ays\u00e9n, Seremi de Trabajo y Previsi\u00f3n Social, Rodrigo D\u00edaz Cordaro, Directora regional del ISL, Claudia Vald\u00e9s V\u00e1squez, jefe de la Inspecci\u00f3n Provincial del Trabajo, Luis Godoy Mardones y el profesional de la Unidad de Salud Ocupacional de la Seremi de Salud, Carlos Arteaga.<\/span><\/p>\n<p class=\"v1MsoNormal\" style=\"text-align: justify;\"><span lang=\"ES\">Quienes trabajan expuestos al sol, por ejemplo, ven restringidas sus funciones, capacidades f\u00edsicas y tambi\u00e9n su productividad laboral.<\/span><\/p>\n<p class=\"v1MsoNormal\" style=\"text-align: justify;\"><span lang=\"ES\">Ante la ola de calor que se vive en el pa\u00eds, el Seremi de Trabajo y Previsi\u00f3n Social, Rodrigo D\u00edaz Cordaro, valor\u00f3 la informaci\u00f3n entregada por el ISL y los elementos de protecci\u00f3n, \u00abEsta capacitaci\u00f3n que ha realizado el equipo del Instituto de Seguridad Laboral, ISL, de la Regi\u00f3n de Ays\u00e9n a las y los trabajadores a honorarios de \u00e1reas verdes de la\u00a0 Municipalidad de Ays\u00e9n, ha sido muy buena porque ellos se han podido informar de todos los elementos de seguridad que deben tener justamente en d\u00edas como hoy donde tenemos una luminosidad importante, una radiaci\u00f3n UV que nos puede afectar a la piel,. Es importante para nosotros como Gobierno, como Ministerio de Trabajo y Previsi\u00f3n Social que nuestros trabajadores y trabajadoras est\u00e9n cubiertos, con todos los elementos de seguridad y ellos puedan disponer de ello, de acuerdo a las condiciones de su trabajo. As\u00ed es que la verdad ha sido muy provechoso, nos acompa\u00f1\u00f3 la Direcci\u00f3n del Trabajo, representante de la Seremi de Salud, as\u00ed es que en conjunto, como Gobierno estamos trabajando por la regi\u00f3n\u00bb.<\/span><\/p>\n<p class=\"v1MsoNormal\" style=\"text-align: justify;\"><span lang=\"ES\">Las investigaciones demuestran que la productividad laboral disminuye cuando la temperatura ambiental supera los 24 a 26 grados Celsius. Al alcanzar los 33 \u00f3 34 grados Celsius, con una intensidad de trabajo moderada, las y los trabajadores pierden un 50% de su capacidad.<\/span><\/p>\n<p class=\"v1MsoNormal\" style=\"text-align: justify;\"><span lang=\"ES\">Al respecto, la Directora regional del ISL, Claudia Vald\u00e9s, reforz\u00f3 las principales medidas de protecci\u00f3n, \u00abComo Instituto de Seguridad Laboral estamos muy contentos de haber ejecutado una capacitaci\u00f3n con la intenci\u00f3n de hacer discusi\u00f3n, entregar materiales de protecci\u00f3n a los trabajadores a honorarios de la Municipalidad de Ays\u00e9n, principalmente a los trabajadores que est\u00e1n en \u00e1reas verdes que son quienes tienen mayor exposici\u00f3n a las altas temperaturas y a la radiaci\u00f3n UV. Estamos en una campa\u00f1a nacional, donde las medidas son principalmente el uso permanente de los elementos de protecci\u00f3n como, por ejemplo, el protector para casco, los gorros legionarios, el uso frecuente de protector solar, el uso tambi\u00e9n de protector para los labios adem\u00e1s de la permanente hidrataci\u00f3n. Muy contentos por estar reforzando las materias preventivas en relaci\u00f3n a la salud y seguridad de los trabajadores y trabajadoras de la Regi\u00f3n de Ays\u00e9n\u00bb<\/span><\/p>\n<p class=\"v1MsoNormal\" style=\"text-align: justify;\"><span lang=\"ES\">Una de las trabajadoras de Puerto Ays\u00e9n que particip\u00f3 de la actividad, fue Sebast\u00ed Paranc\u00e1n Mansilla, \u00abSiempre son buenas las capacitaciones para las personas que trabajamos en distintos puntos de la comuna para ir aprendiendo cada d\u00eda, c\u00f3mo protegerse como trabajadora, los implementos que tenemos que tener, as\u00ed es que me gust\u00f3, fue buena\u00bb.<\/span><\/p>\n<p class=\"v1MsoNormal\" style=\"text-align: justify;\"><span lang=\"ES\">En Chile existen diversos rubros que emplean a una gran cantidad de trabajadoras y trabajadores permanentes por periodos o de forma estacional, quienes deben realizar sus funciones a la intemperie, al aire libre o lugares de trabajo (abiertos o cerrados) donde existen fuentes de calor radiante o la infraestructura no a\u00edsla suficientemente del calor externo, lo que supone exposiciones a temperaturas extremas. Los profesionales del ISL afirman que quienes m\u00e1s sufren en este per\u00edodo, \u00abpor regla general, desarrollan actividades de la agricultura, bienes y servicios medioambientales (gesti\u00f3n de recursos naturales), la construcci\u00f3n, la recolecci\u00f3n de residuos, los trabajos de reparaci\u00f3n de urgencia, el transporte, el turismo y los deportes\u00bb.<\/span><\/p>\n<p class=\"v1MsoNormal\" style=\"text-align: justify;\"><span lang=\"ES\">No obstante, tambi\u00e9n se incluyen los obreros que trabajan en el interior de f\u00e1bricas y talleres, debido a que corren riesgos si los niveles de temperatura no se regulan adecuadamente, y a quienes se desempe\u00f1an en oficinas, pues \u00ablos niveles de temperatura elevada inducen fatiga ps\u00edquica, que puede resultar dif\u00edcil incluso al momento de realizar tareas simples de oficina o de escritorio\u00bb, especificaron.<\/span><\/p>\n<p class=\"v1MsoNormal\" style=\"text-align: justify;\"><span lang=\"ES\">La exposici\u00f3n no controlada en zonas de altas temperaturas a extremas puede producir, entre otros s\u00edntomas: insolaci\u00f3n, sarpullido, edema por calor, desmayo o s\u00edncope, calambres, agotamiento o un golpe de calor; situaciones en las que algunos pueden requerir atenci\u00f3n hospitalaria urgente o incluso pueden provocar la muerte.<\/span><\/p>\n<p class=\"v1MsoNormal\" style=\"text-align: justify;\"><b><u><span lang=\"ES\">Recomendaciones<\/span><\/u><\/b><\/p>\n<p class=\"v1MsoNormal\" style=\"text-align: justify;\"><span lang=\"ES\">Para prevenir la generaci\u00f3n de enfermedades asociadas a la exposici\u00f3n a temperaturas extremas, tanto el Seremi de Trabajo y Previsi\u00f3n Social y la directora del ISL realizaron un llamado a las y los empleadores a preocuparse que sus trabajadores sigan las siguientes medidas:<\/span><\/p>\n<p class=\"v1MsoNormal\" style=\"text-align: justify;\"><span lang=\"ES\">\u25cf\u00a0\u00a0\u00a0\u00a0\u00a0\u00a0\u00a0\u00a0<\/span><span lang=\"ES\">Beber agua potable fresca frecuentemente, aunque no tenga sed.<\/span><\/p>\n<p class=\"v1MsoNormal\" style=\"text-align: justify;\"><span lang=\"ES\">\u25cf\u00a0\u00a0\u00a0\u00a0\u00a0\u00a0\u00a0\u00a0<\/span><span lang=\"ES\">Evitar exposiciones innecesarias en horarios con altas temperaturas, por lo que deber\u00e1 utilizar sombras o mantenerse bajo techo.<\/span><\/p>\n<p class=\"v1MsoNormal\" style=\"text-align: justify;\"><span lang=\"ES\">\u25cf\u00a0\u00a0\u00a0\u00a0\u00a0\u00a0\u00a0\u00a0<\/span><span lang=\"ES\">Realizar comidas livianas, como frutas y verduras; y no abusar de la sal.<\/span><\/p>\n<p class=\"v1MsoNormal\" style=\"text-align: justify;\"><span lang=\"ES\">\u25cf\u00a0\u00a0\u00a0\u00a0\u00a0\u00a0\u00a0\u00a0<\/span><span lang=\"ES\">Adherir a las pausas o periodos de recuperaci\u00f3n establecidos por el empleador.<\/span><\/p>\n<p class=\"v1MsoNormal\" style=\"text-align: justify;\"><span lang=\"ES\">\u25cf\u00a0\u00a0\u00a0\u00a0\u00a0\u00a0\u00a0\u00a0<\/span><span lang=\"ES\">Si presenta uno o m\u00e1s de los signos o s\u00edntomas por efectos del calor debe cesar su actividad, descansar en un lugar fresco y notificar a su supervisi\u00f3n o en su defecto, a quien pueda asistirlo de forma inmediata.<\/span><\/p>\n<p class=\"v1MsoNormal\" style=\"text-align: justify;\"><span lang=\"ES\">\u25cf\u00a0\u00a0\u00a0\u00a0\u00a0\u00a0\u00a0\u00a0<\/span><span lang=\"ES\">Ducharse y refrescarse al finalizar la jornada de trabajo.<\/span><\/p>\n<p class=\"v1MsoNormal\" style=\"text-align: justify;\"><span lang=\"ES\">\u25cf\u00a0\u00a0\u00a0\u00a0\u00a0\u00a0\u00a0\u00a0<\/span><span lang=\"ES\">Informarse de los riesgos existentes y de las medidas que se deben adoptar. Adem\u00e1s, siempre debe considerar las alertas de la Direcci\u00f3n Meteorol\u00f3gica de Chile o del Servicio Nacional de Prevenci\u00f3n y Respuesta Ante Desastres, en cuanto a altas temperaturas, que deber\u00e1n extremar los anuncios de los cuidados y la implementaci\u00f3n de medidas tendientes a controlar el riesgo.<\/span><\/p>\n<p class=\"v1MsoNormal\" style=\"text-align: justify;\"><span lang=\"ES\">\u25cf\u00a0\u00a0\u00a0\u00a0\u00a0\u00a0\u00a0\u00a0<\/span><span lang=\"ES\">Aplicar protector solar diariamente y reaplicar cada dos horas, adem\u00e1s utilizar todos los elementos de protecci\u00f3n personal que le sean proporcionados para la protecci\u00f3n frente a las altas temperaturas.<\/span><\/p>\n<p class=\"v1MsoNormal\" style=\"text-align: justify;\"><span lang=\"ES\">\u25cf\u00a0\u00a0\u00a0\u00a0\u00a0\u00a0\u00a0\u00a0<\/span><span lang=\"ES\">Participar activamente de todas las actividades de entrenamiento por parte del empleador.<\/span><\/p>\n<p class=\"v1MsoNormal\" style=\"text-align: justify;\"><span lang=\"ES\">En el sitio web\u00a0<a href=\"http:\/\/www.isl.gob.cl\/verano\/\" target=\"_blank\" rel=\"noopener noreferrer\">www.isl.gob.cl\/verano<\/a>\u00a0los interesados podr\u00e1n encontrar est\u00e1s y otras medidas importantes ante el calor y exposici\u00f3n a rayos UV.<\/span><\/p>\n<\/div><\/section><\/div><div  style='height:50px' class='hr hr-invisible   avia-builder-el-6  el_after_av_one_full  el_before_av_social_share '><span class='hr-inner ' ><span class='hr-inner-style'><\/span><\/span><\/div><\/p>\n<div  class='av-social-sharing-box  avia-builder-el-7  el_after_av_hr  el_before_av_hr  '><div class='av-share-box'><h5 class='av-share-link-description av-no-toc '>Compartir esta noticia<\/h5><ul class='av-share-box-list noLightbox'><li class='av-share-link av-social-link-facebook' ><a target=\"_blank\" aria-label=\"Compartir en Facebook\" href='https:\/\/www.facebook.com\/sharer.php?u=https:\/\/radiorevelacionfm.cl\/?p=39145&#038;t=Refuerzan%20llamado%20a%20proteger%20a%20quienes%20trabajan%20expuestos%20al%20sol%2C%20calor%20extremo%20y%20rayos%20UV%20en%20la%20Regi%C3%B3n%20de%20Ays%C3%A9n' aria-hidden='false' data-av_icon='\ue8f3' data-av_iconfont='entypo-fontello' title='' data-avia-related-tooltip='Compartir en Facebook' rel=\"noopener\"><span class='avia_hidden_link_text'>Compartir en Facebook<\/span><\/a><\/li><li class='av-share-link av-social-link-twitter' ><a target=\"_blank\" aria-label=\"Compartir en Twitter\" href='https:\/\/twitter.com\/share?text=Refuerzan%20llamado%20a%20proteger%20a%20quienes%20trabajan%20expuestos%20al%20sol%2C%20calor%20extremo%20y%20rayos%20UV%20en%20la%20Regi%C3%B3n%20de%20Ays%C3%A9n&#038;url=https:\/\/radiorevelacionfm.cl\/?p=39145' aria-hidden='false' data-av_icon='\ue8f1' data-av_iconfont='entypo-fontello' title='' data-avia-related-tooltip='Compartir en Twitter' rel=\"noopener\"><span class='avia_hidden_link_text'>Compartir en Twitter<\/span><\/a><\/li><li class='av-share-link av-social-link-whatsapp' ><a target=\"_blank\" aria-label=\"Compartir en Whatsapp\" href='https:\/\/api.whatsapp.com\/send?text=https:\/\/radiorevelacionfm.cl\/?p=39145' aria-hidden='false' data-av_icon='\uf232' data-av_iconfont='entypo-fontello' title='' data-avia-related-tooltip='Compartir en Whatsapp' rel=\"noopener\"><span class='avia_hidden_link_text'>Compartir en Whatsapp<\/span><\/a><\/li><li class='av-share-link av-social-link-linkedin' ><a target=\"_blank\" aria-label=\"Compartir en LinkedIn\" href='https:\/\/linkedin.com\/shareArticle?mini=true&#038;title=Refuerzan%20llamado%20a%20proteger%20a%20quienes%20trabajan%20expuestos%20al%20sol%2C%20calor%20extremo%20y%20rayos%20UV%20en%20la%20Regi%C3%B3n%20de%20Ays%C3%A9n&#038;url=https:\/\/radiorevelacionfm.cl\/?p=39145' aria-hidden='false' data-av_icon='\ue8fc' data-av_iconfont='entypo-fontello' title='' data-avia-related-tooltip='Compartir en LinkedIn' rel=\"noopener\"><span class='avia_hidden_link_text'>Compartir en LinkedIn<\/span><\/a><\/li><li class='av-share-link av-social-link-mail' ><a  aria-label=\"Compartir por correo\" href='mailto:?subject=Refuerzan%20llamado%20a%20proteger%20a%20quienes%20trabajan%20expuestos%20al%20sol%2C%20calor%20extremo%20y%20rayos%20UV%20en%20la%20Regi%C3%B3n%20de%20Ays%C3%A9n&#038;body=https:\/\/radiorevelacionfm.cl\/?p=39145' aria-hidden='false' data-av_icon='\ue805' data-av_iconfont='entypo-fontello' title='' data-avia-related-tooltip='Compartir por correo'><span class='avia_hidden_link_text'>Compartir por correo<\/span><\/a><\/li><\/ul><\/div><\/div>\n<div  style='height:50px' class='hr hr-invisible   avia-builder-el-8  el_after_av_social_share  el_before_av_comments_list '><span class='hr-inner ' ><span class='hr-inner-style'><\/span><\/span><\/div>\n<div  class='av-buildercomment  av-blog-meta-html-info-disabled av-blog-meta-tag-disabled  '><\/div>\n","protected":false},"excerpt":{"rendered":"","protected":false},"author":1,"featured_media":39146,"comment_status":"open","ping_status":"open","sticky":false,"template":"","format":"standard","meta":{"footnotes":""},"categories":[56],"tags":[],"class_list":["post-39145","post","type-post","status-publish","format-standard","has-post-thumbnail","hentry","category-trabajo"],"jetpack_featured_media_url":"https:\/\/radiorevelacionfm.cl\/wp-content\/uploads\/2024\/01\/proteccionuv_calor_isl_ptoaysen-1-b-1_optimized-1.jpg","_links":{"self":[{"href":"https:\/\/radiorevelacionfm.cl\/index.php?rest_route=\/wp\/v2\/posts\/39145","targetHints":{"allow":["GET"]}}],"collection":[{"href":"https:\/\/radiorevelacionfm.cl\/index.php?rest_route=\/wp\/v2\/posts"}],"about":[{"href":"https:\/\/radiorevelacionfm.cl\/index.php?rest_route=\/wp\/v2\/types\/post"}],"author":[{"embeddable":true,"href":"https:\/\/radiorevelacionfm.cl\/index.php?rest_route=\/wp\/v2\/users\/1"}],"replies":[{"embeddable":true,"href":"https:\/\/radiorevelacionfm.cl\/index.php?rest_route=%2Fwp%2Fv2%2Fcomments&post=39145"}],"version-history":[{"count":1,"href":"https:\/\/radiorevelacionfm.cl\/index.php?rest_route=\/wp\/v2\/posts\/39145\/revisions"}],"predecessor-version":[{"id":39147,"href":"https:\/\/radiorevelacionfm.cl\/index.php?rest_route=\/wp\/v2\/posts\/39145\/revisions\/39147"}],"wp:featuredmedia":[{"embeddable":true,"href":"https:\/\/radiorevelacionfm.cl\/index.php?rest_route=\/wp\/v2\/media\/39146"}],"wp:attachment":[{"href":"https:\/\/radiorevelacionfm.cl\/index.php?rest_route=%2Fwp%2Fv2%2Fmedia&parent=39145"}],"wp:term":[{"taxonomy":"category","embeddable":true,"href":"https:\/\/radiorevelacionfm.cl\/index.php?rest_route=%2Fwp%2Fv2%2Fcategories&post=39145"},{"taxonomy":"post_tag","embeddable":true,"href":"https:\/\/radiorevelacionfm.cl\/index.php?rest_route=%2Fwp%2Fv2%2Ftags&post=39145"}],"curies":[{"name":"wp","href":"https:\/\/api.w.org\/{rel}","templated":true}]}}