{"id":39142,"date":"2024-01-25T09:54:37","date_gmt":"2024-01-25T12:54:37","guid":{"rendered":"https:\/\/radiorevelacionfm.cl\/?p=39142"},"modified":"2024-01-25T09:54:37","modified_gmt":"2024-01-25T12:54:37","slug":"aniversario-ya-estan-en-puerto-aysen-los-artistas-que-acompanaran-el-encuentro-de-adoracion-uno-en-cristo","status":"publish","type":"post","link":"https:\/\/radiorevelacionfm.cl\/?p=39142","title":{"rendered":"Aniversario: Ya est\u00e1n en Puerto Ays\u00e9n los artistas que acompa\u00f1ar\u00e1n el \u201cEncuentro de Adoraci\u00f3n \u2013 Uno en Cristo\u201d"},"content":{"rendered":"<div class=\"flex_column av_one_full  flex_column_div av-zero-column-padding first  avia-builder-el-0  el_before_av_one_full  avia-builder-el-first  \" style='border-radius:0px; '><div  class='avia-image-container  av-styling-    avia-builder-el-1  avia-builder-el-no-sibling  avia-align-center '  itemprop=\"image\" itemscope=\"itemscope\" itemtype=\"https:\/\/schema.org\/ImageObject\"  ><div class='avia-image-container-inner'><div class='avia-image-overlay-wrap'><img decoding=\"async\" class='wp-image-39143 avia-img-lazy-loading-not-39143 avia_image' src=\"https:\/\/radiorevelacionfm.cl\/wp-content\/uploads\/2024\/01\/AFICHE-ACTIVIDAD-CRISTIANA-2-1.jpeg\" alt='' title='AFICHE ACTIVIDAD CRISTIANA (2) (1)' height=\"960\" width=\"768\"  itemprop=\"thumbnailUrl\" srcset=\"https:\/\/radiorevelacionfm.cl\/wp-content\/uploads\/2024\/01\/AFICHE-ACTIVIDAD-CRISTIANA-2-1.jpeg 768w, https:\/\/radiorevelacionfm.cl\/wp-content\/uploads\/2024\/01\/AFICHE-ACTIVIDAD-CRISTIANA-2-1-240x300.jpeg 240w, https:\/\/radiorevelacionfm.cl\/wp-content\/uploads\/2024\/01\/AFICHE-ACTIVIDAD-CRISTIANA-2-1-564x705.jpeg 564w, https:\/\/radiorevelacionfm.cl\/wp-content\/uploads\/2024\/01\/AFICHE-ACTIVIDAD-CRISTIANA-2-1-450x563.jpeg 450w, https:\/\/radiorevelacionfm.cl\/wp-content\/uploads\/2024\/01\/AFICHE-ACTIVIDAD-CRISTIANA-2-1-600x750.jpeg 600w\" sizes=\"(max-width: 768px) 100vw, 768px\" \/><\/div><\/div><\/div><\/div><div class=\"flex_column av_one_full  flex_column_div av-zero-column-padding first  avia-builder-el-2  el_after_av_one_full  el_before_av_one_full  column-top-margin\" style='border-radius:0px; '><section class=\"av_textblock_section \"  itemscope=\"itemscope\" itemtype=\"https:\/\/schema.org\/BlogPosting\" itemprop=\"blogPost\" ><div class='avia_textblock  '   itemprop=\"text\" ><p style=\"text-align: center;\"><strong><span style=\"font-size: 18pt;\">Aniversario: Ya est\u00e1n en Puerto Ays\u00e9n los artistas que acompa\u00f1ar\u00e1n el \u201cEncuentro de Adoraci\u00f3n \u2013 Uno en Cristo\u201d<\/span><\/strong><\/p>\n<div id=\"gtx-trans\" style=\"position: absolute; left: -50px; top: 4.31534px;\">\n<div class=\"gtx-trans-icon\"><\/div>\n<\/div>\n<\/div><\/section><\/div><div class=\"flex_column av_one_full  flex_column_div av-zero-column-padding first  avia-builder-el-4  el_after_av_one_full  el_before_av_hr  column-top-margin\" style='border-radius:0px; '><section class=\"av_textblock_section \"  itemscope=\"itemscope\" itemtype=\"https:\/\/schema.org\/BlogPosting\" itemprop=\"blogPost\" ><div class='avia_textblock  '   itemprop=\"text\" ><p style=\"text-align: justify;\">Avanzan los d\u00edas y ya est\u00e1 todo preparado para las actividades masivas en el aniversario 96 de Puerto Ays\u00e9n, el Parque Municipal ex Isla D\u00edaz, ser\u00e1 el punto de encuentro de una gran cantidad de actividades dirigidas para todas las edades.<\/p>\n<p style=\"text-align: justify;\">Pero tambi\u00e9n habr\u00e1 importantes instancias para la reflexi\u00f3n, oraci\u00f3n y m\u00fasica cristiana, en lo que ser\u00e1 el \u201cEncuentro de Adoraci\u00f3n \u2013 Uno en Cristo\u201d, el que comienza a partir de las 18:30 horas, donde se contar\u00e1 con la presencia Roberto Palma desde Temuco y desde M\u00e9xico Gadiel Espinoza.<\/p>\n<p style=\"text-align: justify;\">\u201cSoy su servidor Gadiel Espinoza y quiero invitarlos para que nos acompa\u00f1en a este encuentro especial, llev\u00e1ndonos a un tiempo de unidad, en esta ciudad. Las iglesias, los evang\u00e9licos y todos quienes quieran acompa\u00f1arnos, tendremos este tiempo bien especial en la isla D\u00edaz, ser\u00e1 un tiempo genial, s\u00e9 que lo vamos a disfrutar y s\u00e9 que la bendici\u00f3n del Se\u00f1or se har\u00e1 sobre nuestras vidas\u201d.<\/p>\n<p style=\"text-align: justify;\">La actividad fue organizada por la Ilustre Municipalidad de Ays\u00e9n y la Congregaci\u00f3n Cristiana Evang\u00e9lica CCEvang\u201d y se llevar\u00e1 a cabo a partir de las 18:30 horas en el Parque Municipal de Puerto Ays\u00e9n, como parte de un nuevo aniversario de la ciudad.<\/p>\n<\/div><\/section><\/div><div  style='height:50px' class='hr hr-invisible   avia-builder-el-6  el_after_av_one_full  el_before_av_social_share '><span class='hr-inner ' ><span class='hr-inner-style'><\/span><\/span><\/div><\/p>\n<div  class='av-social-sharing-box  avia-builder-el-7  el_after_av_hr  el_before_av_hr  '><div class='av-share-box'><h5 class='av-share-link-description av-no-toc '>Compartir esta noticia<\/h5><ul class='av-share-box-list noLightbox'><li class='av-share-link av-social-link-facebook' ><a target=\"_blank\" aria-label=\"Compartir en Facebook\" href='https:\/\/www.facebook.com\/sharer.php?u=https:\/\/radiorevelacionfm.cl\/?p=39142&#038;t=Aniversario%3A%20Ya%20est%C3%A1n%20en%20Puerto%20Ays%C3%A9n%20los%20artistas%20que%20acompa%C3%B1ar%C3%A1n%20el%20%E2%80%9CEncuentro%20de%20Adoraci%C3%B3n%20%E2%80%93%20Uno%20en%20Cristo%E2%80%9D' aria-hidden='false' data-av_icon='\ue8f3' data-av_iconfont='entypo-fontello' title='' data-avia-related-tooltip='Compartir en Facebook' rel=\"noopener\"><span class='avia_hidden_link_text'>Compartir en Facebook<\/span><\/a><\/li><li class='av-share-link av-social-link-twitter' ><a target=\"_blank\" aria-label=\"Compartir en Twitter\" href='https:\/\/twitter.com\/share?text=Aniversario%3A%20Ya%20est%C3%A1n%20en%20Puerto%20Ays%C3%A9n%20los%20artistas%20que%20acompa%C3%B1ar%C3%A1n%20el%20%E2%80%9CEncuentro%20de%20Adoraci%C3%B3n%20%E2%80%93%20Uno%20en%20Cristo%E2%80%9D&#038;url=https:\/\/radiorevelacionfm.cl\/?p=39142' aria-hidden='false' data-av_icon='\ue8f1' data-av_iconfont='entypo-fontello' title='' data-avia-related-tooltip='Compartir en Twitter' rel=\"noopener\"><span class='avia_hidden_link_text'>Compartir en Twitter<\/span><\/a><\/li><li class='av-share-link av-social-link-whatsapp' ><a target=\"_blank\" aria-label=\"Compartir en Whatsapp\" href='https:\/\/api.whatsapp.com\/send?text=https:\/\/radiorevelacionfm.cl\/?p=39142' aria-hidden='false' data-av_icon='\uf232' data-av_iconfont='entypo-fontello' title='' data-avia-related-tooltip='Compartir en Whatsapp' rel=\"noopener\"><span class='avia_hidden_link_text'>Compartir en Whatsapp<\/span><\/a><\/li><li class='av-share-link av-social-link-linkedin' ><a target=\"_blank\" aria-label=\"Compartir en LinkedIn\" href='https:\/\/linkedin.com\/shareArticle?mini=true&#038;title=Aniversario%3A%20Ya%20est%C3%A1n%20en%20Puerto%20Ays%C3%A9n%20los%20artistas%20que%20acompa%C3%B1ar%C3%A1n%20el%20%E2%80%9CEncuentro%20de%20Adoraci%C3%B3n%20%E2%80%93%20Uno%20en%20Cristo%E2%80%9D&#038;url=https:\/\/radiorevelacionfm.cl\/?p=39142' aria-hidden='false' data-av_icon='\ue8fc' data-av_iconfont='entypo-fontello' title='' data-avia-related-tooltip='Compartir en LinkedIn' rel=\"noopener\"><span class='avia_hidden_link_text'>Compartir en LinkedIn<\/span><\/a><\/li><li class='av-share-link av-social-link-mail' ><a  aria-label=\"Compartir por correo\" href='mailto:?subject=Aniversario%3A%20Ya%20est%C3%A1n%20en%20Puerto%20Ays%C3%A9n%20los%20artistas%20que%20acompa%C3%B1ar%C3%A1n%20el%20%E2%80%9CEncuentro%20de%20Adoraci%C3%B3n%20%E2%80%93%20Uno%20en%20Cristo%E2%80%9D&#038;body=https:\/\/radiorevelacionfm.cl\/?p=39142' aria-hidden='false' data-av_icon='\ue805' data-av_iconfont='entypo-fontello' title='' data-avia-related-tooltip='Compartir por correo'><span class='avia_hidden_link_text'>Compartir por correo<\/span><\/a><\/li><\/ul><\/div><\/div>\n<div  style='height:50px' class='hr hr-invisible   avia-builder-el-8  el_after_av_social_share  el_before_av_comments_list '><span class='hr-inner ' ><span class='hr-inner-style'><\/span><\/span><\/div>\n<div  class='av-buildercomment  av-blog-meta-html-info-disabled av-blog-meta-tag-disabled  '><\/div>\n","protected":false},"excerpt":{"rendered":"","protected":false},"author":1,"featured_media":39143,"comment_status":"open","ping_status":"open","sticky":false,"template":"","format":"standard","meta":{"footnotes":""},"categories":[38],"tags":[],"class_list":["post-39142","post","type-post","status-publish","format-standard","has-post-thumbnail","hentry","category-regional"],"jetpack_featured_media_url":"https:\/\/radiorevelacionfm.cl\/wp-content\/uploads\/2024\/01\/AFICHE-ACTIVIDAD-CRISTIANA-2-1.jpeg","_links":{"self":[{"href":"https:\/\/radiorevelacionfm.cl\/index.php?rest_route=\/wp\/v2\/posts\/39142","targetHints":{"allow":["GET"]}}],"collection":[{"href":"https:\/\/radiorevelacionfm.cl\/index.php?rest_route=\/wp\/v2\/posts"}],"about":[{"href":"https:\/\/radiorevelacionfm.cl\/index.php?rest_route=\/wp\/v2\/types\/post"}],"author":[{"embeddable":true,"href":"https:\/\/radiorevelacionfm.cl\/index.php?rest_route=\/wp\/v2\/users\/1"}],"replies":[{"embeddable":true,"href":"https:\/\/radiorevelacionfm.cl\/index.php?rest_route=%2Fwp%2Fv2%2Fcomments&post=39142"}],"version-history":[{"count":1,"href":"https:\/\/radiorevelacionfm.cl\/index.php?rest_route=\/wp\/v2\/posts\/39142\/revisions"}],"predecessor-version":[{"id":39144,"href":"https:\/\/radiorevelacionfm.cl\/index.php?rest_route=\/wp\/v2\/posts\/39142\/revisions\/39144"}],"wp:featuredmedia":[{"embeddable":true,"href":"https:\/\/radiorevelacionfm.cl\/index.php?rest_route=\/wp\/v2\/media\/39143"}],"wp:attachment":[{"href":"https:\/\/radiorevelacionfm.cl\/index.php?rest_route=%2Fwp%2Fv2%2Fmedia&parent=39142"}],"wp:term":[{"taxonomy":"category","embeddable":true,"href":"https:\/\/radiorevelacionfm.cl\/index.php?rest_route=%2Fwp%2Fv2%2Fcategories&post=39142"},{"taxonomy":"post_tag","embeddable":true,"href":"https:\/\/radiorevelacionfm.cl\/index.php?rest_route=%2Fwp%2Fv2%2Ftags&post=39142"}],"curies":[{"name":"wp","href":"https:\/\/api.w.org\/{rel}","templated":true}]}}