{"id":39136,"date":"2024-01-24T20:03:11","date_gmt":"2024-01-24T23:03:11","guid":{"rendered":"https:\/\/radiorevelacionfm.cl\/?p=39136"},"modified":"2024-01-24T20:03:11","modified_gmt":"2024-01-24T23:03:11","slug":"salud-en-alerta-por-circulacion-de-variante-covid-19-y-llaman-a-protegerse-con-nueva-vacuna-monovalente","status":"publish","type":"post","link":"https:\/\/radiorevelacionfm.cl\/?p=39136","title":{"rendered":"Salud en alerta por circulaci\u00f3n de variante COVID 19 y llaman a protegerse con nueva vacuna monovalente"},"content":{"rendered":"<div class=\"flex_column av_one_full  flex_column_div av-zero-column-padding first  avia-builder-el-0  el_before_av_one_full  avia-builder-el-first  \" style='border-radius:0px; '><div  class='avia-image-container  av-styling-    avia-builder-el-1  avia-builder-el-no-sibling  avia-align-center '  itemprop=\"image\" itemscope=\"itemscope\" itemtype=\"https:\/\/schema.org\/ImageObject\"  ><div class='avia-image-container-inner'><div class='avia-image-overlay-wrap'><img decoding=\"async\" class='wp-image-39137 avia-img-lazy-loading-not-39137 avia_image' src=\"https:\/\/radiorevelacionfm.cl\/wp-content\/uploads\/2024\/01\/VACUNACION-ACHS-6-1-1.jpeg\" alt='' title='VACUNACI\u00d3N ACHS (6) (1) (1)' height=\"600\" width=\"900\"  itemprop=\"thumbnailUrl\" srcset=\"https:\/\/radiorevelacionfm.cl\/wp-content\/uploads\/2024\/01\/VACUNACION-ACHS-6-1-1.jpeg 900w, https:\/\/radiorevelacionfm.cl\/wp-content\/uploads\/2024\/01\/VACUNACION-ACHS-6-1-1-300x200.jpeg 300w, https:\/\/radiorevelacionfm.cl\/wp-content\/uploads\/2024\/01\/VACUNACION-ACHS-6-1-1-768x512.jpeg 768w, https:\/\/radiorevelacionfm.cl\/wp-content\/uploads\/2024\/01\/VACUNACION-ACHS-6-1-1-705x470.jpeg 705w, https:\/\/radiorevelacionfm.cl\/wp-content\/uploads\/2024\/01\/VACUNACION-ACHS-6-1-1-450x300.jpeg 450w, https:\/\/radiorevelacionfm.cl\/wp-content\/uploads\/2024\/01\/VACUNACION-ACHS-6-1-1-600x400.jpeg 600w\" sizes=\"(max-width: 900px) 100vw, 900px\" \/><\/div><\/div><\/div><\/div><div class=\"flex_column av_one_full  flex_column_div av-zero-column-padding first  avia-builder-el-2  el_after_av_one_full  el_before_av_one_full  column-top-margin\" style='border-radius:0px; '><section class=\"av_textblock_section \"  itemscope=\"itemscope\" itemtype=\"https:\/\/schema.org\/BlogPosting\" itemprop=\"blogPost\" ><div class='avia_textblock  '   itemprop=\"text\" ><p style=\"text-align: center;\"><strong><span style=\"font-size: 18pt;\">Salud en alerta por circulaci\u00f3n de variante COVID 19 y llaman a protegerse con nueva vacuna monovalente<\/span><\/strong><\/p>\n<div id=\"gtx-trans\" style=\"position: absolute; left: -50px; top: 4.31534px;\">\n<div class=\"gtx-trans-icon\"><\/div>\n<\/div>\n<\/div><\/section><\/div><div class=\"flex_column av_one_full  flex_column_div av-zero-column-padding first  avia-builder-el-4  el_after_av_one_full  el_before_av_hr  column-top-margin\" style='border-radius:0px; '><section class=\"av_textblock_section \"  itemscope=\"itemscope\" itemtype=\"https:\/\/schema.org\/BlogPosting\" itemprop=\"blogPost\" ><div class='avia_textblock  '   itemprop=\"text\" ><p style=\"font-weight: 400; text-align: justify;\">En dependencias de la Asociaci\u00f3n Chilena de Seguridad Coyhaique (ACHS), el Servicio y Seremi de Salud Ays\u00e9n encabezaron un operativo de vacunaci\u00f3n contra el COVID 19 e Influenza e invitaron a la poblaci\u00f3n a acercarse a los distintos dispositivos distribuidos en toda la regi\u00f3n de Ays\u00e9n para inocularse y enfrentar de mejor manera el invierno.<\/p>\n<p style=\"font-weight: 400; text-align: justify;\">En lo que va del a\u00f1o 2024 se han registrado 65 casos confirmados de COVID 19, donde cuatro de ellos se encuentran hospitalizados con neumon\u00eda grave. \u201cAunque hay mucho calor, el virus ha seguido circulando afectando a adultos mayores que son un grupo vulnerable sin la vacuna vigente y por eso queremos hacer un llamado a vacunarse\u201d, precis\u00f3 Marco Acu\u00f1a, epidemi\u00f3logo de la Seremi de Salud Ays\u00e9n.<\/p>\n<p style=\"font-weight: 400; text-align: justify;\">La vacuna la pueden recibir quienes cuentan con m\u00e1s de un a\u00f1o desde la \u00faltima dosis. La fecha de su \u00faltima vacunaci\u00f3n la puede revisar en la p\u00e1gina web\u00a0<a href=\"http:\/\/mevacuno.gob.cl\/\" data-saferedirecturl=\"https:\/\/www.google.com\/url?q=http:\/\/mevacuno.gob.cl&amp;source=gmail&amp;ust=1706212595911000&amp;usg=AOvVaw2L19GYt0ydA5zXefWteGgm\">mevacuno.gob.cl<\/a><\/p>\n<p style=\"font-weight: 400; text-align: justify;\">\u201cMe atrevo a invitar a las personas, sobre todo las personas adultas mayores para que se sumen, porque hay que ser responsables en este sentido. Si no queremos estar enfermos o contagiando a otras personas tenemos que tomar estas medidas\u201d, indic\u00f3 Gema Santander, una de las personas que fue inmunizada.<\/p>\n<p style=\"font-weight: 400; text-align: justify;\">Chile es el primer pa\u00eds de Latinoam\u00e9rica en poner a disposici\u00f3n la vacuna monovalente XBB.1.5 contra COVID 19. Se trata de la vacuna m\u00e1s actualizada en el mundo.<\/p>\n<p style=\"font-weight: 400; text-align: justify;\">\u201cContamos con la vacuna Pfizer monovalente que incorpora la cepa m\u00e1s circulante a nivel mundial que es una variante de la \u00f3micron y est\u00e1 disponible en todos los recintos asistenciales para los grupos disponibles priorizados, que son las personas inmunocomprometidas, mayores de 65 a\u00f1os, con enfermedades cr\u00f3nicas y funcionarios de la salud y mujeres embarazadas\u201d, dijo Carmen Monsalve, Seremi de Salud.<\/p>\n<p style=\"font-weight: 400; text-align: justify;\">Aparte de la vacuna Pfizer tambi\u00e9n desde este fin de semana estar\u00e1 disponible Moderna que sirve para las ni\u00f1as y ni\u00f1os de seis a\u00f1os en adelante, quienes tambi\u00e9n pueden acceder de manera gratuita.<\/p>\n<p style=\"font-weight: 400; text-align: justify;\">\u201cHemos dispuesto de vacunas en cada uno de nuestros establecimientos de atenci\u00f3n primaria, pero tambi\u00e9n en nuestros establecimientos de Hospitales Coyhaique y Puerto Ays\u00e9n, todos tienen vacunas COVID estacionaria actualizada y que est\u00e1 dispuesta para todas las personas\u201d, puntualiz\u00f3 Leandra Aguilar, encargada del Programas Nacional de Inmunizaciones del SSA.<\/p>\n<p style=\"font-weight: 400; text-align: justify;\">La ACHS ha sido un socio estrat\u00e9gico los \u00faltimos tres a\u00f1os para el Servicio de Salud y ha permitido contar con un espacio permanente para las campa\u00f1as y procesos de vacunaci\u00f3n.<\/p>\n<p style=\"font-weight: 400; text-align: justify;\">\u201cHemos estado apoyando este proceso desde 2021. Tenemos disponible este edificio e instituci\u00f3n para apoyar a la comunidad y los invito a vacunarse los d\u00edas s\u00e1bado de 09:00 a 14:00 horas. Sin embargo, si alguna persona asiste durante la semana tambi\u00e9n se le otorga la vacuna de manera gratuita\u201d, manifest\u00f3 Ang\u00e9lica \u00c1lvarez, enfermera jefa de la ACHS.<\/p>\n<p style=\"font-weight: 400; text-align: justify;\">Por \u00faltimo, cabe se\u00f1alar que los equipos se capacitan permanentemente para brindar una atenci\u00f3n oportuna y de calidad a los pacientes.<\/p>\n<\/div><\/section><\/div><div  style='height:50px' class='hr hr-invisible   avia-builder-el-6  el_after_av_one_full  el_before_av_social_share '><span class='hr-inner ' ><span class='hr-inner-style'><\/span><\/span><\/div><\/p>\n<div  class='av-social-sharing-box  avia-builder-el-7  el_after_av_hr  el_before_av_hr  '><div class='av-share-box'><h5 class='av-share-link-description av-no-toc '>Compartir esta noticia<\/h5><ul class='av-share-box-list noLightbox'><li class='av-share-link av-social-link-facebook' ><a target=\"_blank\" aria-label=\"Compartir en Facebook\" href='https:\/\/www.facebook.com\/sharer.php?u=https:\/\/radiorevelacionfm.cl\/?p=39136&#038;t=Salud%20en%20alerta%20por%20circulaci%C3%B3n%20de%20variante%20COVID%2019%20y%20llaman%20a%20protegerse%20con%20nueva%20vacuna%20monovalente' aria-hidden='false' data-av_icon='\ue8f3' data-av_iconfont='entypo-fontello' title='' data-avia-related-tooltip='Compartir en Facebook' rel=\"noopener\"><span class='avia_hidden_link_text'>Compartir en Facebook<\/span><\/a><\/li><li class='av-share-link av-social-link-twitter' ><a target=\"_blank\" aria-label=\"Compartir en Twitter\" href='https:\/\/twitter.com\/share?text=Salud%20en%20alerta%20por%20circulaci%C3%B3n%20de%20variante%20COVID%2019%20y%20llaman%20a%20protegerse%20con%20nueva%20vacuna%20monovalente&#038;url=https:\/\/radiorevelacionfm.cl\/?p=39136' aria-hidden='false' data-av_icon='\ue8f1' data-av_iconfont='entypo-fontello' title='' data-avia-related-tooltip='Compartir en Twitter' rel=\"noopener\"><span class='avia_hidden_link_text'>Compartir en Twitter<\/span><\/a><\/li><li class='av-share-link av-social-link-whatsapp' ><a target=\"_blank\" aria-label=\"Compartir en Whatsapp\" href='https:\/\/api.whatsapp.com\/send?text=https:\/\/radiorevelacionfm.cl\/?p=39136' aria-hidden='false' data-av_icon='\uf232' data-av_iconfont='entypo-fontello' title='' data-avia-related-tooltip='Compartir en Whatsapp' rel=\"noopener\"><span class='avia_hidden_link_text'>Compartir en Whatsapp<\/span><\/a><\/li><li class='av-share-link av-social-link-linkedin' ><a target=\"_blank\" aria-label=\"Compartir en LinkedIn\" href='https:\/\/linkedin.com\/shareArticle?mini=true&#038;title=Salud%20en%20alerta%20por%20circulaci%C3%B3n%20de%20variante%20COVID%2019%20y%20llaman%20a%20protegerse%20con%20nueva%20vacuna%20monovalente&#038;url=https:\/\/radiorevelacionfm.cl\/?p=39136' aria-hidden='false' data-av_icon='\ue8fc' data-av_iconfont='entypo-fontello' title='' data-avia-related-tooltip='Compartir en LinkedIn' rel=\"noopener\"><span class='avia_hidden_link_text'>Compartir en LinkedIn<\/span><\/a><\/li><li class='av-share-link av-social-link-mail' ><a  aria-label=\"Compartir por correo\" href='mailto:?subject=Salud%20en%20alerta%20por%20circulaci%C3%B3n%20de%20variante%20COVID%2019%20y%20llaman%20a%20protegerse%20con%20nueva%20vacuna%20monovalente&#038;body=https:\/\/radiorevelacionfm.cl\/?p=39136' aria-hidden='false' data-av_icon='\ue805' data-av_iconfont='entypo-fontello' title='' data-avia-related-tooltip='Compartir por correo'><span class='avia_hidden_link_text'>Compartir por correo<\/span><\/a><\/li><\/ul><\/div><\/div>\n<div  style='height:50px' class='hr hr-invisible   avia-builder-el-8  el_after_av_social_share  el_before_av_comments_list '><span class='hr-inner ' ><span class='hr-inner-style'><\/span><\/span><\/div>\n<div  class='av-buildercomment  av-blog-meta-html-info-disabled av-blog-meta-tag-disabled  '><\/div>\n","protected":false},"excerpt":{"rendered":"","protected":false},"author":1,"featured_media":39137,"comment_status":"open","ping_status":"open","sticky":false,"template":"","format":"standard","meta":{"footnotes":""},"categories":[46],"tags":[],"class_list":["post-39136","post","type-post","status-publish","format-standard","has-post-thumbnail","hentry","category-salud"],"jetpack_featured_media_url":"https:\/\/radiorevelacionfm.cl\/wp-content\/uploads\/2024\/01\/VACUNACION-ACHS-6-1-1.jpeg","_links":{"self":[{"href":"https:\/\/radiorevelacionfm.cl\/index.php?rest_route=\/wp\/v2\/posts\/39136","targetHints":{"allow":["GET"]}}],"collection":[{"href":"https:\/\/radiorevelacionfm.cl\/index.php?rest_route=\/wp\/v2\/posts"}],"about":[{"href":"https:\/\/radiorevelacionfm.cl\/index.php?rest_route=\/wp\/v2\/types\/post"}],"author":[{"embeddable":true,"href":"https:\/\/radiorevelacionfm.cl\/index.php?rest_route=\/wp\/v2\/users\/1"}],"replies":[{"embeddable":true,"href":"https:\/\/radiorevelacionfm.cl\/index.php?rest_route=%2Fwp%2Fv2%2Fcomments&post=39136"}],"version-history":[{"count":2,"href":"https:\/\/radiorevelacionfm.cl\/index.php?rest_route=\/wp\/v2\/posts\/39136\/revisions"}],"predecessor-version":[{"id":39148,"href":"https:\/\/radiorevelacionfm.cl\/index.php?rest_route=\/wp\/v2\/posts\/39136\/revisions\/39148"}],"wp:featuredmedia":[{"embeddable":true,"href":"https:\/\/radiorevelacionfm.cl\/index.php?rest_route=\/wp\/v2\/media\/39137"}],"wp:attachment":[{"href":"https:\/\/radiorevelacionfm.cl\/index.php?rest_route=%2Fwp%2Fv2%2Fmedia&parent=39136"}],"wp:term":[{"taxonomy":"category","embeddable":true,"href":"https:\/\/radiorevelacionfm.cl\/index.php?rest_route=%2Fwp%2Fv2%2Fcategories&post=39136"},{"taxonomy":"post_tag","embeddable":true,"href":"https:\/\/radiorevelacionfm.cl\/index.php?rest_route=%2Fwp%2Fv2%2Ftags&post=39136"}],"curies":[{"name":"wp","href":"https:\/\/api.w.org\/{rel}","templated":true}]}}