{"id":39133,"date":"2024-01-24T17:23:52","date_gmt":"2024-01-24T20:23:52","guid":{"rendered":"https:\/\/radiorevelacionfm.cl\/?p=39133"},"modified":"2024-01-24T17:23:52","modified_gmt":"2024-01-24T20:23:52","slug":"93-anos-cumplio-la-primera-compania-de-bomberos-de-puerto-aysen","status":"publish","type":"post","link":"https:\/\/radiorevelacionfm.cl\/?p=39133","title":{"rendered":"93 a\u00f1os cumpli\u00f3 la Primera Compa\u00f1\u00eda de Bomberos de Puerto Ays\u00e9n"},"content":{"rendered":"<div class=\"flex_column av_one_full  flex_column_div av-zero-column-padding first  avia-builder-el-0  el_before_av_one_full  avia-builder-el-first  \" style='border-radius:0px; '><div  class='avia-image-container  av-styling-    avia-builder-el-1  avia-builder-el-no-sibling  avia-align-center '  itemprop=\"image\" itemscope=\"itemscope\" itemtype=\"https:\/\/schema.org\/ImageObject\"  ><div class='avia-image-container-inner'><div class='avia-image-overlay-wrap'><img decoding=\"async\" class='wp-image-39134 avia-img-lazy-loading-not-39134 avia_image' src=\"https:\/\/radiorevelacionfm.cl\/wp-content\/uploads\/2024\/01\/primera-compania-3-1-1.jpg\" alt='' title='primera compa\u00f1ia 3 (1) (1)' height=\"600\" width=\"900\"  itemprop=\"thumbnailUrl\" srcset=\"https:\/\/radiorevelacionfm.cl\/wp-content\/uploads\/2024\/01\/primera-compania-3-1-1.jpg 900w, https:\/\/radiorevelacionfm.cl\/wp-content\/uploads\/2024\/01\/primera-compania-3-1-1-300x200.jpg 300w, https:\/\/radiorevelacionfm.cl\/wp-content\/uploads\/2024\/01\/primera-compania-3-1-1-768x512.jpg 768w, https:\/\/radiorevelacionfm.cl\/wp-content\/uploads\/2024\/01\/primera-compania-3-1-1-705x470.jpg 705w, https:\/\/radiorevelacionfm.cl\/wp-content\/uploads\/2024\/01\/primera-compania-3-1-1-450x300.jpg 450w, https:\/\/radiorevelacionfm.cl\/wp-content\/uploads\/2024\/01\/primera-compania-3-1-1-600x400.jpg 600w\" sizes=\"(max-width: 900px) 100vw, 900px\" \/><\/div><\/div><\/div><\/div><div class=\"flex_column av_one_full  flex_column_div av-zero-column-padding first  avia-builder-el-2  el_after_av_one_full  el_before_av_one_full  column-top-margin\" style='border-radius:0px; '><section class=\"av_textblock_section \"  itemscope=\"itemscope\" itemtype=\"https:\/\/schema.org\/BlogPosting\" itemprop=\"blogPost\" ><div class='avia_textblock  '   itemprop=\"text\" ><p style=\"text-align: center;\"><strong><span style=\"font-size: 18pt;\">93 a\u00f1os cumpli\u00f3 la Primera Compa\u00f1\u00eda de Bomberos de Puerto Ays\u00e9n<\/span><\/strong><\/p>\n<div id=\"gtx-trans\" style=\"position: absolute; left: -50px; top: 4.31534px;\">\n<div class=\"gtx-trans-icon\"><\/div>\n<\/div>\n<\/div><\/section><\/div><div class=\"flex_column av_one_full  flex_column_div av-zero-column-padding first  avia-builder-el-4  el_after_av_one_full  el_before_av_hr  column-top-margin\" style='border-radius:0px; '><section class=\"av_textblock_section \"  itemscope=\"itemscope\" itemtype=\"https:\/\/schema.org\/BlogPosting\" itemprop=\"blogPost\" ><div class='avia_textblock  '   itemprop=\"text\" ><p style=\"text-align: justify;\"><em>La actividad cont\u00f3 con la presentaci\u00f3n de la orquesta de cuerdas del Colegio Kalem.<\/em><\/p>\n<p style=\"text-align: justify;\">En su cuartel, ubicado en calle Kalstrom de la Ribera Sur de Puerto Ays\u00e9n, oficiales, voluntarios y autoridades, participaron en la Ceremonia por los 93 a\u00f1os de la Primera Compa\u00f1\u00eda de Bomberos, una de las pioneras en nuestra regi\u00f3n.<\/p>\n<p style=\"text-align: justify;\">El Alcalde, Julio Uribe, puso en valor el importante aporte de esta entidad voluntaria hacia la comunidad. \u201cNuestra Primera Compa\u00f1\u00eda que est\u00e1 en Ribera Sur, donde cada a\u00f1o, antes de celebrar el aniversario de nuestra comuna, se celebra el aniversario de la Primera Compa\u00f1\u00eda de Bomberos. As\u00ed es que, desearles lo mejor para todos sus voluntarios y voluntarias que siempre est\u00e1n colaborando con la comunidad y que sigan creciendo como instituci\u00f3n\u201d.<\/p>\n<p style=\"text-align: justify;\">Por su parte, el director de la Primera Compa\u00f1\u00eda de Bomberos, Flavio Obando, destac\u00f3 los inicios de la entidad que est\u00e1 celebrando sus 93 a\u00f1os, relevando tambi\u00e9n el apoyo del Gobierno Regional, que en los pr\u00f3ximos meses les permitir\u00e1 contar con nuevo carro bomba.<\/p>\n<p style=\"text-align: justify;\">\u201cCelebramos los 93 desde la fundaci\u00f3n de la gloriosa Primera Compa\u00f1\u00eda, en cada aniversario recordamos a nuestros fundadores, hombres aguerridos y de la Patagonia que en una reuni\u00f3n solemne dieron inicio a esta Primera Compa\u00f1\u00eda. Decir tambi\u00e9n que, el a\u00f1o pasado se firm\u00f3 el convenio con el Gobierno Regional y este a\u00f1o durante el primer semestre o a inicios del segundo, empiezan a llegar las primeras unidades del material mayor a la regi\u00f3n, lo que parti\u00f3 con la entrega del material menor como uniformes, equipos de respiraci\u00f3n, c\u00e1maras termales, etc.\u201d.<\/p>\n<p style=\"text-align: justify;\">Flavio Obando, quiso tambi\u00e9n enviar un mensaje a la comunidad y quienes integran la Primera Compa\u00f1\u00eda de Bomberos de Puerto Ays\u00e9n. \u201cA seguir creciendo, el Cuerpo de Bomberos y la Primera Compa\u00f1\u00eda es la m\u00e1s antigua de la regi\u00f3n, hoy estamos cumpliendo 93 a\u00f1os. Instamos a los j\u00f3venes a seguir por la senda bomberil, a no perder nuestras tradiciones, que son fundamentales y no olvidarnos de nuestros fundadores\u201d.<\/p>\n<p style=\"text-align: justify;\">A la ceremonia de la Primera Compa\u00f1\u00eda de Bomberos de Puerto Ays\u00e9n, asisti\u00f3 el nuevo directorio del Cuerpo de Bomberos, encabezado por el Superintendente, Arturo Loaiza. En la actividad tambi\u00e9n estuvieron algunos empresarios locales, comerciantes y particulares, quienes fueron reconocidos por su permanente colaboraci\u00f3n con la entidad voluntaria.<\/p>\n<\/div><\/section><\/div><div  style='height:50px' class='hr hr-invisible   avia-builder-el-6  el_after_av_one_full  el_before_av_social_share '><span class='hr-inner ' ><span class='hr-inner-style'><\/span><\/span><\/div><\/p>\n<div  class='av-social-sharing-box  avia-builder-el-7  el_after_av_hr  el_before_av_hr  '><div class='av-share-box'><h5 class='av-share-link-description av-no-toc '>Compartir esta noticia<\/h5><ul class='av-share-box-list noLightbox'><li class='av-share-link av-social-link-facebook' ><a target=\"_blank\" aria-label=\"Compartir en Facebook\" href='https:\/\/www.facebook.com\/sharer.php?u=https:\/\/radiorevelacionfm.cl\/?p=39133&#038;t=93%20a%C3%B1os%20cumpli%C3%B3%20la%20Primera%20Compa%C3%B1%C3%ADa%20de%20Bomberos%20de%20Puerto%20Ays%C3%A9n' aria-hidden='false' data-av_icon='\ue8f3' data-av_iconfont='entypo-fontello' title='' data-avia-related-tooltip='Compartir en Facebook' rel=\"noopener\"><span class='avia_hidden_link_text'>Compartir en Facebook<\/span><\/a><\/li><li class='av-share-link av-social-link-twitter' ><a target=\"_blank\" aria-label=\"Compartir en Twitter\" href='https:\/\/twitter.com\/share?text=93%20a%C3%B1os%20cumpli%C3%B3%20la%20Primera%20Compa%C3%B1%C3%ADa%20de%20Bomberos%20de%20Puerto%20Ays%C3%A9n&#038;url=https:\/\/radiorevelacionfm.cl\/?p=39133' aria-hidden='false' data-av_icon='\ue8f1' data-av_iconfont='entypo-fontello' title='' data-avia-related-tooltip='Compartir en Twitter' rel=\"noopener\"><span class='avia_hidden_link_text'>Compartir en Twitter<\/span><\/a><\/li><li class='av-share-link av-social-link-whatsapp' ><a target=\"_blank\" aria-label=\"Compartir en Whatsapp\" href='https:\/\/api.whatsapp.com\/send?text=https:\/\/radiorevelacionfm.cl\/?p=39133' aria-hidden='false' data-av_icon='\uf232' data-av_iconfont='entypo-fontello' title='' data-avia-related-tooltip='Compartir en Whatsapp' rel=\"noopener\"><span class='avia_hidden_link_text'>Compartir en Whatsapp<\/span><\/a><\/li><li class='av-share-link av-social-link-linkedin' ><a target=\"_blank\" aria-label=\"Compartir en LinkedIn\" href='https:\/\/linkedin.com\/shareArticle?mini=true&#038;title=93%20a%C3%B1os%20cumpli%C3%B3%20la%20Primera%20Compa%C3%B1%C3%ADa%20de%20Bomberos%20de%20Puerto%20Ays%C3%A9n&#038;url=https:\/\/radiorevelacionfm.cl\/?p=39133' aria-hidden='false' data-av_icon='\ue8fc' data-av_iconfont='entypo-fontello' title='' data-avia-related-tooltip='Compartir en LinkedIn' rel=\"noopener\"><span class='avia_hidden_link_text'>Compartir en LinkedIn<\/span><\/a><\/li><li class='av-share-link av-social-link-mail' ><a  aria-label=\"Compartir por correo\" href='mailto:?subject=93%20a%C3%B1os%20cumpli%C3%B3%20la%20Primera%20Compa%C3%B1%C3%ADa%20de%20Bomberos%20de%20Puerto%20Ays%C3%A9n&#038;body=https:\/\/radiorevelacionfm.cl\/?p=39133' aria-hidden='false' data-av_icon='\ue805' data-av_iconfont='entypo-fontello' title='' data-avia-related-tooltip='Compartir por correo'><span class='avia_hidden_link_text'>Compartir por correo<\/span><\/a><\/li><\/ul><\/div><\/div>\n<div  style='height:50px' class='hr hr-invisible   avia-builder-el-8  el_after_av_social_share  el_before_av_comments_list '><span class='hr-inner ' ><span class='hr-inner-style'><\/span><\/span><\/div>\n<div  class='av-buildercomment  av-blog-meta-html-info-disabled av-blog-meta-tag-disabled  '><\/div>\n","protected":false},"excerpt":{"rendered":"","protected":false},"author":1,"featured_media":39134,"comment_status":"open","ping_status":"open","sticky":false,"template":"","format":"standard","meta":{"footnotes":""},"categories":[38],"tags":[],"class_list":["post-39133","post","type-post","status-publish","format-standard","has-post-thumbnail","hentry","category-regional"],"jetpack_featured_media_url":"https:\/\/radiorevelacionfm.cl\/wp-content\/uploads\/2024\/01\/primera-compania-3-1-1.jpg","_links":{"self":[{"href":"https:\/\/radiorevelacionfm.cl\/index.php?rest_route=\/wp\/v2\/posts\/39133","targetHints":{"allow":["GET"]}}],"collection":[{"href":"https:\/\/radiorevelacionfm.cl\/index.php?rest_route=\/wp\/v2\/posts"}],"about":[{"href":"https:\/\/radiorevelacionfm.cl\/index.php?rest_route=\/wp\/v2\/types\/post"}],"author":[{"embeddable":true,"href":"https:\/\/radiorevelacionfm.cl\/index.php?rest_route=\/wp\/v2\/users\/1"}],"replies":[{"embeddable":true,"href":"https:\/\/radiorevelacionfm.cl\/index.php?rest_route=%2Fwp%2Fv2%2Fcomments&post=39133"}],"version-history":[{"count":1,"href":"https:\/\/radiorevelacionfm.cl\/index.php?rest_route=\/wp\/v2\/posts\/39133\/revisions"}],"predecessor-version":[{"id":39135,"href":"https:\/\/radiorevelacionfm.cl\/index.php?rest_route=\/wp\/v2\/posts\/39133\/revisions\/39135"}],"wp:featuredmedia":[{"embeddable":true,"href":"https:\/\/radiorevelacionfm.cl\/index.php?rest_route=\/wp\/v2\/media\/39134"}],"wp:attachment":[{"href":"https:\/\/radiorevelacionfm.cl\/index.php?rest_route=%2Fwp%2Fv2%2Fmedia&parent=39133"}],"wp:term":[{"taxonomy":"category","embeddable":true,"href":"https:\/\/radiorevelacionfm.cl\/index.php?rest_route=%2Fwp%2Fv2%2Fcategories&post=39133"},{"taxonomy":"post_tag","embeddable":true,"href":"https:\/\/radiorevelacionfm.cl\/index.php?rest_route=%2Fwp%2Fv2%2Ftags&post=39133"}],"curies":[{"name":"wp","href":"https:\/\/api.w.org\/{rel}","templated":true}]}}