{"id":39130,"date":"2024-01-24T17:03:12","date_gmt":"2024-01-24T20:03:12","guid":{"rendered":"https:\/\/radiorevelacionfm.cl\/?p=39130"},"modified":"2024-01-24T17:03:12","modified_gmt":"2024-01-24T20:03:12","slug":"abiertas-postulaciones-a-fondo-que-apoya-la-digitalizacion-de-los-almacenes-de-barrio","status":"publish","type":"post","link":"https:\/\/radiorevelacionfm.cl\/?p=39130","title":{"rendered":"Abiertas postulaciones a fondo que apoya la digitalizaci\u00f3n de los almacenes de barrio"},"content":{"rendered":"<div class=\"flex_column av_one_full  flex_column_div av-zero-column-padding first  avia-builder-el-0  el_before_av_one_full  avia-builder-el-first  \" style='border-radius:0px; '><div  class='avia-image-container  av-styling-    avia-builder-el-1  avia-builder-el-no-sibling  avia-align-center '  itemprop=\"image\" itemscope=\"itemscope\" itemtype=\"https:\/\/schema.org\/ImageObject\"  ><div class='avia-image-container-inner'><div class='avia-image-overlay-wrap'><img decoding=\"async\" class='wp-image-39131 avia-img-lazy-loading-not-39131 avia_image' src=\"https:\/\/radiorevelacionfm.cl\/wp-content\/uploads\/2024\/01\/digitaliza-1-1.jpeg\" alt='' title='digitaliza (1) (1)' height=\"600\" width=\"900\"  itemprop=\"thumbnailUrl\" srcset=\"https:\/\/radiorevelacionfm.cl\/wp-content\/uploads\/2024\/01\/digitaliza-1-1.jpeg 900w, https:\/\/radiorevelacionfm.cl\/wp-content\/uploads\/2024\/01\/digitaliza-1-1-300x200.jpeg 300w, https:\/\/radiorevelacionfm.cl\/wp-content\/uploads\/2024\/01\/digitaliza-1-1-768x512.jpeg 768w, https:\/\/radiorevelacionfm.cl\/wp-content\/uploads\/2024\/01\/digitaliza-1-1-705x470.jpeg 705w, https:\/\/radiorevelacionfm.cl\/wp-content\/uploads\/2024\/01\/digitaliza-1-1-450x300.jpeg 450w, https:\/\/radiorevelacionfm.cl\/wp-content\/uploads\/2024\/01\/digitaliza-1-1-600x400.jpeg 600w\" sizes=\"(max-width: 900px) 100vw, 900px\" \/><\/div><\/div><\/div><\/div><div class=\"flex_column av_one_full  flex_column_div av-zero-column-padding first  avia-builder-el-2  el_after_av_one_full  el_before_av_one_full  column-top-margin\" style='border-radius:0px; '><section class=\"av_textblock_section \"  itemscope=\"itemscope\" itemtype=\"https:\/\/schema.org\/BlogPosting\" itemprop=\"blogPost\" ><div class='avia_textblock  '   itemprop=\"text\" ><p style=\"text-align: center;\"><strong><span style=\"font-size: 18pt;\">Abiertas postulaciones a fondo que apoya la digitalizaci\u00f3n de los almacenes de barrio<\/span><\/strong><\/p>\n<div id=\"gtx-trans\" style=\"position: absolute; left: -50px; top: 4.31534px;\">\n<div class=\"gtx-trans-icon\"><\/div>\n<\/div>\n<\/div><\/section><\/div><div class=\"flex_column av_one_full  flex_column_div av-zero-column-padding first  avia-builder-el-4  el_after_av_one_full  el_before_av_hr  column-top-margin\" style='border-radius:0px; '><section class=\"av_textblock_section \"  itemscope=\"itemscope\" itemtype=\"https:\/\/schema.org\/BlogPosting\" itemprop=\"blogPost\" ><div class='avia_textblock  '   itemprop=\"text\" ><p style=\"text-align: justify;\"><em>Este esperado programa de Sercotec en su versi\u00f3n 2024, otorgara\u0301 subsidios de $2.750.000 para que almaceneros y almaceneras incorporen herramientas digitales que fortalezcan la gesti\u00f3n de su negocio. Se puede postular hasta el 6 de febrero en www.sercotec.cl. <\/em><\/p>\n<p style=\"text-align: justify;\">Durante el a\u00f1o 2023 \u201cDigitaliza tu Almac\u00e9n\u201d tuvo 22 beneficiarios y beneficiarias en la Regi\u00f3n de Ays\u00e9n, quienes a trav\u00e9s de este instrumento aumentaron sus capacidades digitales lo que a corto plazo, gener\u00f3 mayores ganancias y optimiz\u00f3 los procesos internos de sus almacenes.<\/p>\n<p style=\"text-align: justify;\">Don Fernando Paz, es propietario de la f\u00e1brica de empanadas y comida r\u00e1pida \u201cDonde Karauke\u201d, ubicada en la avenida principal de Ma\u00f1ihuales. Durante el 2023 fue uno de los 22 beneficiarios en nuestra regi\u00f3n con \u201cDigitaliza tu Almac\u00e9n\u201d, gracias a este subsidio logr\u00f3 mejoras importantes en su emprendimiento. \u201cPara nosotros fue muy positivo, con mi se\u00f1ora hicimos la postulaci\u00f3n, nos orientaron para evitar errores y postulamos a trav\u00e9s de la p\u00e1gina de Sercotec. Gracias a \u201cDigitaliza tu Almac\u00e9n\u201d, logramos instalar un Punto de venta que ayuda mucho, porque as\u00ed llevamos un control exacto y verdadero del negocio. Adem\u00e1s, adquirimos prendas corporativas, materia prima y una m\u00e1quina para poder vender diversos tipos de caf\u00e9. Gracias a esto, ahora que estamos en temporada alta, estamos completamente implementados para recibir a nuestros clientes y turistas.\u201d<\/p>\n<p style=\"text-align: justify;\">A nivel nacional, una medici\u00f3n del impacto de este programa detecto\u0301 que el 54% de los almacenes apoyados por Sercotec en el a\u00f1o 2021 aumentaron sus ventas al a\u00f1o siguiente, alcanzando este aumento a $10.029 millones. Del mismo modo, el 66% de los almacenes beneficiarios el a\u00f1o 2022 aumentaron su margen de contribuci\u00f3n en el 2023.<\/p>\n<p style=\"text-align: justify;\">El Seremi de Econom\u00eda de la Regi\u00f3n de Ays\u00e9n; Felipe Rojas Pizarro, puso sobre relieve la importancia de este tipo de instrumentos mencionando que: \u201cUna de las buenas noticias, es que \u201cDigitaliza tu Almac\u00e9n\u201d, para este 2024 aument\u00f3 en un 17% el monto que otorga a cada negocio, abriendo mayores posibilidades para quienes resultan beneficiarios o beneficiarias, en el contexto de que podr\u00e1n destinar estos recursos a inversiones como la compra de m\u00e1quinas, equipos y herramientas digitales que permitan fortalecer la gesti\u00f3n interna y los procesos de venta del almac\u00e9n, adem\u00e1s de asistencia t\u00e9cnica, capacitaci\u00f3n y marketing para promover el negocio en redes sociales.\u201d<\/p>\n<p style=\"text-align: justify;\">Por su parte la Directora Regional de Sercotec; Nelly Vargas Mansilla, puntualiz\u00f3 que: \u201cEste es un programa dise\u00f1ado para fortalecer en espec\u00edfico a los peque\u00f1os negocios de barrio mediante la incorporaci\u00f3n de herramientas digitales, las que permiten mejorar la gesti\u00f3n interna y los procesos de venta. Es un subsidio de $2.750.000 con un co-aporte de un 10%. Pueden postular almacenes con inicio de actividades en primera categor\u00eda ante SII, con antig\u00fcedad superior a 12 meses y donde las ventas sean menores o iguales a 5.000UF al a\u00f1o, esto incluye a rotiser\u00edas, minimarkets, pasteler\u00edas, panader\u00edas, carnicer\u00edas, pescader\u00edas, helader\u00edas, emporios de venta a granel, botiller\u00edas, confiter\u00edas, fruter\u00edas, bazares y librer\u00edas de barrio.\u201d<\/p>\n<p style=\"text-align: justify;\">Desde el 2016 a la fecha, m\u00e1s de 4.800 almacenes han accedido a este beneficio. Entre los apoyados durante el a\u00f1o pasado, el 65% fueron liderados por mujeres y el 85% presentaban un nivel de digitalizaci\u00f3n \u201cinicial\u201d o \u201cnovato\u201d, seg\u00fan la medici\u00f3n de Chequeo Digital. El periodo de postulaci\u00f3n es hasta el d\u00eda 6 de Febrero. Las bases est\u00e1n disponibles en <a href=\"http:\/\/www.sercotec.cl\">www.sercotec.cl<\/a> y en nuestra regi\u00f3n puede obtener informaci\u00f3n y asesor\u00eda mediante el n\u00famero +56920639826 o escribiendo a mipeaysen@sercotec.cl<\/p>\n<\/div><\/section><\/div><div  style='height:50px' class='hr hr-invisible   avia-builder-el-6  el_after_av_one_full  el_before_av_social_share '><span class='hr-inner ' ><span class='hr-inner-style'><\/span><\/span><\/div><\/p>\n<div  class='av-social-sharing-box  avia-builder-el-7  el_after_av_hr  el_before_av_hr  '><div class='av-share-box'><h5 class='av-share-link-description av-no-toc '>Compartir esta noticia<\/h5><ul class='av-share-box-list noLightbox'><li class='av-share-link av-social-link-facebook' ><a target=\"_blank\" aria-label=\"Compartir en Facebook\" href='https:\/\/www.facebook.com\/sharer.php?u=https:\/\/radiorevelacionfm.cl\/?p=39130&#038;t=Abiertas%20postulaciones%20a%20fondo%20que%20apoya%20la%20digitalizaci%C3%B3n%20de%20los%20almacenes%20de%20barrio' aria-hidden='false' data-av_icon='\ue8f3' data-av_iconfont='entypo-fontello' title='' data-avia-related-tooltip='Compartir en Facebook' rel=\"noopener\"><span class='avia_hidden_link_text'>Compartir en Facebook<\/span><\/a><\/li><li class='av-share-link av-social-link-twitter' ><a target=\"_blank\" aria-label=\"Compartir en Twitter\" href='https:\/\/twitter.com\/share?text=Abiertas%20postulaciones%20a%20fondo%20que%20apoya%20la%20digitalizaci%C3%B3n%20de%20los%20almacenes%20de%20barrio&#038;url=https:\/\/radiorevelacionfm.cl\/?p=39130' aria-hidden='false' data-av_icon='\ue8f1' data-av_iconfont='entypo-fontello' title='' data-avia-related-tooltip='Compartir en Twitter' rel=\"noopener\"><span class='avia_hidden_link_text'>Compartir en Twitter<\/span><\/a><\/li><li class='av-share-link av-social-link-whatsapp' ><a target=\"_blank\" aria-label=\"Compartir en Whatsapp\" href='https:\/\/api.whatsapp.com\/send?text=https:\/\/radiorevelacionfm.cl\/?p=39130' aria-hidden='false' data-av_icon='\uf232' data-av_iconfont='entypo-fontello' title='' data-avia-related-tooltip='Compartir en Whatsapp' rel=\"noopener\"><span class='avia_hidden_link_text'>Compartir en Whatsapp<\/span><\/a><\/li><li class='av-share-link av-social-link-linkedin' ><a target=\"_blank\" aria-label=\"Compartir en LinkedIn\" href='https:\/\/linkedin.com\/shareArticle?mini=true&#038;title=Abiertas%20postulaciones%20a%20fondo%20que%20apoya%20la%20digitalizaci%C3%B3n%20de%20los%20almacenes%20de%20barrio&#038;url=https:\/\/radiorevelacionfm.cl\/?p=39130' aria-hidden='false' data-av_icon='\ue8fc' data-av_iconfont='entypo-fontello' title='' data-avia-related-tooltip='Compartir en LinkedIn' rel=\"noopener\"><span class='avia_hidden_link_text'>Compartir en LinkedIn<\/span><\/a><\/li><li class='av-share-link av-social-link-mail' ><a  aria-label=\"Compartir por correo\" href='mailto:?subject=Abiertas%20postulaciones%20a%20fondo%20que%20apoya%20la%20digitalizaci%C3%B3n%20de%20los%20almacenes%20de%20barrio&#038;body=https:\/\/radiorevelacionfm.cl\/?p=39130' aria-hidden='false' data-av_icon='\ue805' data-av_iconfont='entypo-fontello' title='' data-avia-related-tooltip='Compartir por correo'><span class='avia_hidden_link_text'>Compartir por correo<\/span><\/a><\/li><\/ul><\/div><\/div>\n<div  style='height:50px' class='hr hr-invisible   avia-builder-el-8  el_after_av_social_share  el_before_av_comments_list '><span class='hr-inner ' ><span class='hr-inner-style'><\/span><\/span><\/div>\n<div  class='av-buildercomment  av-blog-meta-html-info-disabled av-blog-meta-tag-disabled  '><\/div>\n","protected":false},"excerpt":{"rendered":"","protected":false},"author":1,"featured_media":39131,"comment_status":"open","ping_status":"open","sticky":false,"template":"","format":"standard","meta":{"footnotes":""},"categories":[38],"tags":[],"class_list":["post-39130","post","type-post","status-publish","format-standard","has-post-thumbnail","hentry","category-regional"],"jetpack_featured_media_url":"https:\/\/radiorevelacionfm.cl\/wp-content\/uploads\/2024\/01\/digitaliza-1-1.jpeg","_links":{"self":[{"href":"https:\/\/radiorevelacionfm.cl\/index.php?rest_route=\/wp\/v2\/posts\/39130","targetHints":{"allow":["GET"]}}],"collection":[{"href":"https:\/\/radiorevelacionfm.cl\/index.php?rest_route=\/wp\/v2\/posts"}],"about":[{"href":"https:\/\/radiorevelacionfm.cl\/index.php?rest_route=\/wp\/v2\/types\/post"}],"author":[{"embeddable":true,"href":"https:\/\/radiorevelacionfm.cl\/index.php?rest_route=\/wp\/v2\/users\/1"}],"replies":[{"embeddable":true,"href":"https:\/\/radiorevelacionfm.cl\/index.php?rest_route=%2Fwp%2Fv2%2Fcomments&post=39130"}],"version-history":[{"count":1,"href":"https:\/\/radiorevelacionfm.cl\/index.php?rest_route=\/wp\/v2\/posts\/39130\/revisions"}],"predecessor-version":[{"id":39132,"href":"https:\/\/radiorevelacionfm.cl\/index.php?rest_route=\/wp\/v2\/posts\/39130\/revisions\/39132"}],"wp:featuredmedia":[{"embeddable":true,"href":"https:\/\/radiorevelacionfm.cl\/index.php?rest_route=\/wp\/v2\/media\/39131"}],"wp:attachment":[{"href":"https:\/\/radiorevelacionfm.cl\/index.php?rest_route=%2Fwp%2Fv2%2Fmedia&parent=39130"}],"wp:term":[{"taxonomy":"category","embeddable":true,"href":"https:\/\/radiorevelacionfm.cl\/index.php?rest_route=%2Fwp%2Fv2%2Fcategories&post=39130"},{"taxonomy":"post_tag","embeddable":true,"href":"https:\/\/radiorevelacionfm.cl\/index.php?rest_route=%2Fwp%2Fv2%2Ftags&post=39130"}],"curies":[{"name":"wp","href":"https:\/\/api.w.org\/{rel}","templated":true}]}}