{"id":39126,"date":"2024-01-24T16:01:48","date_gmt":"2024-01-24T19:01:48","guid":{"rendered":"https:\/\/radiorevelacionfm.cl\/?p=39126"},"modified":"2024-01-24T16:01:48","modified_gmt":"2024-01-24T19:01:48","slug":"destacan-avances-de-programa-red-local-de-apoyos-y-cuidados-en-villa-la-tapera","status":"publish","type":"post","link":"https:\/\/radiorevelacionfm.cl\/?p=39126","title":{"rendered":"Destacan avances de Programa Red Local de Apoyos y Cuidados en Villa La Tapera"},"content":{"rendered":"<div class=\"flex_column av_one_full  flex_column_div av-zero-column-padding first  avia-builder-el-0  el_before_av_one_full  avia-builder-el-first  \" style='border-radius:0px; '><div  class='avia-image-container  av-styling-    avia-builder-el-1  avia-builder-el-no-sibling  avia-align-center '  itemprop=\"image\" itemscope=\"itemscope\" itemtype=\"https:\/\/schema.org\/ImageObject\"  ><div class='avia-image-container-inner'><div class='avia-image-overlay-wrap'><img decoding=\"async\" class='wp-image-39128 avia-img-lazy-loading-not-39128 avia_image' src=\"https:\/\/radiorevelacionfm.cl\/wp-content\/uploads\/2024\/01\/lagoverde1-1_optimized.jpeg\" alt='' title='lagoverde1-(1)_optimized' height=\"576\" width=\"935\"  itemprop=\"thumbnailUrl\" srcset=\"https:\/\/radiorevelacionfm.cl\/wp-content\/uploads\/2024\/01\/lagoverde1-1_optimized.jpeg 935w, https:\/\/radiorevelacionfm.cl\/wp-content\/uploads\/2024\/01\/lagoverde1-1_optimized-300x185.jpeg 300w, https:\/\/radiorevelacionfm.cl\/wp-content\/uploads\/2024\/01\/lagoverde1-1_optimized-768x473.jpeg 768w, https:\/\/radiorevelacionfm.cl\/wp-content\/uploads\/2024\/01\/lagoverde1-1_optimized-705x434.jpeg 705w, https:\/\/radiorevelacionfm.cl\/wp-content\/uploads\/2024\/01\/lagoverde1-1_optimized-450x277.jpeg 450w, https:\/\/radiorevelacionfm.cl\/wp-content\/uploads\/2024\/01\/lagoverde1-1_optimized-600x370.jpeg 600w\" sizes=\"(max-width: 935px) 100vw, 935px\" \/><\/div><\/div><\/div><\/div><div class=\"flex_column av_one_full  flex_column_div av-zero-column-padding first  avia-builder-el-2  el_after_av_one_full  el_before_av_one_full  column-top-margin\" style='border-radius:0px; '><section class=\"av_textblock_section \"  itemscope=\"itemscope\" itemtype=\"https:\/\/schema.org\/BlogPosting\" itemprop=\"blogPost\" ><div class='avia_textblock  '   itemprop=\"text\" ><p style=\"text-align: center;\"><strong><span style=\"font-size: 18pt;\">Destacan avances de Programa Red Local de Apoyos y Cuidados en Villa La Tapera <\/span><\/strong><\/p>\n<div id=\"gtx-trans\" style=\"position: absolute; left: -50px; top: 4.31534px;\">\n<div class=\"gtx-trans-icon\"><\/div>\n<\/div>\n<\/div><\/section><\/div><div class=\"flex_column av_one_full  flex_column_div av-zero-column-padding first  avia-builder-el-4  el_after_av_one_full  el_before_av_hr  column-top-margin\" style='border-radius:0px; '><section class=\"av_textblock_section \"  itemscope=\"itemscope\" itemtype=\"https:\/\/schema.org\/BlogPosting\" itemprop=\"blogPost\" ><div class='avia_textblock  '   itemprop=\"text\" ><p class=\"v1elementToProof\" style=\"text-align: justify;\">Por segundo a\u00f1o consecutivo, se dio el vamos al Programa Red Local de Apoyos y Cuidados (Prlac)\u00a0en la localidad de La Tapera,\u00a0el que continuar\u00e1 atendiendo de forma integral a 15 personas con dependencia, as\u00ed como a sus cuidadores\/as y hogares, en donde se les genera un plan y posterior intervenci\u00f3n para mejorar su bienestar biopsicosocial a trav\u00e9s de diferentes servicios de cuidado en los domicilios de los usuarios.<\/p>\n<p style=\"text-align: justify;\">A trav\u00e9s de una reuni\u00f3n en la sede social de la localidad, liderada por el equipo t\u00e9cnico de la seremi de Desarrollo Social y Familia, se destac\u00f3 el egreso de dos usuarios que, tras una positiva recuperaci\u00f3n lograron salir de la dependencia, lo que fue valorado por la Seremi de la cartera, Karina Acevedo Auad \u00abEstamos muy contentos con el resultado obtenido de este programa Red Local de Apoyo y Cuidados en Lago Verde. Fue posible con mucho trabajo y compromiso del alcalde y su equipo en Tapera puntualmente, lo que nos ha permitido atender a 15 personas\u00bb, adicionalmente la autoridad sectorial subray\u00f3 que \u00abResultados como este programa, sin duda nos da fuerza y nuevamente nos impulsan a seguir trabajando en esta pol\u00edtica que el Presidente tambi\u00e9n Gabriel Boric no ha mandatado a hacer, que es el Sistema Nacional de Cuidados, algo que sea para todos los chilenos en donde puedan recibir los privilegios de este peque\u00f1o programa, pero ya con una pol\u00edtica nacional\u00bb.<\/p>\n<p style=\"text-align: justify;\">An\u00edbal Arias es uno de los usuarios del programa que sorprendi\u00f3 a toda la comunidad por lograr salir de la extrema dependencia, tras recuperarse de una compleja situaci\u00f3n de salud que lo dej\u00f3 en silla de ruedas por dos a\u00f1os \u00abContento porque mientras estuve en el programa recib\u00ed bastante ayuda, la verdad que con costo personal era un poco dif\u00edcil conseguir apoyo, pero los tuve en la casa y fue una tremenda ayuda, as\u00ed que muchas gracias y muy agradecido porque se hizo un trabajo muy bueno\u00bb, a la vez Arias aprovech\u00f3 de solicitar que \u00abOjal\u00e1 contin\u00fae el programa y pueda seguir m\u00e1s adelante, con m\u00e1s recursos y un poco m\u00e1s amplio donde puedan abarcar m\u00e1s en las localidades rurales, porque hay mucha gente que necesita, pero no viven en el pueblito, ah\u00ed tambi\u00e9n se necesita un funcionario que sea de terreno\u00bb.<\/p>\n<p style=\"text-align: justify;\">Otra de las experiencias positivas que fueron compartidas en la reuni\u00f3n fue la de Carmen Z\u00e1rate, cuidadora de su hijo \u00abSe enferm\u00f3 en Punta Arenas y cost\u00f3 mucho sacarlo adelante porque no caminaba, no hac\u00eda nada. Lo trasladamos ac\u00e1 y con toda la ayuda del equipo que hemos tenido, ha salido adelante y ahora camina, as\u00ed que por eso le doy gracias\u00bb.<\/p>\n<p style=\"text-align: justify;\">El Alcalde de Lago Verde Nelson Opazo, valor\u00f3 la continuidad del programa que permitir\u00e1 seguir trabajando en la recuperaci\u00f3n de personas con dependencia \u00abTener este programa instalado desde la seremi de Desarrollo Social interactuando directamente con el equipo del municipio, nos llena de satisfacci\u00f3n. El cerrar un ciclo y comenzar otro en estas localidades que son apartadas como las nuestras y poder incorporar estos recursos. Llegan definitivamente de buena forma al usuario e influyen de manera positiva en un \u00e1mbito tan importante en estos tiempos como es la salud, especialmente en estas zonas apartadas, donde ya es dif\u00edcil incorporar a un especialista o llegar a un centro de salud. Valoramos el trabajo que hemos desarrollado con los profesionales y el equipo t\u00e9cnico de la Seremi de Desarrollo Social, donde se ha logrado ese nexo que uno siempre busca con los sectores, que es poder hacer un trabajo conjunto que se traduzca en mejores condiciones para los vecinos y, en este caso, se est\u00e1 cumpliendo absolutamente el objetivo\u00bb.<\/p>\n<p class=\"v1elementToProof\" style=\"text-align: justify;\">El Programa Red Local de Apoyos y Cuidados dependiente del Ministerio de Desarrollo Social y Familia estar\u00e1 presente en convenio este 2024, seg\u00fan indic\u00f3 la Seremi Karina Acevedo con los municipios de las comunas Melinka, Lago Verde, Coyhaique e Ib\u00e1\u00f1ez, llegando a 115 hogares para realizar entre otros, el servicio especializado de psicolog\u00eda y kinesiolog\u00eda para todos los usuarios y cuidadores que requieran, ayudas t\u00e9cnicas de sillas de ruedas, instalaci\u00f3n de barras de sujeci\u00f3n, cojines antiescaras, servicio de alimentaci\u00f3n complementaria y servicio de \u00fatiles de aseo.<\/p>\n<\/div><\/section><\/div><div  style='height:50px' class='hr hr-invisible   avia-builder-el-6  el_after_av_one_full  el_before_av_social_share '><span class='hr-inner ' ><span class='hr-inner-style'><\/span><\/span><\/div><\/p>\n<div  class='av-social-sharing-box  avia-builder-el-7  el_after_av_hr  el_before_av_hr  '><div class='av-share-box'><h5 class='av-share-link-description av-no-toc '>Compartir esta noticia<\/h5><ul class='av-share-box-list noLightbox'><li class='av-share-link av-social-link-facebook' ><a target=\"_blank\" aria-label=\"Compartir en Facebook\" href='https:\/\/www.facebook.com\/sharer.php?u=https:\/\/radiorevelacionfm.cl\/?p=39126&#038;t=Destacan%20avances%20de%20Programa%20Red%20Local%20de%20Apoyos%20y%20Cuidados%20en%20Villa%20La%20Tapera' aria-hidden='false' data-av_icon='\ue8f3' data-av_iconfont='entypo-fontello' title='' data-avia-related-tooltip='Compartir en Facebook' rel=\"noopener\"><span class='avia_hidden_link_text'>Compartir en Facebook<\/span><\/a><\/li><li class='av-share-link av-social-link-twitter' ><a target=\"_blank\" aria-label=\"Compartir en Twitter\" href='https:\/\/twitter.com\/share?text=Destacan%20avances%20de%20Programa%20Red%20Local%20de%20Apoyos%20y%20Cuidados%20en%20Villa%20La%20Tapera&#038;url=https:\/\/radiorevelacionfm.cl\/?p=39126' aria-hidden='false' data-av_icon='\ue8f1' data-av_iconfont='entypo-fontello' title='' data-avia-related-tooltip='Compartir en Twitter' rel=\"noopener\"><span class='avia_hidden_link_text'>Compartir en Twitter<\/span><\/a><\/li><li class='av-share-link av-social-link-whatsapp' ><a target=\"_blank\" aria-label=\"Compartir en Whatsapp\" href='https:\/\/api.whatsapp.com\/send?text=https:\/\/radiorevelacionfm.cl\/?p=39126' aria-hidden='false' data-av_icon='\uf232' data-av_iconfont='entypo-fontello' title='' data-avia-related-tooltip='Compartir en Whatsapp' rel=\"noopener\"><span class='avia_hidden_link_text'>Compartir en Whatsapp<\/span><\/a><\/li><li class='av-share-link av-social-link-linkedin' ><a target=\"_blank\" aria-label=\"Compartir en LinkedIn\" href='https:\/\/linkedin.com\/shareArticle?mini=true&#038;title=Destacan%20avances%20de%20Programa%20Red%20Local%20de%20Apoyos%20y%20Cuidados%20en%20Villa%20La%20Tapera&#038;url=https:\/\/radiorevelacionfm.cl\/?p=39126' aria-hidden='false' data-av_icon='\ue8fc' data-av_iconfont='entypo-fontello' title='' data-avia-related-tooltip='Compartir en LinkedIn' rel=\"noopener\"><span class='avia_hidden_link_text'>Compartir en LinkedIn<\/span><\/a><\/li><li class='av-share-link av-social-link-mail' ><a  aria-label=\"Compartir por correo\" href='mailto:?subject=Destacan%20avances%20de%20Programa%20Red%20Local%20de%20Apoyos%20y%20Cuidados%20en%20Villa%20La%20Tapera&#038;body=https:\/\/radiorevelacionfm.cl\/?p=39126' aria-hidden='false' data-av_icon='\ue805' data-av_iconfont='entypo-fontello' title='' data-avia-related-tooltip='Compartir por correo'><span class='avia_hidden_link_text'>Compartir por correo<\/span><\/a><\/li><\/ul><\/div><\/div>\n<div  style='height:50px' class='hr hr-invisible   avia-builder-el-8  el_after_av_social_share  el_before_av_comments_list '><span class='hr-inner ' ><span class='hr-inner-style'><\/span><\/span><\/div>\n<div  class='av-buildercomment  av-blog-meta-html-info-disabled av-blog-meta-tag-disabled  '><\/div>\n","protected":false},"excerpt":{"rendered":"","protected":false},"author":1,"featured_media":39128,"comment_status":"open","ping_status":"open","sticky":false,"template":"","format":"standard","meta":{"footnotes":""},"categories":[38],"tags":[],"class_list":["post-39126","post","type-post","status-publish","format-standard","has-post-thumbnail","hentry","category-regional"],"jetpack_featured_media_url":"https:\/\/radiorevelacionfm.cl\/wp-content\/uploads\/2024\/01\/lagoverde1-1_optimized.jpeg","_links":{"self":[{"href":"https:\/\/radiorevelacionfm.cl\/index.php?rest_route=\/wp\/v2\/posts\/39126","targetHints":{"allow":["GET"]}}],"collection":[{"href":"https:\/\/radiorevelacionfm.cl\/index.php?rest_route=\/wp\/v2\/posts"}],"about":[{"href":"https:\/\/radiorevelacionfm.cl\/index.php?rest_route=\/wp\/v2\/types\/post"}],"author":[{"embeddable":true,"href":"https:\/\/radiorevelacionfm.cl\/index.php?rest_route=\/wp\/v2\/users\/1"}],"replies":[{"embeddable":true,"href":"https:\/\/radiorevelacionfm.cl\/index.php?rest_route=%2Fwp%2Fv2%2Fcomments&post=39126"}],"version-history":[{"count":1,"href":"https:\/\/radiorevelacionfm.cl\/index.php?rest_route=\/wp\/v2\/posts\/39126\/revisions"}],"predecessor-version":[{"id":39129,"href":"https:\/\/radiorevelacionfm.cl\/index.php?rest_route=\/wp\/v2\/posts\/39126\/revisions\/39129"}],"wp:featuredmedia":[{"embeddable":true,"href":"https:\/\/radiorevelacionfm.cl\/index.php?rest_route=\/wp\/v2\/media\/39128"}],"wp:attachment":[{"href":"https:\/\/radiorevelacionfm.cl\/index.php?rest_route=%2Fwp%2Fv2%2Fmedia&parent=39126"}],"wp:term":[{"taxonomy":"category","embeddable":true,"href":"https:\/\/radiorevelacionfm.cl\/index.php?rest_route=%2Fwp%2Fv2%2Fcategories&post=39126"},{"taxonomy":"post_tag","embeddable":true,"href":"https:\/\/radiorevelacionfm.cl\/index.php?rest_route=%2Fwp%2Fv2%2Ftags&post=39126"}],"curies":[{"name":"wp","href":"https:\/\/api.w.org\/{rel}","templated":true}]}}