{"id":39123,"date":"2024-01-24T12:47:45","date_gmt":"2024-01-24T15:47:45","guid":{"rendered":"https:\/\/radiorevelacionfm.cl\/?p=39123"},"modified":"2024-01-24T12:47:45","modified_gmt":"2024-01-24T15:47:45","slug":"parque-nacional-cerro-castillo-se-conecta-a-internet-transformando-la-experiencia-turistica-y-la-gestion-ambiental","status":"publish","type":"post","link":"https:\/\/radiorevelacionfm.cl\/?p=39123","title":{"rendered":"Parque Nacional Cerro Castillo se conecta a internet, transformando la experiencia tur\u00edstica y la gesti\u00f3n ambiental"},"content":{"rendered":"<div class=\"flex_column av_one_full  flex_column_div av-zero-column-padding first  avia-builder-el-0  el_before_av_one_full  avia-builder-el-first  \" style='border-radius:0px; '><div  class='avia-image-container  av-styling-    avia-builder-el-1  avia-builder-el-no-sibling  avia-align-center '  itemprop=\"image\" itemscope=\"itemscope\" itemtype=\"https:\/\/schema.org\/ImageObject\"  ><div class='avia-image-container-inner'><div class='avia-image-overlay-wrap'><img decoding=\"async\" class='wp-image-39124 avia-img-lazy-loading-not-39124 avia_image' src=\"https:\/\/radiorevelacionfm.cl\/wp-content\/uploads\/2024\/01\/cerro-castillo1_optimized-1.jpg\" alt='' title='cerro-castillo1_optimized (1)' height=\"665\" width=\"802\"  itemprop=\"thumbnailUrl\" srcset=\"https:\/\/radiorevelacionfm.cl\/wp-content\/uploads\/2024\/01\/cerro-castillo1_optimized-1.jpg 802w, https:\/\/radiorevelacionfm.cl\/wp-content\/uploads\/2024\/01\/cerro-castillo1_optimized-1-300x249.jpg 300w, https:\/\/radiorevelacionfm.cl\/wp-content\/uploads\/2024\/01\/cerro-castillo1_optimized-1-768x637.jpg 768w, https:\/\/radiorevelacionfm.cl\/wp-content\/uploads\/2024\/01\/cerro-castillo1_optimized-1-705x585.jpg 705w, https:\/\/radiorevelacionfm.cl\/wp-content\/uploads\/2024\/01\/cerro-castillo1_optimized-1-450x373.jpg 450w, https:\/\/radiorevelacionfm.cl\/wp-content\/uploads\/2024\/01\/cerro-castillo1_optimized-1-600x498.jpg 600w\" sizes=\"(max-width: 802px) 100vw, 802px\" \/><\/div><\/div><\/div><\/div><div class=\"flex_column av_one_full  flex_column_div av-zero-column-padding first  avia-builder-el-2  el_after_av_one_full  el_before_av_one_full  column-top-margin\" style='border-radius:0px; '><section class=\"av_textblock_section \"  itemscope=\"itemscope\" itemtype=\"https:\/\/schema.org\/BlogPosting\" itemprop=\"blogPost\" ><div class='avia_textblock  '   itemprop=\"text\" ><p style=\"text-align: center;\"><strong><span style=\"font-size: 18pt;\">Parque Nacional Cerro Castillo se conecta a internet, transformando la experiencia tur\u00edstica y la gesti\u00f3n ambiental<\/span><\/strong><\/p>\n<div id=\"gtx-trans\" style=\"position: absolute; left: -50px; top: 4.31534px;\">\n<div class=\"gtx-trans-icon\"><\/div>\n<\/div>\n<\/div><\/section><\/div><div class=\"flex_column av_one_full  flex_column_div av-zero-column-padding first  avia-builder-el-4  el_after_av_one_full  el_before_av_hr  column-top-margin\" style='border-radius:0px; '><section class=\"av_textblock_section \"  itemscope=\"itemscope\" itemtype=\"https:\/\/schema.org\/BlogPosting\" itemprop=\"blogPost\" ><div class='avia_textblock  '   itemprop=\"text\" ><p style=\"text-align: justify;\"><em>A partir del mes de enero de este a\u00f1o, se logr\u00f3 un hito hist\u00f3rico al conectar Internet, por primera vez, en una de las entradas al Parque Nacional Cerro Castillo. Esta conexi\u00f3n ha significado un valioso aporte a la gesti\u00f3n de las visitas al parque y ha facilitado la prestaci\u00f3n de servicios de conectividad a turistas nacionales e internacionales.<\/em><\/p>\n<p style=\"text-align: justify;\">Luego de un intenso trabajo intersectorial y con las comunidades locales de Villa Cerro Castillo, se logr\u00f3 la conexi\u00f3n a internet en la entrada al Mirador Laguna Cerro Castillo. Este avance alcanzado en el mes de enero, ha optimizado la gesti\u00f3n de entradas al parque, mejorando la coordinaci\u00f3n operativa. Actualmente, se est\u00e1 trabajando en la habilitaci\u00f3n de la compra de entradas en el parque, mediante tarjetas de d\u00e9bito y cr\u00e9dito, lo que aumentar\u00e1 la comodidad para los visitantes.<\/p>\n<p style=\"text-align: justify;\">La conexi\u00f3n de internet ha sido de gran ayuda para el concesionario actual, encargado de la administraci\u00f3n de los senderos de Las Horquetas, Sendero Mirador Laguna Cerro Castillo y Estero Parada. En esta temporada, la Corporaci\u00f3n de Desarrollo Tur\u00edstico local y del Parque Nacional Cerro Castillo ha asumido la administraci\u00f3n de las visitas al parque. Esta Corporaci\u00f3n, liderada por actores de la comunidad local dedicados al turismo, junto con la municipalidad de R\u00edo Ib\u00e1\u00f1ez, representa a un total de 14 organizaciones locales.<\/p>\n<p style=\"text-align: justify;\">Este avance se enmarca en el proyecto ANID ejecutado por la Universidad Austral de Chile, denominado \u00abSistema de Inteligencia Territorial para la Gesti\u00f3n del Turismo Sustentable en Destinos con \u00c1reas Silvestres Protegidas y Comunidades Portales\u00bb. Este proyecto tiene como objetivo desarrollar e instalar un sistema tecnol\u00f3gico participativo para la gesti\u00f3n sustentable del turismo en \u00e1reas protegidas, siendo el Parque Nacional Cerro Castillo uno de los destinos piloto.<\/p>\n<p style=\"text-align: justify;\">La conectividad a Internet en la entrada al parque es fundamental para este proyecto, ya que se est\u00e1 desarrollando una plataforma web y una aplicaci\u00f3n para visitantes de destinos con \u00e1reas protegidas. En la actualidad, se est\u00e1n realizando pruebas con esta tecnolog\u00eda, que busca recopilar datos a trav\u00e9s de la interacci\u00f3n de los visitantes con la aplicaci\u00f3n, proporcionando indicadores relevantes sobre la estad\u00eda, el gasto, motivaciones y niveles de satisfacci\u00f3n en el parque, entre otros. Estos datos se sistematizan autom\u00e1ticamente y se visualizan en la web, ofreciendo informaci\u00f3n de primera fuente sobre el comportamiento del visitante en destinos con \u00e1reas protegidas.<\/p>\n<p style=\"text-align: justify;\">El presidente del Comit\u00e9 Directivo del proyecto en la regi\u00f3n de Ays\u00e9n y gerente de la Corporaci\u00f3n de Desarrollo Tur\u00edstico local y del Parque Nacional Cerro Castillo, Arcadio Soto, valor\u00f3 estos avances en la conectividad del parque. \u00abEn el marco de la ejecuci\u00f3n del proyecto Sistema de Inteligencia Territorial, que est\u00e1 siendo ejecutado por la UACh y que estamos apoyando desde nuestra Corporaci\u00f3n, se concret\u00f3 la instalaci\u00f3n de un punto de internet en el acceso al Sendero Laguna Cerro Castillo, acci\u00f3n muy relevante, tanto para el desarrollo del proyecto respecto al funcionamiento de plataforma web y aplicaci\u00f3n m\u00f3vil, como para nuestra gesti\u00f3n en la administraci\u00f3n de estos senderos, y tambi\u00e9n para nuestros visitantes que requieren conexi\u00f3n en este punto, generalmente cuando regresan de haber realizado el sendero. Estamos muy agradecidos del trabajo conjunto que hemos estado desarrollando con la UACh y su equipo, y creemos que este proyecto nos permitir\u00e1 obtener informaci\u00f3n relevante sobre visitaci\u00f3n del ASP y tambi\u00e9n del nivel de satisfacci\u00f3n del turista en nuestro destino, as\u00ed como potenciar la digitalizaci\u00f3n de nuestra oferta tur\u00edstica\u00bb indic\u00f3 Soto.<\/p>\n<p style=\"text-align: justify;\">Para Guillermo Pacheco, acad\u00e9mico de la UACh y director alterno del proyecto: \u201cConectar al parque con Internet ha permitido probar el funcionamiento de nuestra aplicaci\u00f3n y web, para el levantamiento de datos relevantes sobre los visitantes, principalmente respecto a su evaluaci\u00f3n de la experiencia en estos destinos con \u00e1reas protegidas. El \u00e9xito de este proyecto depende de la capacidad de colaboraci\u00f3n entre la oferta tur\u00edstica para mostrar esta tecnolog\u00eda y que finalmente sea usada por los visitantes\u201d.<\/p>\n<p style=\"text-align: justify;\">Esta iniciativa seguir\u00e1 avanzando con distintas actividades en la localidad, hasta el mes de diciembre de este a\u00f1o.<\/p>\n<\/div><\/section><\/div><div  style='height:50px' class='hr hr-invisible   avia-builder-el-6  el_after_av_one_full  el_before_av_social_share '><span class='hr-inner ' ><span class='hr-inner-style'><\/span><\/span><\/div><\/p>\n<div  class='av-social-sharing-box  avia-builder-el-7  el_after_av_hr  el_before_av_hr  '><div class='av-share-box'><h5 class='av-share-link-description av-no-toc '>Compartir esta noticia<\/h5><ul class='av-share-box-list noLightbox'><li class='av-share-link av-social-link-facebook' ><a target=\"_blank\" aria-label=\"Compartir en Facebook\" href='https:\/\/www.facebook.com\/sharer.php?u=https:\/\/radiorevelacionfm.cl\/?p=39123&#038;t=Parque%20Nacional%20Cerro%20Castillo%20se%20conecta%20a%20internet%2C%20transformando%20la%20experiencia%20tur%C3%ADstica%20y%20la%20gesti%C3%B3n%20ambiental' aria-hidden='false' data-av_icon='\ue8f3' data-av_iconfont='entypo-fontello' title='' data-avia-related-tooltip='Compartir en Facebook' rel=\"noopener\"><span class='avia_hidden_link_text'>Compartir en Facebook<\/span><\/a><\/li><li class='av-share-link av-social-link-twitter' ><a target=\"_blank\" aria-label=\"Compartir en Twitter\" href='https:\/\/twitter.com\/share?text=Parque%20Nacional%20Cerro%20Castillo%20se%20conecta%20a%20internet%2C%20transformando%20la%20experiencia%20tur%C3%ADstica%20y%20la%20gesti%C3%B3n%20ambiental&#038;url=https:\/\/radiorevelacionfm.cl\/?p=39123' aria-hidden='false' data-av_icon='\ue8f1' data-av_iconfont='entypo-fontello' title='' data-avia-related-tooltip='Compartir en Twitter' rel=\"noopener\"><span class='avia_hidden_link_text'>Compartir en Twitter<\/span><\/a><\/li><li class='av-share-link av-social-link-whatsapp' ><a target=\"_blank\" aria-label=\"Compartir en Whatsapp\" href='https:\/\/api.whatsapp.com\/send?text=https:\/\/radiorevelacionfm.cl\/?p=39123' aria-hidden='false' data-av_icon='\uf232' data-av_iconfont='entypo-fontello' title='' data-avia-related-tooltip='Compartir en Whatsapp' rel=\"noopener\"><span class='avia_hidden_link_text'>Compartir en Whatsapp<\/span><\/a><\/li><li class='av-share-link av-social-link-linkedin' ><a target=\"_blank\" aria-label=\"Compartir en LinkedIn\" href='https:\/\/linkedin.com\/shareArticle?mini=true&#038;title=Parque%20Nacional%20Cerro%20Castillo%20se%20conecta%20a%20internet%2C%20transformando%20la%20experiencia%20tur%C3%ADstica%20y%20la%20gesti%C3%B3n%20ambiental&#038;url=https:\/\/radiorevelacionfm.cl\/?p=39123' aria-hidden='false' data-av_icon='\ue8fc' data-av_iconfont='entypo-fontello' title='' data-avia-related-tooltip='Compartir en LinkedIn' rel=\"noopener\"><span class='avia_hidden_link_text'>Compartir en LinkedIn<\/span><\/a><\/li><li class='av-share-link av-social-link-mail' ><a  aria-label=\"Compartir por correo\" href='mailto:?subject=Parque%20Nacional%20Cerro%20Castillo%20se%20conecta%20a%20internet%2C%20transformando%20la%20experiencia%20tur%C3%ADstica%20y%20la%20gesti%C3%B3n%20ambiental&#038;body=https:\/\/radiorevelacionfm.cl\/?p=39123' aria-hidden='false' data-av_icon='\ue805' data-av_iconfont='entypo-fontello' title='' data-avia-related-tooltip='Compartir por correo'><span class='avia_hidden_link_text'>Compartir por correo<\/span><\/a><\/li><\/ul><\/div><\/div>\n<div  style='height:50px' class='hr hr-invisible   avia-builder-el-8  el_after_av_social_share  el_before_av_comments_list '><span class='hr-inner ' ><span class='hr-inner-style'><\/span><\/span><\/div>\n<div  class='av-buildercomment  av-blog-meta-html-info-disabled av-blog-meta-tag-disabled  '><\/div>\n","protected":false},"excerpt":{"rendered":"","protected":false},"author":1,"featured_media":39124,"comment_status":"open","ping_status":"open","sticky":false,"template":"","format":"standard","meta":{"footnotes":""},"categories":[38],"tags":[],"class_list":["post-39123","post","type-post","status-publish","format-standard","has-post-thumbnail","hentry","category-regional"],"jetpack_featured_media_url":"https:\/\/radiorevelacionfm.cl\/wp-content\/uploads\/2024\/01\/cerro-castillo1_optimized-1.jpg","_links":{"self":[{"href":"https:\/\/radiorevelacionfm.cl\/index.php?rest_route=\/wp\/v2\/posts\/39123","targetHints":{"allow":["GET"]}}],"collection":[{"href":"https:\/\/radiorevelacionfm.cl\/index.php?rest_route=\/wp\/v2\/posts"}],"about":[{"href":"https:\/\/radiorevelacionfm.cl\/index.php?rest_route=\/wp\/v2\/types\/post"}],"author":[{"embeddable":true,"href":"https:\/\/radiorevelacionfm.cl\/index.php?rest_route=\/wp\/v2\/users\/1"}],"replies":[{"embeddable":true,"href":"https:\/\/radiorevelacionfm.cl\/index.php?rest_route=%2Fwp%2Fv2%2Fcomments&post=39123"}],"version-history":[{"count":1,"href":"https:\/\/radiorevelacionfm.cl\/index.php?rest_route=\/wp\/v2\/posts\/39123\/revisions"}],"predecessor-version":[{"id":39125,"href":"https:\/\/radiorevelacionfm.cl\/index.php?rest_route=\/wp\/v2\/posts\/39123\/revisions\/39125"}],"wp:featuredmedia":[{"embeddable":true,"href":"https:\/\/radiorevelacionfm.cl\/index.php?rest_route=\/wp\/v2\/media\/39124"}],"wp:attachment":[{"href":"https:\/\/radiorevelacionfm.cl\/index.php?rest_route=%2Fwp%2Fv2%2Fmedia&parent=39123"}],"wp:term":[{"taxonomy":"category","embeddable":true,"href":"https:\/\/radiorevelacionfm.cl\/index.php?rest_route=%2Fwp%2Fv2%2Fcategories&post=39123"},{"taxonomy":"post_tag","embeddable":true,"href":"https:\/\/radiorevelacionfm.cl\/index.php?rest_route=%2Fwp%2Fv2%2Ftags&post=39123"}],"curies":[{"name":"wp","href":"https:\/\/api.w.org\/{rel}","templated":true}]}}