{"id":39120,"date":"2024-01-24T10:30:04","date_gmt":"2024-01-24T13:30:04","guid":{"rendered":"https:\/\/radiorevelacionfm.cl\/?p=39120"},"modified":"2024-01-29T21:57:24","modified_gmt":"2024-01-30T00:57:24","slug":"la-historica-pancha-puertas-toma-el-mando-de-las-marcianitas-para-el-panamericano","status":"publish","type":"post","link":"https:\/\/radiorevelacionfm.cl\/?p=39120","title":{"rendered":"La hist\u00f3rica \u00abPancha\u00bb Puertas toma el mando de \u00abLas Marcianitas\u00bb para el Panamericano"},"content":{"rendered":"<div class=\"flex_column av_one_full  flex_column_div av-zero-column-padding first  avia-builder-el-0  el_before_av_one_full  avia-builder-el-first  \" style='border-radius:0px; '><div  class='avia-image-container  av-styling-    avia-builder-el-1  avia-builder-el-no-sibling  avia-align-center '  itemprop=\"image\" itemscope=\"itemscope\" itemtype=\"https:\/\/schema.org\/ImageObject\"  ><div class='avia-image-container-inner'><div class='avia-image-overlay-wrap'><img decoding=\"async\" class='wp-image-39121 avia-img-lazy-loading-not-39121 avia_image' src=\"https:\/\/radiorevelacionfm.cl\/wp-content\/uploads\/2024\/01\/Visita-Francisca-Puertas-9-1-1.jpeg\" alt='' title='Visita Francisca Puertas (9) (1) (1)' height=\"600\" width=\"900\"  itemprop=\"thumbnailUrl\" srcset=\"https:\/\/radiorevelacionfm.cl\/wp-content\/uploads\/2024\/01\/Visita-Francisca-Puertas-9-1-1.jpeg 900w, https:\/\/radiorevelacionfm.cl\/wp-content\/uploads\/2024\/01\/Visita-Francisca-Puertas-9-1-1-300x200.jpeg 300w, https:\/\/radiorevelacionfm.cl\/wp-content\/uploads\/2024\/01\/Visita-Francisca-Puertas-9-1-1-768x512.jpeg 768w, https:\/\/radiorevelacionfm.cl\/wp-content\/uploads\/2024\/01\/Visita-Francisca-Puertas-9-1-1-705x470.jpeg 705w, https:\/\/radiorevelacionfm.cl\/wp-content\/uploads\/2024\/01\/Visita-Francisca-Puertas-9-1-1-450x300.jpeg 450w, https:\/\/radiorevelacionfm.cl\/wp-content\/uploads\/2024\/01\/Visita-Francisca-Puertas-9-1-1-600x400.jpeg 600w\" sizes=\"(max-width: 900px) 100vw, 900px\" \/><\/div><\/div><\/div><\/div><div class=\"flex_column av_one_full  flex_column_div av-zero-column-padding first  avia-builder-el-2  el_after_av_one_full  el_before_av_one_full  column-top-margin\" style='border-radius:0px; '><section class=\"av_textblock_section \"  itemscope=\"itemscope\" itemtype=\"https:\/\/schema.org\/BlogPosting\" itemprop=\"blogPost\" ><div class='avia_textblock  '   itemprop=\"text\" ><p style=\"text-align: center;\"><strong><span style=\"font-size: 18pt;\">La hist\u00f3rica \u00abPancha\u00bb Puertas toma el mando de \u00abLas Marcianitas\u00bb para el Panamericano<\/span><\/strong><\/p>\n<div id=\"gtx-trans\" style=\"position: absolute; left: -50px; top: 4.31534px;\">\n<div class=\"gtx-trans-icon\"><\/div>\n<\/div>\n<\/div><\/section><\/div><div class=\"flex_column av_one_full  flex_column_div av-zero-column-padding first  avia-builder-el-4  el_after_av_one_full  el_before_av_hr  column-top-margin\" style='border-radius:0px; '><section class=\"av_textblock_section \"  itemscope=\"itemscope\" itemtype=\"https:\/\/schema.org\/BlogPosting\" itemprop=\"blogPost\" ><div class='avia_textblock  '   itemprop=\"text\" ><p style=\"text-align: justify;\">Certamen se realizar\u00e1 en Colombia del 4 al 10 de marzo y es clasificatorio para los World Skate Games que se realizar\u00e1n en septiembre pr\u00f3ximo, en Italia.<\/p>\n<p style=\"text-align: justify;\">El IND se comprometi\u00f3 a ayudar con la preparaci\u00f3n para este torneo. El Director Nacional del Instituto Nacional de Deportes, Israel Castro, junto con la subsecretaria Antonia Illanes, recibieron hoy al nuevo cuerpo t\u00e9cnico de las selecciones nacionales de Hockey Patines, que tiene como principal figura a Francisca Puertas, campeona mundial con \u00abLas Marcianitas\u00bb y hoy responsable t\u00e9cnica de este equipo.<\/p>\n<p style=\"text-align: justify;\">\u00abYo estoy muy feliz con este desaf\u00edo. Tuve una linda carrera con varios logros, como ser campeona del mundo con &#8216;Las Marcianitas&#8217;, y ahora espero lograr muchas alegr\u00edas con ellas como entrenadora\u00bb, se\u00f1al\u00f3 la \u00abPancha\u00bb, quien trabajar\u00e1 con la Selecci\u00f3n Femenina Absoluta siendo secundada por Roberto Sansone, quien adem\u00e1s estar\u00e1 en la Sub 19 Femenina. En tanto, los equipos masculinos estar\u00e1n a cargo de Jos\u00e9 Luis Bertr\u00e1n y Pablo Mart\u00ednez, quien adem\u00e1s estar\u00e1 al frente de la Sub 19 Masculina.<\/p>\n<p style=\"text-align: justify;\">En la oportunidad, junto con detallar el trabajo que ha venido desarrollando la Federaci\u00f3n Chilena de Patinaje, los directos y entrenadores, le plantearon a la autoridad una serie de necesidades de cara a la preparaci\u00f3n que los planteles femenino y masculino tienen con miras a su pr\u00f3ximo desaf\u00edo deportivo.<\/p>\n<p style=\"text-align: justify;\">\u00abPrimero destacar y resaltar el entusiasmo en levantar y volver a posicionar este deporte en nuestro pa\u00eds y ellos tienen necesidades puntuales y espec\u00edficas, como la preparaci\u00f3n para el panamericano espec\u00edfico de Colombia y nosotros tenemos que ser capaces de darles las mejores condiciones posibles para que tengan una gran participaci\u00f3n en ese certamen\u00bb, coment\u00f3 Israel Castro.<\/p>\n<p style=\"text-align: justify;\">Estas solicitudes tienen que ver con el uso y acceso de estas selecciones al Centro de Alto Rendimiento y la cancha ubicada en Parque Estadio Nacional, solicitudes que ser\u00e1n revisadas de forma inmediata por las autoridades.<\/p>\n<p>Sin ir m\u00e1s lejos, el Director del IND puntualiz\u00f3 que \u00abel Hockey Pat\u00edn es un deporte con una gran tradici\u00f3n en nuestro pa\u00eds, es popular y todos recordamos el t\u00edtulo mundial ganado por \u00abLas Marcianitas\u00bb en nuestro pa\u00eds.<br \/>\nPor lo tanto ah\u00ed hay una tremenda oportunidad y desaf\u00edo de proyectar ese deporte, revitalizarlo y que vuelva a conquistar los corazones de todas las chilenas y chilenos\u00bb.<\/p>\n<p>Ambas partes seguir\u00e1n en contacto y realizar\u00e1n visitas al Parque Estadio Nacional en los pr\u00f3ximos d\u00edas para materializar y concretar estos acuerdos.<\/p>\n<\/div><\/section><\/div><div  style='height:50px' class='hr hr-invisible   avia-builder-el-6  el_after_av_one_full  el_before_av_social_share '><span class='hr-inner ' ><span class='hr-inner-style'><\/span><\/span><\/div><\/p>\n<div  class='av-social-sharing-box  avia-builder-el-7  el_after_av_hr  el_before_av_hr  '><div class='av-share-box'><h5 class='av-share-link-description av-no-toc '>Compartir esta noticia<\/h5><ul class='av-share-box-list noLightbox'><li class='av-share-link av-social-link-facebook' ><a target=\"_blank\" aria-label=\"Compartir en Facebook\" href='https:\/\/www.facebook.com\/sharer.php?u=https:\/\/radiorevelacionfm.cl\/?p=39120&#038;t=La%20hist%C3%B3rica%20%C2%ABPancha%C2%BB%20Puertas%20toma%20el%20mando%20de%20%C2%ABLas%20Marcianitas%C2%BB%20para%20el%20Panamericano' aria-hidden='false' data-av_icon='\ue8f3' data-av_iconfont='entypo-fontello' title='' data-avia-related-tooltip='Compartir en Facebook' rel=\"noopener\"><span class='avia_hidden_link_text'>Compartir en Facebook<\/span><\/a><\/li><li class='av-share-link av-social-link-twitter' ><a target=\"_blank\" aria-label=\"Compartir en Twitter\" href='https:\/\/twitter.com\/share?text=La%20hist%C3%B3rica%20%C2%ABPancha%C2%BB%20Puertas%20toma%20el%20mando%20de%20%C2%ABLas%20Marcianitas%C2%BB%20para%20el%20Panamericano&#038;url=https:\/\/radiorevelacionfm.cl\/?p=39120' aria-hidden='false' data-av_icon='\ue8f1' data-av_iconfont='entypo-fontello' title='' data-avia-related-tooltip='Compartir en Twitter' rel=\"noopener\"><span class='avia_hidden_link_text'>Compartir en Twitter<\/span><\/a><\/li><li class='av-share-link av-social-link-whatsapp' ><a target=\"_blank\" aria-label=\"Compartir en Whatsapp\" href='https:\/\/api.whatsapp.com\/send?text=https:\/\/radiorevelacionfm.cl\/?p=39120' aria-hidden='false' data-av_icon='\uf232' data-av_iconfont='entypo-fontello' title='' data-avia-related-tooltip='Compartir en Whatsapp' rel=\"noopener\"><span class='avia_hidden_link_text'>Compartir en Whatsapp<\/span><\/a><\/li><li class='av-share-link av-social-link-linkedin' ><a target=\"_blank\" aria-label=\"Compartir en LinkedIn\" href='https:\/\/linkedin.com\/shareArticle?mini=true&#038;title=La%20hist%C3%B3rica%20%C2%ABPancha%C2%BB%20Puertas%20toma%20el%20mando%20de%20%C2%ABLas%20Marcianitas%C2%BB%20para%20el%20Panamericano&#038;url=https:\/\/radiorevelacionfm.cl\/?p=39120' aria-hidden='false' data-av_icon='\ue8fc' data-av_iconfont='entypo-fontello' title='' data-avia-related-tooltip='Compartir en LinkedIn' rel=\"noopener\"><span class='avia_hidden_link_text'>Compartir en LinkedIn<\/span><\/a><\/li><li class='av-share-link av-social-link-mail' ><a  aria-label=\"Compartir por correo\" href='mailto:?subject=La%20hist%C3%B3rica%20%C2%ABPancha%C2%BB%20Puertas%20toma%20el%20mando%20de%20%C2%ABLas%20Marcianitas%C2%BB%20para%20el%20Panamericano&#038;body=https:\/\/radiorevelacionfm.cl\/?p=39120' aria-hidden='false' data-av_icon='\ue805' data-av_iconfont='entypo-fontello' title='' data-avia-related-tooltip='Compartir por correo'><span class='avia_hidden_link_text'>Compartir por correo<\/span><\/a><\/li><\/ul><\/div><\/div>\n<div  style='height:50px' class='hr hr-invisible   avia-builder-el-8  el_after_av_social_share  el_before_av_comments_list '><span class='hr-inner ' ><span class='hr-inner-style'><\/span><\/span><\/div>\n<div  class='av-buildercomment  av-blog-meta-html-info-disabled av-blog-meta-tag-disabled  '><\/div>\n","protected":false},"excerpt":{"rendered":"","protected":false},"author":1,"featured_media":39121,"comment_status":"open","ping_status":"open","sticky":false,"template":"","format":"standard","meta":{"footnotes":""},"categories":[40],"tags":[],"class_list":["post-39120","post","type-post","status-publish","format-standard","has-post-thumbnail","hentry","category-deportes"],"jetpack_featured_media_url":"https:\/\/radiorevelacionfm.cl\/wp-content\/uploads\/2024\/01\/Visita-Francisca-Puertas-9-1-1.jpeg","_links":{"self":[{"href":"https:\/\/radiorevelacionfm.cl\/index.php?rest_route=\/wp\/v2\/posts\/39120","targetHints":{"allow":["GET"]}}],"collection":[{"href":"https:\/\/radiorevelacionfm.cl\/index.php?rest_route=\/wp\/v2\/posts"}],"about":[{"href":"https:\/\/radiorevelacionfm.cl\/index.php?rest_route=\/wp\/v2\/types\/post"}],"author":[{"embeddable":true,"href":"https:\/\/radiorevelacionfm.cl\/index.php?rest_route=\/wp\/v2\/users\/1"}],"replies":[{"embeddable":true,"href":"https:\/\/radiorevelacionfm.cl\/index.php?rest_route=%2Fwp%2Fv2%2Fcomments&post=39120"}],"version-history":[{"count":1,"href":"https:\/\/radiorevelacionfm.cl\/index.php?rest_route=\/wp\/v2\/posts\/39120\/revisions"}],"predecessor-version":[{"id":39122,"href":"https:\/\/radiorevelacionfm.cl\/index.php?rest_route=\/wp\/v2\/posts\/39120\/revisions\/39122"}],"wp:featuredmedia":[{"embeddable":true,"href":"https:\/\/radiorevelacionfm.cl\/index.php?rest_route=\/wp\/v2\/media\/39121"}],"wp:attachment":[{"href":"https:\/\/radiorevelacionfm.cl\/index.php?rest_route=%2Fwp%2Fv2%2Fmedia&parent=39120"}],"wp:term":[{"taxonomy":"category","embeddable":true,"href":"https:\/\/radiorevelacionfm.cl\/index.php?rest_route=%2Fwp%2Fv2%2Fcategories&post=39120"},{"taxonomy":"post_tag","embeddable":true,"href":"https:\/\/radiorevelacionfm.cl\/index.php?rest_route=%2Fwp%2Fv2%2Ftags&post=39120"}],"curies":[{"name":"wp","href":"https:\/\/api.w.org\/{rel}","templated":true}]}}