{"id":39117,"date":"2024-01-24T16:31:50","date_gmt":"2024-01-24T19:31:50","guid":{"rendered":"https:\/\/radiorevelacionfm.cl\/?p=39117"},"modified":"2024-01-24T16:31:50","modified_gmt":"2024-01-24T19:31:50","slug":"en-terreno-dan-a-conocer-a-las-y-los-pensionados-acerca-del-proyecto-de-reforma-de-pensiones","status":"publish","type":"post","link":"https:\/\/radiorevelacionfm.cl\/?p=39117","title":{"rendered":"En terreno dan a conocer a las y los pensionados acerca del proyecto de Reforma de Pensiones"},"content":{"rendered":"<div class=\"flex_column av_one_full  flex_column_div av-zero-column-padding first  avia-builder-el-0  el_before_av_one_full  avia-builder-el-first  \" style='border-radius:0px; '><div  class='avia-image-container  av-styling-    avia-builder-el-1  avia-builder-el-no-sibling  avia-align-center '  itemprop=\"image\" itemscope=\"itemscope\" itemtype=\"https:\/\/schema.org\/ImageObject\"  ><div class='avia-image-container-inner'><div class='avia-image-overlay-wrap'><img decoding=\"async\" class='wp-image-39118 avia-img-lazy-loading-not-39118 avia_image' src=\"https:\/\/radiorevelacionfm.cl\/wp-content\/uploads\/2024\/01\/Foto-seremis1-2-1-1.jpeg\" alt='' title='Foto seremis1 (2) (1) (1)' height=\"600\" width=\"800\"  itemprop=\"thumbnailUrl\" srcset=\"https:\/\/radiorevelacionfm.cl\/wp-content\/uploads\/2024\/01\/Foto-seremis1-2-1-1.jpeg 800w, https:\/\/radiorevelacionfm.cl\/wp-content\/uploads\/2024\/01\/Foto-seremis1-2-1-1-300x225.jpeg 300w, https:\/\/radiorevelacionfm.cl\/wp-content\/uploads\/2024\/01\/Foto-seremis1-2-1-1-768x576.jpeg 768w, https:\/\/radiorevelacionfm.cl\/wp-content\/uploads\/2024\/01\/Foto-seremis1-2-1-1-705x529.jpeg 705w, https:\/\/radiorevelacionfm.cl\/wp-content\/uploads\/2024\/01\/Foto-seremis1-2-1-1-450x338.jpeg 450w, https:\/\/radiorevelacionfm.cl\/wp-content\/uploads\/2024\/01\/Foto-seremis1-2-1-1-600x450.jpeg 600w\" sizes=\"(max-width: 800px) 100vw, 800px\" \/><\/div><\/div><\/div><\/div><div class=\"flex_column av_one_full  flex_column_div av-zero-column-padding first  avia-builder-el-2  el_after_av_one_full  el_before_av_one_full  column-top-margin\" style='border-radius:0px; '><section class=\"av_textblock_section \"  itemscope=\"itemscope\" itemtype=\"https:\/\/schema.org\/BlogPosting\" itemprop=\"blogPost\" ><div class='avia_textblock  '   itemprop=\"text\" ><p style=\"text-align: center;\"><strong><span style=\"font-size: 18pt;\">En terreno dan a conocer a las y los pensionados acerca del proyecto de Reforma de Pensiones<\/span><\/strong><\/p>\n<div id=\"gtx-trans\" style=\"position: absolute; left: -50px; top: 4.31534px;\">\n<div class=\"gtx-trans-icon\"><\/div>\n<\/div>\n<\/div><\/section><\/div><div class=\"flex_column av_one_full  flex_column_div av-zero-column-padding first  avia-builder-el-4  el_after_av_one_full  el_before_av_hr  column-top-margin\" style='border-radius:0px; '><section class=\"av_textblock_section \"  itemscope=\"itemscope\" itemtype=\"https:\/\/schema.org\/BlogPosting\" itemprop=\"blogPost\" ><div class='avia_textblock  '   itemprop=\"text\" ><p style=\"text-align: justify;\">La reforma previsional dio un nuevo paso en su tramitaci\u00f3n legislativa en el Congreso Nacional, luego de que la Comisi\u00f3n de Hacienda de la C\u00e1mara de Diputados y Diputadas termin\u00f3 el lunes 22 de votar el proyecto en particular, con normas relativas a la Pensi\u00f3n Garantizada Universal (PGU) y art\u00edculos transitorios. De este modo, la iniciativa presentada por el Ejecutivo pas\u00f3 a discutirse este martes 23 de enero en la Sala de la Corporaci\u00f3n.<\/p>\n<p style=\"text-align: justify;\">La seremi de Gobierno de Ays\u00e9n, Tatiana Pl\u00e1 \u00c1lvarez, estuvo en la sede de la Uni\u00f3n Comunal de Adultos Mayores (UCAM) dando a conocer los alcances del proyecto de Reforma de Pensiones a sus asociados y asociadas.<\/p>\n<p style=\"text-align: justify;\">\u201cAc\u00e1 se trata de no hacer esperar m\u00e1s a nuestros jubilados, porque cada a\u00f1o que pasa, muchos mueren esperando una pensi\u00f3n digna. Por eso, es urgente aprobar la idea de legislar, ya que cada a\u00f1o que pasa sin una nueva reforma de pensiones, es un a\u00f1o m\u00e1s que nuestros adultos y adultas mayores viven con jubilaciones miserables\u201d.<\/p>\n<p style=\"text-align: justify;\">La vocera de Gobierno agreg\u00f3: \u201cEste es un proyecto que se ha estado tramitando por mucho tiempo y, si bien pueden existir a\u00fan posiciones diferentes, votar la idea de legislar en la Sala es fundamental para continuar el trabajo parlamentario. Si se rechaza la idea de legislar, este proyecto no podr\u00eda discutirse sino hasta dentro de un a\u00f1o m\u00e1s, y tras 10 a\u00f1os de discusi\u00f3n p\u00fablica sobre pensiones y 14 meses de tramitaci\u00f3n legislativa, eso es algo que ser\u00eda muy dif\u00edcil de comprender por la ciudadan\u00eda\u201d, asever\u00f3 Tatiana Pl\u00e1.<\/p>\n<p style=\"text-align: justify;\">Cabe recordar que el gobierno del Presidente Gabriel Boric ingres\u00f3 a tramitaci\u00f3n legislativa la reforma previsional en noviembre de 2022 al Congreso Nacional, siendo aprobada su idea de legislar en enero de 2023, en la Comisi\u00f3n de Trabajo y Seguridad Social de la C\u00e1mara de Diputados y Diputadas. A inicios de este a\u00f1o, y luego de que el Ejecutivo present\u00f3 una serie de indicaciones al proyecto, la mencionada instancia legislativa lo despach\u00f3 en particular, pasando a la Comisi\u00f3n de Hacienda.<\/p>\n<p style=\"text-align: justify;\">Por su parte, Rodrigo D\u00edaz Cordaro, seremi del Trabajo y Previsi\u00f3n Social de Ays\u00e9n, estuvo en la localidad de Tortel, informando a\u00a0 las y los adultos mayores acerca de este proyecto. \u201cLes contamos que tanto en la Comisi\u00f3n de Trabajo como en la Comisi\u00f3n Hacienda hemos podido avanzar en el proyecto buscando mejores pensiones para los actuales y futuros pensionados y pensionadas. Sabemos que hay diferencias que son propias de la democracia, pero no podemos esperar m\u00e1s y como Gobierno nos hemos abierto al di\u00e1logo. Las AFP deben acabarse para dar paso a una instituci\u00f3n que est\u00e9 al servicio de las personas, donde las personas puedan efectivamente elegir. El 3% para cotizaci\u00f3n individual y 3% para seguro social es necesario para nuestra sociedad. Debemos debatir y que se discuta ahora para mejorar las pensiones. Ahora es el momento, con altura de miras y sin populismo\u00bb, enfatiz\u00f3 Rodrigo D\u00edaz.<\/p>\n<p style=\"text-align: justify;\">EL seremi del Trabajo tambi\u00e9n se reunir\u00e1 con adultos mayores en Cochrane, el jueves 25 de enero, a las 15:30 horas, con el fin de continuar con la difusi\u00f3n de la Reforma de Pensiones que se est\u00e1 discutiendo actualmente en la C\u00e1mara de Diputados y Diputadas.<\/p>\n<p style=\"text-align: justify;\">Respecto de la Pensi\u00f3n Garantizada Universal (PGU) se aprob\u00f3 este lunes un art\u00edculo que contiene modificaciones a la ley que crea este beneficio, a trav\u00e9s de dos numerales. El primero de ellos modifica la definici\u00f3n de pensi\u00f3n base, de manera tal que los montos en dinero recibidos por los beneficiarios de la Ley de exonerados pol\u00edticos (ley N\u00b019.234), beneficiarios de la Ley Rettig (leyes N\u00b019.123 y N\u00b019.980) y de la Ley Valech (Ley N\u00b019.992) no ser\u00e1n considerados en el c\u00e1lculo de la pensi\u00f3n base para establecer que la persona puede acceder a la PGU.<\/p>\n<p style=\"text-align: justify;\">En tanto, el segundo numeral establece un nuevo dise\u00f1o institucional a cargo de la revisi\u00f3n del valor real de la PGU y que ha sido recogido de las observaciones que realizaron expertos de oposici\u00f3n en la mesa t\u00e9cnica convocada por el Ejecutivo el a\u00f1o pasado.<\/p>\n<p style=\"text-align: justify;\">Jos\u00e9 Vivallo P\u00e9rez, presidente de la Uni\u00f3n Comunal de Adultos Mayores, UCAM Baquedano de Coyhaique y consejero regional de Senama, destac\u00f3: \u201cPara nosotros los adultos mayores de la regi\u00f3n de Ays\u00e9n es prioritario que se apruebe esta reforma a las pensiones, porque vivir en Coyhaique, en cualquier comuna de esta regi\u00f3n es muy dif\u00edcil, ac\u00e1 todas las cosas son un 30% m\u00e1s caras, por lo tanto, para vivir en Coyhaique y en la Patagonia, la verdad es que los sueldos no alcanzan y menos las pensiones. Por lo tanto, hacemos un llamado a todos los parlamentarios que se fijen en que tambi\u00e9n sus hijos y sus nietos van a ser adultos mayores y queremos que como pa\u00eds las pensiones se mejoren porque no es posible llegar a la tercera edad siendo pobres. La verdad es que hasta el momento todos los adultos mayores del pa\u00eds sufren pensiones bajas, miserables y en esta regi\u00f3n, con mayor raz\u00f3n. Es penoso ver como los socios de nuestros clubes apenas alcanzan a llegar a fin de mes y eso significa p\u00e9sima calidad de vida, as\u00ed que hago un llamado a los parlamentarios a ponerse la mano en el coraz\u00f3n por lo adultos mayores de hoy y por los pensionados de ma\u00f1ana\u201d.<\/p>\n<p style=\"text-align: justify;\">Actualmente, de acuerdo con datos de la Superintendencia de Pensiones (SP), el 22% de los pensionados en el sistema previsional chileno recibe una pensi\u00f3n total que se sit\u00faa por debajo de la l\u00ednea de la pobreza, definida en $230.178. Esta situaci\u00f3n afecta de manera desigual a hombres y mujeres: mientras que el 27% de las pensionadas se encuentra en esta condici\u00f3n, el porcentaje disminuye al 16% en el caso de los pensionados.<\/p>\n<p style=\"text-align: justify;\">Con la implementaci\u00f3n de la reforma previsional, que contempla un incremento en el monto de la Pensi\u00f3n Garantizada Universal (PGU) a $250.000 y ampl\u00eda su cobertura al 100% de la poblaci\u00f3n de 65 a\u00f1os o m\u00e1s, as\u00ed como la introducci\u00f3n de nuevos beneficios contributivos del seguro social, se estima que el porcentaje de pensionados bajo la l\u00ednea de la pobreza se reducir\u00e1 a 0% para ambos g\u00e9neros, lo que representa una mejora sustancial en la calidad de vida de los jubilados y una reducci\u00f3n notable en la desigualdad de g\u00e9nero en el sistema de pensiones.<\/p>\n<\/div><\/section><\/div><div  style='height:50px' class='hr hr-invisible   avia-builder-el-6  el_after_av_one_full  el_before_av_social_share '><span class='hr-inner ' ><span class='hr-inner-style'><\/span><\/span><\/div><\/p>\n<div  class='av-social-sharing-box  avia-builder-el-7  el_after_av_hr  el_before_av_hr  '><div class='av-share-box'><h5 class='av-share-link-description av-no-toc '>Compartir esta noticia<\/h5><ul class='av-share-box-list noLightbox'><li class='av-share-link av-social-link-facebook' ><a target=\"_blank\" aria-label=\"Compartir en Facebook\" href='https:\/\/www.facebook.com\/sharer.php?u=https:\/\/radiorevelacionfm.cl\/?p=39117&#038;t=En%20terreno%20dan%20a%20conocer%20a%20las%20y%20los%20pensionados%20acerca%20del%20proyecto%20de%20Reforma%20de%20Pensiones' aria-hidden='false' data-av_icon='\ue8f3' data-av_iconfont='entypo-fontello' title='' data-avia-related-tooltip='Compartir en Facebook' rel=\"noopener\"><span class='avia_hidden_link_text'>Compartir en Facebook<\/span><\/a><\/li><li class='av-share-link av-social-link-twitter' ><a target=\"_blank\" aria-label=\"Compartir en Twitter\" href='https:\/\/twitter.com\/share?text=En%20terreno%20dan%20a%20conocer%20a%20las%20y%20los%20pensionados%20acerca%20del%20proyecto%20de%20Reforma%20de%20Pensiones&#038;url=https:\/\/radiorevelacionfm.cl\/?p=39117' aria-hidden='false' data-av_icon='\ue8f1' data-av_iconfont='entypo-fontello' title='' data-avia-related-tooltip='Compartir en Twitter' rel=\"noopener\"><span class='avia_hidden_link_text'>Compartir en Twitter<\/span><\/a><\/li><li class='av-share-link av-social-link-whatsapp' ><a target=\"_blank\" aria-label=\"Compartir en Whatsapp\" href='https:\/\/api.whatsapp.com\/send?text=https:\/\/radiorevelacionfm.cl\/?p=39117' aria-hidden='false' data-av_icon='\uf232' data-av_iconfont='entypo-fontello' title='' data-avia-related-tooltip='Compartir en Whatsapp' rel=\"noopener\"><span class='avia_hidden_link_text'>Compartir en Whatsapp<\/span><\/a><\/li><li class='av-share-link av-social-link-linkedin' ><a target=\"_blank\" aria-label=\"Compartir en LinkedIn\" href='https:\/\/linkedin.com\/shareArticle?mini=true&#038;title=En%20terreno%20dan%20a%20conocer%20a%20las%20y%20los%20pensionados%20acerca%20del%20proyecto%20de%20Reforma%20de%20Pensiones&#038;url=https:\/\/radiorevelacionfm.cl\/?p=39117' aria-hidden='false' data-av_icon='\ue8fc' data-av_iconfont='entypo-fontello' title='' data-avia-related-tooltip='Compartir en LinkedIn' rel=\"noopener\"><span class='avia_hidden_link_text'>Compartir en LinkedIn<\/span><\/a><\/li><li class='av-share-link av-social-link-mail' ><a  aria-label=\"Compartir por correo\" href='mailto:?subject=En%20terreno%20dan%20a%20conocer%20a%20las%20y%20los%20pensionados%20acerca%20del%20proyecto%20de%20Reforma%20de%20Pensiones&#038;body=https:\/\/radiorevelacionfm.cl\/?p=39117' aria-hidden='false' data-av_icon='\ue805' data-av_iconfont='entypo-fontello' title='' data-avia-related-tooltip='Compartir por correo'><span class='avia_hidden_link_text'>Compartir por correo<\/span><\/a><\/li><\/ul><\/div><\/div>\n<div  style='height:50px' class='hr hr-invisible   avia-builder-el-8  el_after_av_social_share  el_before_av_comments_list '><span class='hr-inner ' ><span class='hr-inner-style'><\/span><\/span><\/div>\n<div  class='av-buildercomment  av-blog-meta-html-info-disabled av-blog-meta-tag-disabled  '><\/div>\n","protected":false},"excerpt":{"rendered":"","protected":false},"author":1,"featured_media":39118,"comment_status":"open","ping_status":"open","sticky":false,"template":"","format":"standard","meta":{"footnotes":""},"categories":[38],"tags":[],"class_list":["post-39117","post","type-post","status-publish","format-standard","has-post-thumbnail","hentry","category-regional"],"jetpack_featured_media_url":"https:\/\/radiorevelacionfm.cl\/wp-content\/uploads\/2024\/01\/Foto-seremis1-2-1-1.jpeg","_links":{"self":[{"href":"https:\/\/radiorevelacionfm.cl\/index.php?rest_route=\/wp\/v2\/posts\/39117","targetHints":{"allow":["GET"]}}],"collection":[{"href":"https:\/\/radiorevelacionfm.cl\/index.php?rest_route=\/wp\/v2\/posts"}],"about":[{"href":"https:\/\/radiorevelacionfm.cl\/index.php?rest_route=\/wp\/v2\/types\/post"}],"author":[{"embeddable":true,"href":"https:\/\/radiorevelacionfm.cl\/index.php?rest_route=\/wp\/v2\/users\/1"}],"replies":[{"embeddable":true,"href":"https:\/\/radiorevelacionfm.cl\/index.php?rest_route=%2Fwp%2Fv2%2Fcomments&post=39117"}],"version-history":[{"count":1,"href":"https:\/\/radiorevelacionfm.cl\/index.php?rest_route=\/wp\/v2\/posts\/39117\/revisions"}],"predecessor-version":[{"id":39119,"href":"https:\/\/radiorevelacionfm.cl\/index.php?rest_route=\/wp\/v2\/posts\/39117\/revisions\/39119"}],"wp:featuredmedia":[{"embeddable":true,"href":"https:\/\/radiorevelacionfm.cl\/index.php?rest_route=\/wp\/v2\/media\/39118"}],"wp:attachment":[{"href":"https:\/\/radiorevelacionfm.cl\/index.php?rest_route=%2Fwp%2Fv2%2Fmedia&parent=39117"}],"wp:term":[{"taxonomy":"category","embeddable":true,"href":"https:\/\/radiorevelacionfm.cl\/index.php?rest_route=%2Fwp%2Fv2%2Fcategories&post=39117"},{"taxonomy":"post_tag","embeddable":true,"href":"https:\/\/radiorevelacionfm.cl\/index.php?rest_route=%2Fwp%2Fv2%2Ftags&post=39117"}],"curies":[{"name":"wp","href":"https:\/\/api.w.org\/{rel}","templated":true}]}}