{"id":39115,"date":"2024-01-23T21:28:50","date_gmt":"2024-01-24T00:28:50","guid":{"rendered":"https:\/\/radiorevelacionfm.cl\/?p=39115"},"modified":"2024-01-23T21:28:50","modified_gmt":"2024-01-24T00:28:50","slug":"marcia-raphael-destaca-despacho-a-ley-de-proyecto-que-establece-el-olvido-oncologico-es-el-primer-paso-para-acabar-con-las-discriminaciones-financieras-a-pacientes-que-con-esfuerzo-han-super","status":"publish","type":"post","link":"https:\/\/radiorevelacionfm.cl\/?p=39115","title":{"rendered":"Marcia Raphael destaca despacho a ley de proyecto que establece el olvido oncol\u00f3gico: \u201cEs el primer paso para acabar con las discriminaciones financieras a pacientes que con esfuerzo han superado esta enfermedad\u201d"},"content":{"rendered":"<div class=\"flex_column av_one_full  flex_column_div av-zero-column-padding first  avia-builder-el-0  el_before_av_one_full  avia-builder-el-first  \" style='border-radius:0px; '><div  class='avia-image-container  av-styling-    avia-builder-el-1  avia-builder-el-no-sibling  avia-align-center '  itemprop=\"image\" itemscope=\"itemscope\" itemtype=\"https:\/\/schema.org\/ImageObject\"  ><div class='avia-image-container-inner'><div class='avia-image-overlay-wrap'><img decoding=\"async\" class='wp-image-30925 avia-img-lazy-loading-not-30925 avia_image' src=\"https:\/\/radiorevelacionfm.cl\/wp-content\/uploads\/2023\/05\/Foto-mrm-nota-agricultura-1-1.jpeg\" alt='' title='Foto mrm nota agricultura (1) (1)' height=\"600\" width=\"901\"  itemprop=\"thumbnailUrl\" srcset=\"https:\/\/radiorevelacionfm.cl\/wp-content\/uploads\/2023\/05\/Foto-mrm-nota-agricultura-1-1.jpeg 901w, https:\/\/radiorevelacionfm.cl\/wp-content\/uploads\/2023\/05\/Foto-mrm-nota-agricultura-1-1-300x200.jpeg 300w, https:\/\/radiorevelacionfm.cl\/wp-content\/uploads\/2023\/05\/Foto-mrm-nota-agricultura-1-1-768x511.jpeg 768w, https:\/\/radiorevelacionfm.cl\/wp-content\/uploads\/2023\/05\/Foto-mrm-nota-agricultura-1-1-705x469.jpeg 705w, https:\/\/radiorevelacionfm.cl\/wp-content\/uploads\/2023\/05\/Foto-mrm-nota-agricultura-1-1-450x300.jpeg 450w, https:\/\/radiorevelacionfm.cl\/wp-content\/uploads\/2023\/05\/Foto-mrm-nota-agricultura-1-1-600x400.jpeg 600w\" sizes=\"(max-width: 901px) 100vw, 901px\" \/><\/div><\/div><\/div><\/div><div class=\"flex_column av_one_full  flex_column_div av-zero-column-padding first  avia-builder-el-2  el_after_av_one_full  el_before_av_one_full  column-top-margin\" style='border-radius:0px; '><section class=\"av_textblock_section \"  itemscope=\"itemscope\" itemtype=\"https:\/\/schema.org\/BlogPosting\" itemprop=\"blogPost\" ><div class='avia_textblock  '   itemprop=\"text\" ><p style=\"text-align: center;\"><span style=\"font-size: 18pt;\"><strong>Marcia Raphael destaca despacho a ley de proyecto que establece el olvido oncol\u00f3gico: \u201cEs el primer paso para acabar con las discriminaciones financieras a pacientes que con esfuerzo han superado esta enfermedad\u201d<\/strong><\/span><\/p>\n<div id=\"gtx-trans\" style=\"position: absolute; left: -50px; top: 4.31534px;\">\n<div class=\"gtx-trans-icon\"><\/div>\n<\/div>\n<\/div><\/section><\/div><div class=\"flex_column av_one_full  flex_column_div av-zero-column-padding first  avia-builder-el-4  el_after_av_one_full  el_before_av_hr  column-top-margin\" style='border-radius:0px; '><section class=\"av_textblock_section \"  itemscope=\"itemscope\" itemtype=\"https:\/\/schema.org\/BlogPosting\" itemprop=\"blogPost\" ><div class='avia_textblock  '   itemprop=\"text\" ><p style=\"text-align: justify;\">Una iniciativa similar fue ingresada el a\u00f1o pasado por las parlamentarias y se encuentra en tramitaci\u00f3n en el Senado.<\/p>\n<p style=\"text-align: justify;\">Fue aprobado en la C\u00e1mara de Diputados por unanimidad el proyecto que establece el \u201colvido oncol\u00f3gico\u201d para los pacientes que han sufrido c\u00e1ncer. Una iniciativa que cont\u00f3 con el respaldo de la totalidad de los diputados de Renovaci\u00f3n Nacional, y en particular por la diputada por la regi\u00f3n de Ays\u00e9n Marcia Raphael, que es autora de una iniciativa similar que se encuentra en tramitaci\u00f3n en el Senado.<\/p>\n<p style=\"text-align: justify;\">\u201cEs una excelente noticia la aprobaci\u00f3n de esta iniciativa que consagra el derecho al olvido oncol\u00f3gico. El c\u00e1ncer es una enfermedad muy dif\u00edcil por lo que resulta incomprensible que las instituciones financieras discriminen a los pacientes que con mucho esfuerzo superaron la enfermedad, limitando que puedan acceder por ejemplo a cr\u00e9ditos hipotecarios, de consumo e incluso al CAE. Estamos muy contentos, ya que este es el primer paso para terminar de una vez por todas con las preexistencias y discriminaciones arbitrarias que realizan las instituciones financieras\u201d, se\u00f1al\u00f3 Raphael.<\/p>\n<p style=\"text-align: justify;\">El \u201colvido oncol\u00f3gico\u201d es una iniciativa que tiene como base lo propuesto en Espa\u00f1a durante los \u00faltimos a\u00f1os, donde se han efectuado las adecuaciones legales y adoptado las medidas para las personas que son pacientes o fueron pacientes de c\u00e1ncer no sean discriminados arbitrariamente del sistema financiero o de distintos tipos de contratos, como de arrendamiento, acceso a servicios u otros, presumiendo que los afecta un riesgo vital grave que har\u00eda que no cumplan las obligaciones contra\u00eddas.<\/p>\n<p style=\"text-align: justify;\">Con estos antecedentes se presentaron distintas iniciativas en nuestro pa\u00eds, incluyendo un proyecto de la Bancada de Renovaci\u00f3n Nacional encabezados por Raphael, presentado en Julio de 2023.<\/p>\n<p style=\"text-align: justify;\">Dentro de los principales aspectos que modifica el proyecto se encuentra lo siguiente:<\/p>\n<ul style=\"text-align: justify;\">\n<li>Dispone la nulidad de las cl\u00e1usulas o estipulaciones contractuales (sin distinguir el tipo de acto o contrato) que importe una discriminaci\u00f3n arbitraria en contra de pacientes oncol\u00f3gicos que han sido estimados como de alta con al menos 5 a\u00f1os sin reca\u00edda en la enfermedad.<\/li>\n<li>Con igual plazo y condici\u00f3n que lo anterior, se proh\u00edbe la exigencia de efectuar declaraciones sobre estado o patolog\u00edas oncol\u00f3gicas para contratar<\/li>\n<li>Con igual plazo y condici\u00f3n se proh\u00edbe a las aseguradoras negar un seguro por la existencia de antecedentes oncol\u00f3gicos.<\/li>\n<li>Declara nula toda cl\u00e1usula que signifique renunciar a las garant\u00edas anteriormente estipuladas.<\/li>\n<li>Entrega a la Ley sobre Protecci\u00f3n de los Derechos de los Consumidores la tutela de esta legislaci\u00f3n, pudiendo iniciarse las denuncias, anulaciones o sanciones que procediera en conformidad con dicho estatuto legal.<\/li>\n<\/ul>\n<p style=\"text-align: justify;\">Por \u00faltimo, Raphael ha se\u00f1alado que \u201cla superaci\u00f3n del c\u00e1ncer no s\u00f3lo debe ser un triunfo personal, sino tambi\u00e9n un paso hacia un futuro sin barreras financieras para los sobrevivientes. Al aprobar este proyecto estamos construyendo un camino hacia la equidad, asegurando que la resiliencia de quienes han enfrentado el c\u00e1ncer no sea opacada por la discriminaci\u00f3n\u201d sentenci\u00f3 Raphael.<\/p>\n<\/div><\/section><\/div><div  style='height:50px' class='hr hr-invisible   avia-builder-el-6  el_after_av_one_full  el_before_av_social_share '><span class='hr-inner ' ><span class='hr-inner-style'><\/span><\/span><\/div><\/p>\n<div  class='av-social-sharing-box  avia-builder-el-7  el_after_av_hr  el_before_av_hr  '><div class='av-share-box'><h5 class='av-share-link-description av-no-toc '>Compartir esta noticia<\/h5><ul class='av-share-box-list noLightbox'><li class='av-share-link av-social-link-facebook' ><a target=\"_blank\" aria-label=\"Compartir en Facebook\" href='https:\/\/www.facebook.com\/sharer.php?u=https:\/\/radiorevelacionfm.cl\/?p=39115&#038;t=Marcia%20Raphael%20destaca%20despacho%20a%20ley%20de%20proyecto%20que%20establece%20el%20olvido%20oncol%C3%B3gico%3A%20%E2%80%9CEs%20el%20primer%20paso%20para%20acabar%20con%20las%20discriminaciones%20financieras%20a%20pacientes%20que%20con%20esfuerzo%20han%20superado%20esta%20enfermedad%E2%80%9D' aria-hidden='false' data-av_icon='\ue8f3' data-av_iconfont='entypo-fontello' title='' data-avia-related-tooltip='Compartir en Facebook' rel=\"noopener\"><span class='avia_hidden_link_text'>Compartir en Facebook<\/span><\/a><\/li><li class='av-share-link av-social-link-twitter' ><a target=\"_blank\" aria-label=\"Compartir en Twitter\" href='https:\/\/twitter.com\/share?text=Marcia%20Raphael%20destaca%20despacho%20a%20ley%20de%20proyecto%20que%20establece%20el%20olvido%20oncol%C3%B3gico%3A%20%E2%80%9CEs%20el%20primer%20paso%20para%20acabar%20con%20las%20discriminaciones%20financieras%20a%20pacientes%20que%20con%20esfuerzo%20han%20superado%20esta%20enfermedad%E2%80%9D&#038;url=https:\/\/radiorevelacionfm.cl\/?p=39115' aria-hidden='false' data-av_icon='\ue8f1' data-av_iconfont='entypo-fontello' title='' data-avia-related-tooltip='Compartir en Twitter' rel=\"noopener\"><span class='avia_hidden_link_text'>Compartir en Twitter<\/span><\/a><\/li><li class='av-share-link av-social-link-whatsapp' ><a target=\"_blank\" aria-label=\"Compartir en Whatsapp\" href='https:\/\/api.whatsapp.com\/send?text=https:\/\/radiorevelacionfm.cl\/?p=39115' aria-hidden='false' data-av_icon='\uf232' data-av_iconfont='entypo-fontello' title='' data-avia-related-tooltip='Compartir en Whatsapp' rel=\"noopener\"><span class='avia_hidden_link_text'>Compartir en Whatsapp<\/span><\/a><\/li><li class='av-share-link av-social-link-linkedin' ><a target=\"_blank\" aria-label=\"Compartir en LinkedIn\" href='https:\/\/linkedin.com\/shareArticle?mini=true&#038;title=Marcia%20Raphael%20destaca%20despacho%20a%20ley%20de%20proyecto%20que%20establece%20el%20olvido%20oncol%C3%B3gico%3A%20%E2%80%9CEs%20el%20primer%20paso%20para%20acabar%20con%20las%20discriminaciones%20financieras%20a%20pacientes%20que%20con%20esfuerzo%20han%20superado%20esta%20enfermedad%E2%80%9D&#038;url=https:\/\/radiorevelacionfm.cl\/?p=39115' aria-hidden='false' data-av_icon='\ue8fc' data-av_iconfont='entypo-fontello' title='' data-avia-related-tooltip='Compartir en LinkedIn' rel=\"noopener\"><span class='avia_hidden_link_text'>Compartir en LinkedIn<\/span><\/a><\/li><li class='av-share-link av-social-link-mail' ><a  aria-label=\"Compartir por correo\" href='mailto:?subject=Marcia%20Raphael%20destaca%20despacho%20a%20ley%20de%20proyecto%20que%20establece%20el%20olvido%20oncol%C3%B3gico%3A%20%E2%80%9CEs%20el%20primer%20paso%20para%20acabar%20con%20las%20discriminaciones%20financieras%20a%20pacientes%20que%20con%20esfuerzo%20han%20superado%20esta%20enfermedad%E2%80%9D&#038;body=https:\/\/radiorevelacionfm.cl\/?p=39115' aria-hidden='false' data-av_icon='\ue805' data-av_iconfont='entypo-fontello' title='' data-avia-related-tooltip='Compartir por correo'><span class='avia_hidden_link_text'>Compartir por correo<\/span><\/a><\/li><\/ul><\/div><\/div>\n<div  style='height:50px' class='hr hr-invisible   avia-builder-el-8  el_after_av_social_share  el_before_av_comments_list '><span class='hr-inner ' ><span class='hr-inner-style'><\/span><\/span><\/div>\n<div  class='av-buildercomment  av-blog-meta-html-info-disabled av-blog-meta-tag-disabled  '><\/div>\n","protected":false},"excerpt":{"rendered":"","protected":false},"author":1,"featured_media":30925,"comment_status":"open","ping_status":"open","sticky":false,"template":"","format":"standard","meta":{"footnotes":""},"categories":[35],"tags":[],"class_list":["post-39115","post","type-post","status-publish","format-standard","has-post-thumbnail","hentry","category-politica"],"jetpack_featured_media_url":"https:\/\/radiorevelacionfm.cl\/wp-content\/uploads\/2023\/05\/Foto-mrm-nota-agricultura-1-1.jpeg","_links":{"self":[{"href":"https:\/\/radiorevelacionfm.cl\/index.php?rest_route=\/wp\/v2\/posts\/39115","targetHints":{"allow":["GET"]}}],"collection":[{"href":"https:\/\/radiorevelacionfm.cl\/index.php?rest_route=\/wp\/v2\/posts"}],"about":[{"href":"https:\/\/radiorevelacionfm.cl\/index.php?rest_route=\/wp\/v2\/types\/post"}],"author":[{"embeddable":true,"href":"https:\/\/radiorevelacionfm.cl\/index.php?rest_route=\/wp\/v2\/users\/1"}],"replies":[{"embeddable":true,"href":"https:\/\/radiorevelacionfm.cl\/index.php?rest_route=%2Fwp%2Fv2%2Fcomments&post=39115"}],"version-history":[{"count":1,"href":"https:\/\/radiorevelacionfm.cl\/index.php?rest_route=\/wp\/v2\/posts\/39115\/revisions"}],"predecessor-version":[{"id":39116,"href":"https:\/\/radiorevelacionfm.cl\/index.php?rest_route=\/wp\/v2\/posts\/39115\/revisions\/39116"}],"wp:featuredmedia":[{"embeddable":true,"href":"https:\/\/radiorevelacionfm.cl\/index.php?rest_route=\/wp\/v2\/media\/30925"}],"wp:attachment":[{"href":"https:\/\/radiorevelacionfm.cl\/index.php?rest_route=%2Fwp%2Fv2%2Fmedia&parent=39115"}],"wp:term":[{"taxonomy":"category","embeddable":true,"href":"https:\/\/radiorevelacionfm.cl\/index.php?rest_route=%2Fwp%2Fv2%2Fcategories&post=39115"},{"taxonomy":"post_tag","embeddable":true,"href":"https:\/\/radiorevelacionfm.cl\/index.php?rest_route=%2Fwp%2Fv2%2Ftags&post=39115"}],"curies":[{"name":"wp","href":"https:\/\/api.w.org\/{rel}","templated":true}]}}