{"id":39112,"date":"2024-01-23T18:04:01","date_gmt":"2024-01-23T21:04:01","guid":{"rendered":"https:\/\/radiorevelacionfm.cl\/?p=39112"},"modified":"2024-01-23T18:04:01","modified_gmt":"2024-01-23T21:04:01","slug":"mastologa-se-suma-a-la-unidad-de-patologia-mamaria-del-hospital-regional-coyhaique","status":"publish","type":"post","link":"https:\/\/radiorevelacionfm.cl\/?p=39112","title":{"rendered":"Mast\u00f3loga se suma a la Unidad de Patolog\u00eda Mamaria del Hospital Regional Coyhaique"},"content":{"rendered":"<div class=\"flex_column av_one_full  flex_column_div av-zero-column-padding first  avia-builder-el-0  el_before_av_one_full  avia-builder-el-first  \" style='border-radius:0px; '><div  class='avia-image-container  av-styling-    avia-builder-el-1  avia-builder-el-no-sibling  avia-align-center '  itemprop=\"image\" itemscope=\"itemscope\" itemtype=\"https:\/\/schema.org\/ImageObject\"  ><div class='avia-image-container-inner'><div class='avia-image-overlay-wrap'><img decoding=\"async\" class='wp-image-39113 avia-img-lazy-loading-not-39113 avia_image' src=\"https:\/\/radiorevelacionfm.cl\/wp-content\/uploads\/2024\/01\/20240122_111338-1-1.jpg\" alt='' title='20240122_111338 (1) (1)' height=\"600\" width=\"803\"  itemprop=\"thumbnailUrl\" srcset=\"https:\/\/radiorevelacionfm.cl\/wp-content\/uploads\/2024\/01\/20240122_111338-1-1.jpg 803w, https:\/\/radiorevelacionfm.cl\/wp-content\/uploads\/2024\/01\/20240122_111338-1-1-300x224.jpg 300w, https:\/\/radiorevelacionfm.cl\/wp-content\/uploads\/2024\/01\/20240122_111338-1-1-768x574.jpg 768w, https:\/\/radiorevelacionfm.cl\/wp-content\/uploads\/2024\/01\/20240122_111338-1-1-705x527.jpg 705w, https:\/\/radiorevelacionfm.cl\/wp-content\/uploads\/2024\/01\/20240122_111338-1-1-450x336.jpg 450w, https:\/\/radiorevelacionfm.cl\/wp-content\/uploads\/2024\/01\/20240122_111338-1-1-600x448.jpg 600w\" sizes=\"(max-width: 803px) 100vw, 803px\" \/><\/div><\/div><\/div><\/div><div class=\"flex_column av_one_full  flex_column_div av-zero-column-padding first  avia-builder-el-2  el_after_av_one_full  el_before_av_one_full  column-top-margin\" style='border-radius:0px; '><section class=\"av_textblock_section \"  itemscope=\"itemscope\" itemtype=\"https:\/\/schema.org\/BlogPosting\" itemprop=\"blogPost\" ><div class='avia_textblock  '   itemprop=\"text\" ><p style=\"text-align: center;\"><span style=\"font-size: 18pt;\"><strong>Mast\u00f3loga se suma a la Unidad de Patolog\u00eda Mamaria del Hospital Regional Coyhaique<\/strong><\/span><\/p>\n<div id=\"gtx-trans\" style=\"position: absolute; left: -50px; top: 4.31534px;\">\n<div class=\"gtx-trans-icon\"><\/div>\n<\/div>\n<\/div><\/section><\/div><div class=\"flex_column av_one_full  flex_column_div av-zero-column-padding first  avia-builder-el-4  el_after_av_one_full  el_before_av_hr  column-top-margin\" style='border-radius:0px; '><section class=\"av_textblock_section \"  itemscope=\"itemscope\" itemtype=\"https:\/\/schema.org\/BlogPosting\" itemprop=\"blogPost\" ><div class='avia_textblock  '   itemprop=\"text\" ><p style=\"text-align: justify;\"><em>Desde el a\u00f1o 2012 al 2022 se han diagnosticado 250 casos nuevos de c\u00e1ncer de mama en la regi\u00f3n. S\u00f3lo el 2023 se diagnosticaron un total de 40 casos.<\/em><\/p>\n<p style=\"text-align: justify;\">La Unidad de Patolog\u00eda Mamaria del Hospital Regional Coyhaique (HRC) sum\u00f3 a Dayana Astorga, cirujana especialista en mastolog\u00eda, que regresa al establecimiento luego de lograr la especialidad y a devolver el Periodo Asistencial Obligatorio (PAO), fortaleciendo as\u00ed el equipo humano y la entrega de prestaciones con un alto est\u00e1ndar de calidad y de oportunidad.<\/p>\n<p style=\"text-align: justify;\">Con esta incorporaci\u00f3n la Unidad de Patolog\u00eda Mamaria del HRC aumenta su resolutividad, en un \u00e1rea que es especialmente sensible dado que el c\u00e1ncer de mama es el tipo de c\u00e1ncer que m\u00e1s afecta a las mujeres y que causa m\u00e1s muertes, motivo por el cual desde esta unidad no s\u00f3lo se har\u00e1 hincapi\u00e9 en la importancia del diagn\u00f3stico precoz a trav\u00e9s de la realizaci\u00f3n de mamograf\u00edas anuales, sobre todo en la poblaci\u00f3n de riesgo que comprende a las personas de entre 40 y 70 a\u00f1os de edad.<\/p>\n<p style=\"text-align: justify;\">Sobre su llegada y el rol que tendr\u00e1 en la Unidad de Patolog\u00eda Mamaria, la Dra. Astorga, se\u00f1al\u00f3 sobre la especialidad que \u201cla mastolog\u00eda es una subespecialidad muy importante, ya que con ella podemos tratar todos los problemas que hay en la mama, no solamente en la parte del c\u00e1ncer, sino que tambi\u00e9n la parte benigna, para todas aquellas pacientes que necesitan controles por\u00a0 n\u00f3dulos benignos, mastitis y otras. Pero obvio, lo m\u00e1s importante, es el c\u00e1ncer de mama y sobre todo dar un buen diagn\u00f3stico, una buena cirug\u00eda, un buen control post operatorio. Eso es lo que venimos a hacer\u201d.<\/p>\n<p style=\"text-align: justify;\">Por su parte, el Dr. Pedro Pablo Pinto, jefe de la Unidad de Patolog\u00eda Mamaria y subdirector m\u00e9dico del HRC, destac\u00f3 su incorporaci\u00f3n ya que se viene trabajando hace bastante para ir complementando y aumentando la resolutividad en el tratamiento, de patolog\u00edas benignas y malignas, poniendo \u00e9nfasis en la prevenci\u00f3n y en poder dar respuestas m\u00e1s inmediatas y certeras en caso de malignidad \u201ces una patolog\u00eda que causa enormes problemas en la mujer, especialmente el c\u00e1ncer de mama. Todo lo que sea la detecci\u00f3n y el diagn\u00f3stico precoz va a ayudar a que esta mortalidad vaya disminuyendo\u201d.<\/p>\n<p style=\"text-align: justify;\">Sobre el acceso a las interconsultas a la Unidad de Patolog\u00eda Mamaria, la matrona Katherine Ram\u00edrez, precis\u00f3 que se realiza a trav\u00e9s de los establecimientos de Atenci\u00f3n Primaria de Salud desplegados en toda la regi\u00f3n \u201ca trav\u00e9s de una derivaci\u00f3n interna. Estas interconsultas pueden ser GES o No GES. Las GES ingresan directamente, cuya hora es reservada para estas patolog\u00edas y las dem\u00e1s ingresan a la lista de espera donde pasan por un profesional priorizador que son las doctoras de la Unidad y se asignan de acuerdo a la prioridad de las patolog\u00edas\u201d.<\/p>\n<p style=\"text-align: justify;\"><strong>Detecci\u00f3n Temprana del C\u00e1ncer de Mama<\/strong><\/p>\n<p style=\"text-align: justify;\">Respecto a la detecci\u00f3n temprana del c\u00e1ncer de mama y de c\u00f3mo aumenta la resolutividad del establecimiento con la incorporaci\u00f3n de la profesional mast\u00f3loga, el subdirector m\u00e9dico del HRC se refiri\u00f3 tambi\u00e9n al nuevo mam\u00f3grafo del Servicio de Imagenolog\u00eda que incorporar\u00e1 la biopsia estereot\u00e1xica, examen que no se realizaba localmente y por el que s\u00f3lo el a\u00f1o pasado tuvieron que viajar a Talcahuano a realiz\u00e1rselo un total de 22 mujeres, que precisa \u201ces un gran avance porque eso va a permitir hacer estas terapias en la regi\u00f3n sin que tengan que abandonar a su n\u00facleo familiar, por lo que es un avance important\u00edsimo\u201d.<\/p>\n<p style=\"text-align: justify;\">El diagn\u00f3stico en estadios tempranos ha variado desde un 22.4% en el a\u00f1o 2012 al 50% en el a\u00f1o 2022, reafirmando la detecci\u00f3n en la red asistencial aysenina, es lo que detalla la Dra. Astorga \u201ctenemos distintos mam\u00f3grafos en la regi\u00f3n, hay en Chile Chico, Cochrane, Puerto Ays\u00e9n y el mam\u00f3grafo m\u00f3vil, lo que nos ayuda al screening del c\u00e1ncer de mama, por lo que las pacientes no tienen que trasladarse a Coyhaique para poder realizarse la mamograf\u00eda, y con esto lo detectar\u00edamos de manera precoz, ayudando a toda la poblaci\u00f3n\u201d.<\/p>\n<p style=\"text-align: justify;\">En la actualidad, el equipo de la Unidad de Patolog\u00eda Mamar\u00eda est\u00e1 conformado por el Dr. Pedro Pablo Pinto, m\u00e9dico jefe; las cirujanas Dayana Astorga, Yannina Ageno y Mar\u00eda Fernanda Vidaurre, adem\u00e1s de las matronas Katherine Ram\u00edrez y Alejandra Valdebenito.<\/p>\n<\/div><\/section><\/div><div  style='height:50px' class='hr hr-invisible   avia-builder-el-6  el_after_av_one_full  el_before_av_social_share '><span class='hr-inner ' ><span class='hr-inner-style'><\/span><\/span><\/div><\/p>\n<div  class='av-social-sharing-box  avia-builder-el-7  el_after_av_hr  el_before_av_hr  '><div class='av-share-box'><h5 class='av-share-link-description av-no-toc '>Compartir esta noticia<\/h5><ul class='av-share-box-list noLightbox'><li class='av-share-link av-social-link-facebook' ><a target=\"_blank\" aria-label=\"Compartir en Facebook\" href='https:\/\/www.facebook.com\/sharer.php?u=https:\/\/radiorevelacionfm.cl\/?p=39112&#038;t=Mast%C3%B3loga%20se%20suma%20a%20la%20Unidad%20de%20Patolog%C3%ADa%20Mamaria%20del%20Hospital%20Regional%20Coyhaique' aria-hidden='false' data-av_icon='\ue8f3' data-av_iconfont='entypo-fontello' title='' data-avia-related-tooltip='Compartir en Facebook' rel=\"noopener\"><span class='avia_hidden_link_text'>Compartir en Facebook<\/span><\/a><\/li><li class='av-share-link av-social-link-twitter' ><a target=\"_blank\" aria-label=\"Compartir en Twitter\" href='https:\/\/twitter.com\/share?text=Mast%C3%B3loga%20se%20suma%20a%20la%20Unidad%20de%20Patolog%C3%ADa%20Mamaria%20del%20Hospital%20Regional%20Coyhaique&#038;url=https:\/\/radiorevelacionfm.cl\/?p=39112' aria-hidden='false' data-av_icon='\ue8f1' data-av_iconfont='entypo-fontello' title='' data-avia-related-tooltip='Compartir en Twitter' rel=\"noopener\"><span class='avia_hidden_link_text'>Compartir en Twitter<\/span><\/a><\/li><li class='av-share-link av-social-link-whatsapp' ><a target=\"_blank\" aria-label=\"Compartir en Whatsapp\" href='https:\/\/api.whatsapp.com\/send?text=https:\/\/radiorevelacionfm.cl\/?p=39112' aria-hidden='false' data-av_icon='\uf232' data-av_iconfont='entypo-fontello' title='' data-avia-related-tooltip='Compartir en Whatsapp' rel=\"noopener\"><span class='avia_hidden_link_text'>Compartir en Whatsapp<\/span><\/a><\/li><li class='av-share-link av-social-link-linkedin' ><a target=\"_blank\" aria-label=\"Compartir en LinkedIn\" href='https:\/\/linkedin.com\/shareArticle?mini=true&#038;title=Mast%C3%B3loga%20se%20suma%20a%20la%20Unidad%20de%20Patolog%C3%ADa%20Mamaria%20del%20Hospital%20Regional%20Coyhaique&#038;url=https:\/\/radiorevelacionfm.cl\/?p=39112' aria-hidden='false' data-av_icon='\ue8fc' data-av_iconfont='entypo-fontello' title='' data-avia-related-tooltip='Compartir en LinkedIn' rel=\"noopener\"><span class='avia_hidden_link_text'>Compartir en LinkedIn<\/span><\/a><\/li><li class='av-share-link av-social-link-mail' ><a  aria-label=\"Compartir por correo\" href='mailto:?subject=Mast%C3%B3loga%20se%20suma%20a%20la%20Unidad%20de%20Patolog%C3%ADa%20Mamaria%20del%20Hospital%20Regional%20Coyhaique&#038;body=https:\/\/radiorevelacionfm.cl\/?p=39112' aria-hidden='false' data-av_icon='\ue805' data-av_iconfont='entypo-fontello' title='' data-avia-related-tooltip='Compartir por correo'><span class='avia_hidden_link_text'>Compartir por correo<\/span><\/a><\/li><\/ul><\/div><\/div>\n<div  style='height:50px' class='hr hr-invisible   avia-builder-el-8  el_after_av_social_share  el_before_av_comments_list '><span class='hr-inner ' ><span class='hr-inner-style'><\/span><\/span><\/div>\n<div  class='av-buildercomment  av-blog-meta-html-info-disabled av-blog-meta-tag-disabled  '><\/div>\n","protected":false},"excerpt":{"rendered":"","protected":false},"author":1,"featured_media":39113,"comment_status":"open","ping_status":"open","sticky":false,"template":"","format":"standard","meta":{"footnotes":""},"categories":[46],"tags":[],"class_list":["post-39112","post","type-post","status-publish","format-standard","has-post-thumbnail","hentry","category-salud"],"jetpack_featured_media_url":"https:\/\/radiorevelacionfm.cl\/wp-content\/uploads\/2024\/01\/20240122_111338-1-1.jpg","_links":{"self":[{"href":"https:\/\/radiorevelacionfm.cl\/index.php?rest_route=\/wp\/v2\/posts\/39112","targetHints":{"allow":["GET"]}}],"collection":[{"href":"https:\/\/radiorevelacionfm.cl\/index.php?rest_route=\/wp\/v2\/posts"}],"about":[{"href":"https:\/\/radiorevelacionfm.cl\/index.php?rest_route=\/wp\/v2\/types\/post"}],"author":[{"embeddable":true,"href":"https:\/\/radiorevelacionfm.cl\/index.php?rest_route=\/wp\/v2\/users\/1"}],"replies":[{"embeddable":true,"href":"https:\/\/radiorevelacionfm.cl\/index.php?rest_route=%2Fwp%2Fv2%2Fcomments&post=39112"}],"version-history":[{"count":1,"href":"https:\/\/radiorevelacionfm.cl\/index.php?rest_route=\/wp\/v2\/posts\/39112\/revisions"}],"predecessor-version":[{"id":39114,"href":"https:\/\/radiorevelacionfm.cl\/index.php?rest_route=\/wp\/v2\/posts\/39112\/revisions\/39114"}],"wp:featuredmedia":[{"embeddable":true,"href":"https:\/\/radiorevelacionfm.cl\/index.php?rest_route=\/wp\/v2\/media\/39113"}],"wp:attachment":[{"href":"https:\/\/radiorevelacionfm.cl\/index.php?rest_route=%2Fwp%2Fv2%2Fmedia&parent=39112"}],"wp:term":[{"taxonomy":"category","embeddable":true,"href":"https:\/\/radiorevelacionfm.cl\/index.php?rest_route=%2Fwp%2Fv2%2Fcategories&post=39112"},{"taxonomy":"post_tag","embeddable":true,"href":"https:\/\/radiorevelacionfm.cl\/index.php?rest_route=%2Fwp%2Fv2%2Ftags&post=39112"}],"curies":[{"name":"wp","href":"https:\/\/api.w.org\/{rel}","templated":true}]}}